{"id":209713,"date":"2025-06-28T01:10:11","date_gmt":"2025-06-28T01:10:11","guid":{"rendered":"https:\/\/www.europesays.com\/fr\/209713\/"},"modified":"2025-06-28T01:10:11","modified_gmt":"2025-06-28T01:10:11","slug":"didier-lestrade-les-memoires-sales-du-daddy-de-la-generation-sida-liberation","status":"publish","type":"post","link":"https:\/\/www.europesays.com\/fr\/209713\/","title":{"rendered":"Didier Lestrade, les m\u00e9moires sal\u00e9s du daddy de la g\u00e9n\u00e9ration sida \u2013 Lib\u00e9ration"},"content":{"rendered":"<p class=\"sc-ksZaOG ehjQrN text-element\">\u00abJ\u2019esp\u00e8re d\u00e9c\u00e9der autour de mes soixante-dix ans car je n\u2019ai pas particuli\u00e8rement envie de me voir vieillir au-del\u00e0 d\u2019un certain \u00e2ge et si j\u2019ai pass\u00e9 ma vie en tant que s\u00e9ropositif, je n\u2019accepterai pas de maladie grave \u00e0 la fin.\u00bb Cette date butoir, annonc\u00e9e au milieu de ses M\u00e9moires, explique pourquoi Didier Lestrade publie ce qu\u2019il annonce comme son \u00abdernier livre\u00bb si jeune, \u00e0 67 ans. Et il pr\u00e9vient : \u00abIl n\u2019y aura pas de f\u00eate avec des idiotes qui diront \u201cDidier aurait voulu qu\u2019on danse pour lui\u201d\u00bb \u00e0 son enterrement.<\/p>\n<p class=\"sc-ksZaOG ehjQrN text-element\">L\u2019ex-journaliste de Lib\u00e9 (de 1985 \u00e0 1999), <a href=\"https:\/\/www.liberation.fr\/france\/2017\/08\/20\/act-up-guerilla-antisida_1590946\/\" target=\"_blank\" rel=\"noreferrer noopener\" title=\"https:\/\/www.liberation.fr\/france\/2017\/08\/20\/act-up-guerilla-antisida_1590946\/\">cofondateur d\u2019Act Up-Paris<\/a>, qui passe une retraite d\u00e9sir\u00e9e en Mayenne et r\u00e9clame son \u00abdroit \u00e0 la tranquillit\u00e9\u00bb, ne cherche toujours pas \u00e0 se faire aimer. Et tant pis si les \u00e9normit\u00e9s qu\u2019il sort en d\u00e9frisent certains. Didier Lestrade dit leurs quatre v\u00e9rit\u00e9s \u00e0 la moiti\u00e9 des gens avec qui il a milit\u00e9 et travaill\u00e9, intimant m\u00eame l\u2019ordre \u00e0 certains de \u00abshut the fuck up\u00bb (\u00abfermer leur gueule\u00bb). Les journalistes de Lib\u00e9 et de T\u00eatu, m\u00e9dia qu\u2019il a cofond\u00e9 en 1995 et qu\u2019il accusait vingt ans plus tard <a href=\"https:\/\/www.liberation.fr\/ecrans\/2015\/07\/23\/tetu-est-devenu-mou-du-cul_1352419\/\" target=\"_blank\" rel=\"noopener\" title=\"https:\/\/www.liberation&lt;\/p&gt;&lt;\/div&gt;&lt;\/article&gt;&lt;\/div&gt;&lt;div data-fusion-lazy-id=\" f0f8vgvlad832fw=\"\"><\/p>\n","protected":false},"excerpt":{"rendered":"\u00abJ\u2019esp\u00e8re d\u00e9c\u00e9der autour de mes soixante-dix ans car je n\u2019ai pas particuli\u00e8rement envie de me voir vieillir au-del\u00e0&hellip;\n","protected":false},"author":2,"featured_media":209714,"comment_status":"","ping_status":"","sticky":false,"template":"","format":"standard","meta":{"footnotes":""},"categories":[10],"tags":[1011,27,72,9087,71,10705],"class_list":{"0":"post-209713","1":"post","2":"type-post","3":"status-publish","4":"format-standard","5":"has-post-thumbnail","7":"category-sante","8":"tag-fr","9":"tag-france","10":"tag-health","11":"tag-lgbt","12":"tag-sante","13":"tag-vih"},"share_on_mastodon":{"url":"https:\/\/pubeurope.com\/@fr\/114758328337508172","error":""},"_links":{"self":[{"href":"https:\/\/www.europesays.com\/fr\/wp-json\/wp\/v2\/posts\/209713","targetHints":{"allow":["GET"]}}],"collection":[{"href":"https:\/\/www.europesays.com\/fr\/wp-json\/wp\/v2\/posts"}],"about":[{"href":"https:\/\/www.europesays.com\/fr\/wp-json\/wp\/v2\/types\/post"}],"author":[{"embeddable":true,"href":"https:\/\/www.europesays.com\/fr\/wp-json\/wp\/v2\/users\/2"}],"replies":[{"embeddable":true,"href":"https:\/\/www.europesays.com\/fr\/wp-json\/wp\/v2\/comments?post=209713"}],"version-history":[{"count":0,"href":"https:\/\/www.europesays.com\/fr\/wp-json\/wp\/v2\/posts\/209713\/revisions"}],"wp:featuredmedia":[{"embeddable":true,"href":"https:\/\/www.europesays.com\/fr\/wp-json\/wp\/v2\/media\/209714"}],"wp:attachment":[{"href":"https:\/\/www.europesays.com\/fr\/wp-json\/wp\/v2\/media?parent=209713"}],"wp:term":[{"taxonomy":"category","embeddable":true,"href":"https:\/\/www.europesays.com\/fr\/wp-json\/wp\/v2\/categories?post=209713"},{"taxonomy":"post_tag","embeddable":true,"href":"https:\/\/www.europesays.com\/fr\/wp-json\/wp\/v2\/tags?post=209713"}],"curies":[{"name":"wp","href":"https:\/\/api.w.org\/{rel}","templated":true}]}}