{"id":209715,"date":"2025-06-28T01:11:14","date_gmt":"2025-06-28T01:11:14","guid":{"rendered":"https:\/\/www.europesays.com\/fr\/209715\/"},"modified":"2025-06-28T01:11:14","modified_gmt":"2025-06-28T01:11:14","slug":"max-verstappen-pourrait-remplacer-george-russell-chez-mercedes","status":"publish","type":"post","link":"https:\/\/www.europesays.com\/fr\/209715\/","title":{"rendered":"Max Verstappen pourrait remplacer George Russell chez Mercedes"},"content":{"rendered":"<p itemprop=\"description\">Jacques Villeneuve s\u2019est exprim\u00e9 sans<br \/>\nd\u00e9tour sur la situation contractuelle de George Russell chez<br \/>\nMercedes, alors que Toto Wolff continue de lorgner sur Max<br \/>\nVerstappen pour 2026.<\/p>\n<p data-start=\"556\" data-end=\"1063\">George Russell peut se vanter<br \/>\nd\u2019avoir sign\u00e9 une victoire importante \u00e0 Montr\u00e9al cette saison, cela<br \/>\nne suffit pas \u00e0 rassurer Jacques Villeneuve. \u00c0 l\u2019approche du<br \/>\n<a href=\"https:\/\/f1i.autojournal.fr\/infos\/saison-f1-2025\/programme-tv-horaires-grand-prix-autriche-f1-2025-red-bull-ring\/\" target=\"_blank\" rel=\"noopener\"><br \/>\nGrand Prix d\u2019Autriche<\/a>, le pilote Mercedes reste sans contrat<br \/>\npour 2026.<\/p>\n<p data-start=\"556\" data-end=\"1063\">Bien qu\u2019il ait prouv\u00e9 sa<br \/>\nvitesse et son engagement depuis son arriv\u00e9e dans l\u2019\u00e9curie<br \/>\nallemande, Mercedes ne lui a pas encore propos\u00e9 de prolongation. En<br \/>\nparall\u00e8le, <a href=\"https:\/\/f1i.autojournal.fr\/infos\/mercato-f1\/george-russell-en-danger-toto-wolff-ouvre-grand-la-porte-a-max-verstappen\/\" target=\"_blank\" rel=\"noopener\"><br \/>\nToto Wolff maintient le suspense en laissant entendre qu\u2019il est<br \/>\ntoujours en discussions avec Max Verstappen<\/a>.<\/p>\n<p data-start=\"1065\" data-end=\"1272\">Pour Villeneuve, les signaux<br \/>\nsont clairs : \u00ab\u00a0Je ne serais pas du tout \u00e0 l\u2019aise \u00e0 la place de<br \/>\nRussell. Andrea Kimi Antonelli est intouchable, donc s\u2019il n\u2019y a<br \/>\nqu\u2019un seul baquet libre, ce sera celui de Russell.\u00a0\u00bb<\/p>\n<p>Verstappen prendrait la place<br \/>\nde Russell, pas celle d\u2019Antonelli<\/p>\n<p data-start=\"1343\" data-end=\"1666\">L\u2019ancien pilote canadien ne<br \/>\ncroit pas un instant \u00e0 l\u2019hypoth\u00e8se d\u2019un duo Verstappen \u2013 Russell.<br \/>\nSelon lui, si Mercedes parvient \u00e0 attirer le quadruple champion du<br \/>\nmonde, c\u2019est Russell qui ferait les frais de cette arriv\u00e9e. \u00ab\u00a0Si<br \/>\nVerstappen signe, c\u2019est dans le baquet de Russell, pas celui<br \/>\nd\u2019Antonelli\u00a0\u00bb\u00a0affirme-t-il avec fermet\u00e9.<\/p>\n<p data-start=\"1668\" data-end=\"1962\">M\u00eame la victoire \u00e0 Montr\u00e9al ne<br \/>\nchange pas la donne selon Villeneuve : \u00ab\u00a0Une seule victoire ne<br \/>\nsuffit pas \u00e0 red\u00e9finir un projet \u00e0 long terme. Mercedes sait d\u00e9j\u00e0<br \/>\nce que vaut Russell, ce qu\u2019il apporte \u2013 ou pas \u2013 au d\u00e9veloppement<br \/>\nde la voiture. Ils n\u2019ont pas besoin d\u2019un coup d\u2019\u00e9clat pour le<br \/>\njuger.\u00a0\u00bb<\/p>\n<p>Un pilote toujours en lice<br \/>\npour le titre mondial<\/p>\n<p data-start=\"2018\" data-end=\"2441\">Pour autant, Villeneuve<br \/>\nreconna\u00eet que Russell reste un pr\u00e9tendant cr\u00e9dible au titre<br \/>\nmondial. Quatri\u00e8me du <a href=\"https:\/\/f1i.autojournal.fr\/classement-f1\/\" target=\"_blank\" rel=\"noopener\">classement F1<\/a> avant<br \/>\nl\u2019Autriche, il accuse 62 points de retard sur Oscar Piastri, mais<br \/>\ntout reste possible selon lui.<\/p>\n<p data-start=\"2018\" data-end=\"2441\">\u00ab\u00a0Il suffit d\u2019une ou deux<br \/>\nerreurs des McLaren pour que tout bascule, explique<br \/>\nVilleneuve. Regardez Norris l\u2019ann\u00e9e derni\u00e8re : il \u00e9tait plus<br \/>\nloin de Verstappen \u00e0 ce stade de la saison, et il a pourtant fini<br \/>\npar jouer le titre.\u00a0\u00bb<\/p>\n<p data-start=\"2443\" data-end=\"2738\">Villeneuve voit d\u2019ailleurs<br \/>\ndans le Red Bull Ring un terrain propice \u00e0 une nouvelle belle<br \/>\nperformance de Russell : \u00ab\u00a0Le circuit autrichien est technique,<br \/>\navec des virages lents et de longues lignes droites, un peu comme<br \/>\nMontr\u00e9al. Si Mercedes est performante ici, Russell peut encore<br \/>\nfrapper fort.\u00a0\u00bb<\/p>\n","protected":false},"excerpt":{"rendered":"Jacques Villeneuve s\u2019est exprim\u00e9 sans d\u00e9tour sur la situation contractuelle de George Russell chez Mercedes, alors que Toto&hellip;\n","protected":false},"author":2,"featured_media":209716,"comment_status":"","ping_status":"","sticky":false,"template":"","format":"standard","meta":{"footnotes":""},"categories":[9],"tags":[1011,27,9124,2236,34881,34882,60,34883],"class_list":{"0":"post-209715","1":"post","2":"type-post","3":"status-publish","4":"format-standard","5":"has-post-thumbnail","7":"category-sports","8":"tag-fr","9":"tag-france","10":"tag-george-russell","11":"tag-max-verstappen","12":"tag-mercato-f1","13":"tag-saison-f1-2026","14":"tag-sports","15":"tag-transferts-f1"},"share_on_mastodon":{"url":"https:\/\/pubeurope.com\/@fr\/114758332153455840","error":""},"_links":{"self":[{"href":"https:\/\/www.europesays.com\/fr\/wp-json\/wp\/v2\/posts\/209715","targetHints":{"allow":["GET"]}}],"collection":[{"href":"https:\/\/www.europesays.com\/fr\/wp-json\/wp\/v2\/posts"}],"about":[{"href":"https:\/\/www.europesays.com\/fr\/wp-json\/wp\/v2\/types\/post"}],"author":[{"embeddable":true,"href":"https:\/\/www.europesays.com\/fr\/wp-json\/wp\/v2\/users\/2"}],"replies":[{"embeddable":true,"href":"https:\/\/www.europesays.com\/fr\/wp-json\/wp\/v2\/comments?post=209715"}],"version-history":[{"count":0,"href":"https:\/\/www.europesays.com\/fr\/wp-json\/wp\/v2\/posts\/209715\/revisions"}],"wp:featuredmedia":[{"embeddable":true,"href":"https:\/\/www.europesays.com\/fr\/wp-json\/wp\/v2\/media\/209716"}],"wp:attachment":[{"href":"https:\/\/www.europesays.com\/fr\/wp-json\/wp\/v2\/media?parent=209715"}],"wp:term":[{"taxonomy":"category","embeddable":true,"href":"https:\/\/www.europesays.com\/fr\/wp-json\/wp\/v2\/categories?post=209715"},{"taxonomy":"post_tag","embeddable":true,"href":"https:\/\/www.europesays.com\/fr\/wp-json\/wp\/v2\/tags?post=209715"}],"curies":[{"name":"wp","href":"https:\/\/api.w.org\/{rel}","templated":true}]}}