{"id":209717,"date":"2025-06-28T01:12:11","date_gmt":"2025-06-28T01:12:11","guid":{"rendered":"https:\/\/www.europesays.com\/fr\/209717\/"},"modified":"2025-06-28T01:12:11","modified_gmt":"2025-06-28T01:12:11","slug":"anne-sophie-lapix-main-dans-la-main-avec-son-mari-arthur-sadoun-lors-de-son-pot-de-depart","status":"publish","type":"post","link":"https:\/\/www.europesays.com\/fr\/209717\/","title":{"rendered":"Anne-Sophie Lapix main dans la main avec son mari Arthur Sadoun lors de son pot de d\u00e9part"},"content":{"rendered":"<p>Apr\u00e8s avoir pr\u00e9sent\u00e9 son dernier journal t\u00e9l\u00e9vis\u00e9 de \u00ab20H\u00bb sur France 2 ce jeudi 26 juin, la journaliste a c\u00e9l\u00e9br\u00e9 son d\u00e9part du service public \u00e0 bord d\u2019une p\u00e9niche parisienne.<\/p>\n<p class=\"fig-paragraph\">La fin a sonn\u00e9 pour la pr\u00e9sentatrice du \u00ab20H\u00bb de France 2.\u00a0<a href=\"http:\/\/www.lefigaro.fr\/medias\/evincee-du-20-heures-de-france-2-anne-sophie-lapix-rebondit-chez-le-groupe-m6-20250616\" target=\"_blank\" data-fig-type=\"NewsFlash\" rel=\"noopener\" data-gtm-custom-categorie=\"navigation\" data-gtm-custom-action=\"crossclick\" data-gtm-custom-label=\"Contextuel\" data-gtm-event=\"customEventSPE\" data-fig-domain=\"LEFIGARO\"><strong>Anne-Sophie Lapix<\/strong><\/a> \u00a0a men\u00e9 son dernier journal t\u00e9l\u00e9vis\u00e9 pour le service public ce jeudi 26 juin avant son d\u00e9part pour le groupe M6. Apr\u00e8s huit ans \u00e0 la t\u00eate des actualit\u00e9s du soir de France 2, Anne-Sophie Lapix a \u00e9t\u00e9 \u00e9vinc\u00e9e au profit de\u00a0<a href=\"http:\/\/tvmag.lefigaro.fr\/programme-tv\/actu-tele\/j-avais-besoin-de-relever-de-nouveaux-defis-lea-salame-explique-pourquoi-elle-a-accepte-de-presenter-le-20-heures-de-france-2-20250622\" target=\"_blank\" data-fig-type=\"Article\" rel=\"noopener\" data-gtm-custom-categorie=\"navigation\" data-gtm-custom-action=\"crossclick\" data-gtm-custom-label=\"Contextuel\" data-gtm-event=\"customEventSPE\" data-fig-domain=\"TVMAG\">L\u00e9a Salam\u00e9<\/a>. La femme de 53 ans lui a d\u2019ailleurs adress\u00e9 un message en conclusion\u00a0: \u00abJe souhaite bonne chance \u00e0 L\u00e9a Salam\u00e9 qui pr\u00e9sentera ce journal \u00e0 la rentr\u00e9e et qui est \u00e0 la fois tr\u00e8s talentueuse, tr\u00e8s forte et tr\u00e8s chaleureuse.\u00bb<\/p>\n<p class=\"fig-paragraph\">\u00abL\u2019\u00e9l\u00e9gance absolue dans le d\u00e9part. Merci Anne-Sophie d\u2019avoir port\u00e9 notre travail\u00bb, a t\u00e9moign\u00e9 Maryse Burgot qui lui a \u00e9galement rendu hommage quelques minutes plus t\u00f4t sur le plateau du journal t\u00e9l\u00e9vis\u00e9. Et elle n\u2019\u00e9tait pas la seule pr\u00e9sente pour saluer leur d\u00e9sormais ancienne coll\u00e8gue.\u00a0<a href=\"http:\/\/tvmag.lefigaro.fr\/programme-tv\/actu-tele\/talent-rigueur-bonne-humeur-elegance-julian-bugier-rend-un-vibrant-hommage-a-anne-sophie-lapix-20250626\" target=\"_blank\" data-fig-type=\"Article\" rel=\"noopener\" data-gtm-custom-categorie=\"navigation\" data-gtm-custom-action=\"crossclick\" data-gtm-custom-label=\"Contextuel\" data-gtm-event=\"customEventSPE\" data-fig-domain=\"TVMAG\">Julian Bugier<\/a>, son homologue du \u00ab13H\u00bb a partag\u00e9 un selfie pris sur le vif avec la mention\u00a0: \u00abMerci\u00bb, accompagn\u00e9 de trois c\u0153urs. Le plateau comptait \u00e9galement le journaliste Laurent Delahousse. Le\u00efla Kaddour a quant \u00e0 elle opt\u00e9 pour un clin d\u2019\u0153il humoristique. \u00abM\u00eame Anna Wintour te copie, c\u2019est dire&#8230;\u00bb, a-t-elle lanc\u00e9 en joignant \u00e0 sa plaisanterie une publication annon\u00e7ant le retrait de la papesse de la mode du magazine Vogue.<\/p>\n<p class=\"fig-body-link\">\n            \u00c0 lire aussi<br \/>\n        <a class=\"fig-body-link__link\" href=\"http:\/\/tvmag.lefigaro.fr\/programme-tv\/actu-tele\/c-est-le-moment-pour-moi-de-dire-merci-les-adieux-d-anne-sophie-lapix-au-20-heures-de-france-2-20250626\" target=\"_blank\" data-fig-type=\"Article\" rel=\"noopener\" data-gtm-custom-categorie=\"navigation\" data-gtm-custom-action=\"crossclick\" data-gtm-custom-label=\"Contextuel\" data-gtm-event=\"customEventSPE\" data-fig-domain=\"TVMAG\">\u00abC\u2019est le moment pour moi de dire merci\u00bb\u00a0: les adieux d\u2019Anne-Sophie Lapix au \u00ab20 Heures\u00bb de France 2<br \/>\n    <\/a>\n<\/p>\n<p class=\"fig-paragraph\">Apr\u00e8s des adieux devant la cam\u00e9ra et sur le plateau, Anne-Sophie Lapix a pris le parti de r\u00e9unir ses coll\u00e8gues et proches autour d\u2019un verre sur une p\u00e9niche parisienne. \u00abMerci pour la f\u00eate et le dancefloor enflamm\u00e9\u00bb, a \u00e9crit Maryse Burgot avant de partager un clich\u00e9 de la journaliste accompagn\u00e9e de son \u00e9poux. V\u00eatue d\u2019un costume blanc, Anne-Sophie Lapix est apparue tout sourire main dans la main aux c\u00f4t\u00e9s d\u2019Arthur Sadoun.<\/p>\n<p class=\"fig-paragraph\">Et surprise\u00a0! L\u2019un de ses nouveaux coll\u00e8gues \u00e9tait lui aussi de la partie. Le journaliste de la matinale de RTL,\u00a0<a href=\"http:\/\/tvmag.lefigaro.fr\/programme-tv\/actu-tele\/depart-d-anne-sophie-lapix-thomas-sotto-vante-une-consoeur-rigoureuse-integre-et-elegante-20250528\" target=\"_blank\" data-fig-type=\"Article\" rel=\"noopener\" data-gtm-custom-categorie=\"navigation\" data-gtm-custom-action=\"crossclick\" data-gtm-custom-label=\"Contextuel\" data-gtm-event=\"customEventSPE\" data-fig-domain=\"TVMAG\">Thomas Sotto<\/a>, a d\u00e9barqu\u00e9 valise aux couleurs de la cha\u00eene en main. Il avait \u00e9galement tout un attirail d\u2019accessoires pour sa cons\u0153ur dont une casquette rouge logot\u00e9 \u00abRTL\u00bb. Si cette f\u00eate devait cl\u00f4turer son aventure sur le service public, elle a \u00e9galement sign\u00e9 son arriv\u00e9e dans le groupe M6.<\/p>\n","protected":false},"excerpt":{"rendered":"Apr\u00e8s avoir pr\u00e9sent\u00e9 son dernier journal t\u00e9l\u00e9vis\u00e9 de \u00ab20H\u00bb sur France 2 ce jeudi 26 juin, la journaliste&hellip;\n","protected":false},"author":2,"featured_media":209718,"comment_status":"","ping_status":"","sticky":false,"template":"","format":"standard","meta":{"footnotes":""},"categories":[8],"tags":[976,21313,1000,58,59,1011,27,1714,1718,1713,973,1717,1715,1716],"class_list":{"0":"post-209717","1":"post","2":"type-post","3":"status-publish","4":"format-standard","5":"has-post-thumbnail","7":"category-divertissement","8":"tag-actu-people","9":"tag-anne-sophie-lapix","10":"tag-celebrites","11":"tag-divertissement","12":"tag-entertainment","13":"tag-fr","14":"tag-france","15":"tag-info-people","16":"tag-infos-people-du-jour","17":"tag-news-people","18":"tag-people","19":"tag-photo-people","20":"tag-potins-de-stars","21":"tag-potins-people"},"share_on_mastodon":{"url":"https:\/\/pubeurope.com\/@fr\/114758336325510418","error":""},"_links":{"self":[{"href":"https:\/\/www.europesays.com\/fr\/wp-json\/wp\/v2\/posts\/209717","targetHints":{"allow":["GET"]}}],"collection":[{"href":"https:\/\/www.europesays.com\/fr\/wp-json\/wp\/v2\/posts"}],"about":[{"href":"https:\/\/www.europesays.com\/fr\/wp-json\/wp\/v2\/types\/post"}],"author":[{"embeddable":true,"href":"https:\/\/www.europesays.com\/fr\/wp-json\/wp\/v2\/users\/2"}],"replies":[{"embeddable":true,"href":"https:\/\/www.europesays.com\/fr\/wp-json\/wp\/v2\/comments?post=209717"}],"version-history":[{"count":0,"href":"https:\/\/www.europesays.com\/fr\/wp-json\/wp\/v2\/posts\/209717\/revisions"}],"wp:featuredmedia":[{"embeddable":true,"href":"https:\/\/www.europesays.com\/fr\/wp-json\/wp\/v2\/media\/209718"}],"wp:attachment":[{"href":"https:\/\/www.europesays.com\/fr\/wp-json\/wp\/v2\/media?parent=209717"}],"wp:term":[{"taxonomy":"category","embeddable":true,"href":"https:\/\/www.europesays.com\/fr\/wp-json\/wp\/v2\/categories?post=209717"},{"taxonomy":"post_tag","embeddable":true,"href":"https:\/\/www.europesays.com\/fr\/wp-json\/wp\/v2\/tags?post=209717"}],"curies":[{"name":"wp","href":"https:\/\/api.w.org\/{rel}","templated":true}]}}