{"id":209721,"date":"2025-06-28T01:14:11","date_gmt":"2025-06-28T01:14:11","guid":{"rendered":"https:\/\/www.europesays.com\/fr\/209721\/"},"modified":"2025-06-28T01:14:11","modified_gmt":"2025-06-28T01:14:11","slug":"vexe-par-une-taxe-sur-les-services-numeriques-trump-met-fin-aux-negociations-commerciales-avec-le-canada","status":"publish","type":"post","link":"https:\/\/www.europesays.com\/fr\/209721\/","title":{"rendered":"Vex\u00e9 par une taxe sur les services num\u00e9riques, Trump met fin aux n\u00e9gociations commerciales avec le Canada"},"content":{"rendered":"<p>Une \u00ab\u00a0taxe scandaleuse\u00a0\u00bb, <a href=\"https:\/\/www.20minutes.fr\/dossier\/donald_trump\" class=\"color-ultramarine c-link\" target=\"_blank\" rel=\"noopener\">Donald Trump<\/a> est de mauvaise humeur, et ce vendredi, ce sont les Canadiens qui en font les frais. Le pr\u00e9sident am\u00e9ricain a annonc\u00e9 la rupture \u00ab\u00a0imm\u00e9diate\u00a0\u00bb de \u00ab\u00a0TOUTES les discussions commerciales\u00a0\u00bb avec le Canada.<\/p>\n<p>Il r\u00e9agit \u00e0 l\u2019entr\u00e9e en vigueur imminente d\u2019une taxe sur les services num\u00e9riques, mise en place par Ottawa. Un \u00ab\u00a0coup direct et \u00e9vident\u00a0\u00bb port\u00e9 aux <a href=\"https:\/\/www.20minutes.fr\/monde\/etats-unis\/\" class=\"color-ultramarine c-link\" target=\"_blank\" rel=\"noopener\">Etats-Unis<\/a>, selon lui.<\/p>\n<\/p>\n<p>\u00ab\u00a0En raison de cette taxe scandaleuse, nous mettons fin \u00e0 TOUTES les discussions commerciales avec le Canada, avec effet imm\u00e9diat\u00a0\u00bb, a-t-il \u00e9crit sur sa plateforme <a href=\"https:\/\/truthsocial.com\/@realDonaldTrump\/114756567645919781\" rel=\"nofollow noopener\" target=\"_blank\" class=\"color-ultramarine c-link\">Truth Social<\/a>. \u00ab\u00a0Nous indiquerons au Canada dans les sept jours les droits de douane qu\u2019ils devront payer pour faire des affaires avec les \u00c9tats-Unis d\u2019Am\u00e9rique\u00a0\u00bb, a-t-il pr\u00e9cis\u00e9.<\/p>\n<p><img decoding=\"async\" alt=\"Toutes les n\u00e9gociations commerciales avec le Canada sont suspendues, et cette d\u00e9cision est effective imm\u00e9diatement, annonce le Pr\u00e9sident Trump sur son r\u00e9seau social, Truth.\" class=\"c-img\" loading=\"lazy\" fetchpriority=\"auto\" width=\"718\"  src=\"https:\/\/img.20mn.fr\/lMDNyEYoQEyjEzRBgGMVxik\/718x0\" \/>Toutes les n\u00e9gociations commerciales avec le Canada sont suspendues, et cette d\u00e9cision est effective imm\u00e9diatement, annonce le Pr\u00e9sident Trump sur son r\u00e9seau social, Truth.\u2002-\u00a0Donald Trump\/Truth SocialUne taxe qui cible les g\u00e9ants am\u00e9ricains de la tech<\/p>\n<p>La taxe canadienne, adopt\u00e9e en\u00a02024, doit commencer \u00e0 \u00eatre collect\u00e9e \u00e0 partir du 30\u00a0juin prochain. Elle concerne les entreprises du num\u00e9rique r\u00e9alisant un chiffre d\u2019affaires mondial annuel sup\u00e9rieur \u00e0 1,1\u00a0milliard de dollars canadiens (environ 750\u00a0millions d\u2019euros), et plus de 20\u00a0millions de revenus g\u00e9n\u00e9r\u00e9s au Canada. Les groupes vis\u00e9s incluent <a href=\"https:\/\/www.20minutes.fr\/high-tech\/google\/\" class=\"color-ultramarine c-link\" target=\"_blank\" rel=\"noopener\">Google<\/a>, <a href=\"https:\/\/www.20minutes.fr\/high-tech\/apple\/\" class=\"color-ultramarine c-link\" target=\"_blank\" rel=\"noopener\">Apple<\/a>, <a href=\"https:\/\/www.20minutes.fr\/high-tech\/meta\/\" class=\"color-ultramarine c-link\" target=\"_blank\" rel=\"noopener\">Meta<\/a>, <a href=\"https:\/\/www.20minutes.fr\/high-tech\/amazon\/\" class=\"color-ultramarine c-link\" target=\"_blank\" rel=\"noopener\">Amazon<\/a> ou encore <a href=\"https:\/\/www.20minutes.fr\/high-tech\/microsoft\/\" class=\"color-ultramarine c-link\" target=\"_blank\" rel=\"noopener\">Microsoft<\/a>, accus\u00e9s d\u2019\u00e9chapper \u00e0 l\u2019imp\u00f4t via la nature immat\u00e9rielle de leurs services.<\/p>\n<p>Ottawa justifie cette mesure par l\u2019absence d\u2019un cadre fiscal international sur les g\u00e9ants du num\u00e9rique. La taxe est pr\u00e9sent\u00e9e comme provisoire, en attendant l\u2019issue des n\u00e9gociations men\u00e9es sous l\u2019\u00e9gide de l\u2019<a href=\"https:\/\/www.20minutes.fr\/economie\/ocde\/\" class=\"color-ultramarine c-link\" target=\"_blank\" rel=\"noopener\">OCDE<\/a> pour harmoniser la fiscalit\u00e9 des multinationales.<\/p>\n<p><a href=\"https:\/\/www.20minutes.fr\/dossier\/donald_trump\" class=\"c-link c-btn c-btn--primary\" target=\"_blank\" rel=\"noopener\">Notre dossier sur Donald Trump<\/a>La guerre commerciale pas vraiment termin\u00e9e<\/p>\n<p>Cette d\u00e9cision intervient alors que les relations commerciales entre Washington et <a href=\"https:\/\/www.20minutes.fr\/dossier\/ottawa\" class=\"color-ultramarine c-link\" target=\"_blank\" rel=\"noopener\">Ottawa<\/a> sont d\u00e9j\u00e0 sous pression depuis le retour au pouvoir de Donald Trump en janvier dernier. Le Canada est partiellement vis\u00e9 par les <a href=\"https:\/\/www.20minutes.fr\/monde\/4160376-20250625-otan-macron-previent-trump-guerre-commerciale-entre-allies-aberration\" class=\"color-ultramarine c-link\" target=\"_blank\" rel=\"noopener\">nouveaux droits de douane d\u00e9cid\u00e9s par les \u00c9tats-Unis<\/a>, m\u00eame si certaines de ses exportations restent prot\u00e9g\u00e9es par l\u2019accord de libre-\u00e9change, qui lie les deux pays au <a href=\"https:\/\/www.20minutes.fr\/dossier\/mexique\" class=\"color-ultramarine c-link\" target=\"_blank\" rel=\"noopener\">Mexique<\/a>.<\/p>\n<p>Donald Trump a par ailleurs d\u00e9nonc\u00e9 l\u2019instauration de taxes similaires par plusieurs \u00c9tats europ\u00e9ens, et entend utiliser ce dossier comme levier dans ses discussions avec l\u2019<a href=\"https:\/\/www.20minutes.fr\/dossier\/ue\" class=\"color-ultramarine c-link\" target=\"_blank\" rel=\"noopener\">Union europ\u00e9enne<\/a>.<\/p>\n","protected":false},"excerpt":{"rendered":"Une \u00ab\u00a0taxe scandaleuse\u00a0\u00bb, Donald Trump est de mauvaise humeur, et ce vendredi, ce sont les Canadiens qui en&hellip;\n","protected":false},"author":2,"featured_media":209722,"comment_status":"","ping_status":"","sticky":false,"template":"","format":"standard","meta":{"footnotes":""},"categories":[6],"tags":[47,35,574,75,33742,33,34,73,1011,27,74,27745],"class_list":{"0":"post-209721","1":"post","2":"type-post","3":"status-publish","4":"format-standard","5":"has-post-thumbnail","7":"category-economie","8":"tag-actualite","9":"tag-business","10":"tag-canada","11":"tag-donald-trump","12":"tag-droits-de-douane-americains","13":"tag-economie","14":"tag-economy","15":"tag-etats-unis","16":"tag-fr","17":"tag-france","18":"tag-monde","19":"tag-ocde"},"share_on_mastodon":{"url":"https:\/\/pubeurope.com\/@fr\/114758344024244889","error":""},"_links":{"self":[{"href":"https:\/\/www.europesays.com\/fr\/wp-json\/wp\/v2\/posts\/209721","targetHints":{"allow":["GET"]}}],"collection":[{"href":"https:\/\/www.europesays.com\/fr\/wp-json\/wp\/v2\/posts"}],"about":[{"href":"https:\/\/www.europesays.com\/fr\/wp-json\/wp\/v2\/types\/post"}],"author":[{"embeddable":true,"href":"https:\/\/www.europesays.com\/fr\/wp-json\/wp\/v2\/users\/2"}],"replies":[{"embeddable":true,"href":"https:\/\/www.europesays.com\/fr\/wp-json\/wp\/v2\/comments?post=209721"}],"version-history":[{"count":0,"href":"https:\/\/www.europesays.com\/fr\/wp-json\/wp\/v2\/posts\/209721\/revisions"}],"wp:featuredmedia":[{"embeddable":true,"href":"https:\/\/www.europesays.com\/fr\/wp-json\/wp\/v2\/media\/209722"}],"wp:attachment":[{"href":"https:\/\/www.europesays.com\/fr\/wp-json\/wp\/v2\/media?parent=209721"}],"wp:term":[{"taxonomy":"category","embeddable":true,"href":"https:\/\/www.europesays.com\/fr\/wp-json\/wp\/v2\/categories?post=209721"},{"taxonomy":"post_tag","embeddable":true,"href":"https:\/\/www.europesays.com\/fr\/wp-json\/wp\/v2\/tags?post=209721"}],"curies":[{"name":"wp","href":"https:\/\/api.w.org\/{rel}","templated":true}]}}