{"id":209729,"date":"2025-06-28T01:18:13","date_gmt":"2025-06-28T01:18:13","guid":{"rendered":"https:\/\/www.europesays.com\/fr\/209729\/"},"modified":"2025-06-28T01:18:13","modified_gmt":"2025-06-28T01:18:13","slug":"cultura-a-villars-viendra-ou-viendra-pas","status":"publish","type":"post","link":"https:\/\/www.europesays.com\/fr\/209729\/","title":{"rendered":"CULTURA \u00c0 VILLARS : VIENDRA OU VIENDRA PAS ?"},"content":{"rendered":"<p>Mais ce premier \u00e9pisode tourne court, le projet dispara\u00eet dans les limbes administratives. Il faut attendre quatre longues ann\u00e9es pour que le sc\u00e9nario reprenne, avec un casting \u00e9largi : Cultura revient sur le devant de la sc\u00e8ne accompagn\u00e9e d\u2019Intersport et Blackstore en f\u00e9vrier dernier.<\/p>\n<p>Le trio d\u2019enseignes lorgnait sur un espace de 7 000 m\u00e8tres carr\u00e9s de surface commerciale au sein du complexe de 11 000 m\u00e8tres carr\u00e9s. Cultura devait occuper 2 000 m\u00e8tres carr\u00e9s, le reste \u00e9tant partag\u00e9 entre ses deux acolytes et les espaces de stockage.<\/p>\n<p>Mardi 11 mars, le verdict tombait : la Commission d\u00e9partementale d\u2019am\u00e9nagement commercial (CDAC) rejette le projet au terme d\u2019un vote particuli\u00e8rement serr\u00e9. Quatre voix pour, quatre contre, et une abstention d\u00e9cisive qui fait pencher la balance vers le refus. Mais les porteurs du projet ne s\u2019avouent pas vaincus et annoncent imm\u00e9diatement leur intention de porter l\u2019affaire devant la Commission nationale d\u2019am\u00e9nagement commercial (CNAC).<\/p>\n<p>Decitre : le pr\u00e9c\u00e9dent qui f\u00e2che<\/p>\n<p>Cette pol\u00e9mique n\u2019est pas sans rappeler l\u2019arriv\u00e9e de Decitre \u00e0 Centre Deux l\u2019\u00e9t\u00e9 dernier. Bien que cette installation n\u2019ait pas n\u00e9cessit\u00e9 l\u2019aval d\u2019une commission, elle avait d\u00e9j\u00e0 provoqu\u00e9 des remous dans le milieu des libraires ind\u00e9pendants. Sept d\u2019entre eux avaient m\u00eame lanc\u00e9 une campagne d\u2019affichage pour d\u00e9fendre leurs valeurs.<\/p>\n<p>Alexandra Charroin Spangenberg, pr\u00e9sidente du Syndicat de la librairie fran\u00e7aise et co-g\u00e9rante de La Librairie de Paris, t\u00e9moigne de l\u2019impact : depuis la rentr\u00e9e, les libraires ind\u00e9pendants observent une baisse de leur chiffre d\u2019affaires comprise entre 15 et 30 %. La proximit\u00e9 avec les autres commerces de Centre Deux facilite les achats group\u00e9s au d\u00e9triment des librairies de centre-ville.<\/p>\n<p>Un vote qui divise les \u00e9lus<\/p>\n<p>Le maire de Saint-\u00c9tienne, Ga\u00ebl Perdriau, avait gard\u00e9 le silence lors de l\u2019installation de Decitre, mais a cette fois pris position contre Cultura. Sa justification ? Contrairement \u00e0 Decitre, ce projet n\u00e9cessitait un vote en commission, permettant aux \u00e9lus de faire un choix en faveur du commerce ind\u00e9pendant.<\/p>\n<p>Jordan Da Silva, maire de Villars, d\u00e9nonce quant \u00e0 lui une d\u00e9cision teint\u00e9e de politique politicienne. Il regrette particuli\u00e8rement l\u2019attitude du pr\u00e9sident de Saint-\u00c9tienne M\u00e9tropole et s\u2019interroge sur la coh\u00e9rence des votes du D\u00e9partement et de la R\u00e9gion, qui pr\u00f4nent pourtant le soutien au commerce de proximit\u00e9.<\/p>\n<p>La bataille de l\u2019emploi<\/p>\n<p>L\u2019un des arguments phares du projet r\u00e9sidait dans la cr\u00e9ation d\u2019une centaine d\u2019emplois r\u00e9partis entre les trois enseignes. Jordan Da Silva y voit une opportunit\u00e9 \u00e9conomique majeure pour son territoire. Mais Alexandra Charroin Spangenberg relativise ces promesses, particuli\u00e8rement concernant Cultura : l\u2019enseigne annonce trente postes pour 2 000 m\u00e8tres carr\u00e9s, sans garantie sur leur nature \u00e0 temps plein.<\/p>\n<p>En comparaison, La Librairie de Paris emploie 26 \u00e9quivalents temps plein sur 1 000 m\u00e8tres carr\u00e9s. Un simple calcul proportionnel sugg\u00e8re qu\u2019une surface double pourrait g\u00e9n\u00e9rer 52 emplois dans le secteur ind\u00e9pendant. L\u2019exemple de la Librairie des Bauges \u00e0 Albertville, qui conna\u00eet des difficult\u00e9s financi\u00e8res depuis l\u2019arriv\u00e9e d\u2019un Cultura nearby il y a deux ans, illustre les craintes de la profession.<\/p>\n<p>Les papeteries en premi\u00e8re ligne de mire<\/p>\n<p>Daniel Damart, \u00e0 la t\u00eate du Quartier Latin et de Heroes, pointe un risque particulier pour les papeteries. Si le march\u00e9 du livre b\u00e9n\u00e9ficie d\u2019un prix unique qui prot\u00e8ge partiellement la concurrence, les autres produits culturels et de papeterie restent soumis \u00e0 la guerre des prix. La force de frappe de Cultura pourrait cr\u00e9er une concurrence d\u00e9loyale avec les commerces locaux comme la Pap\u00e9th\u00e8que.<\/p>\n<p>Le territoire dispose pourtant d\u2019une offre culturelle d\u00e9j\u00e0 riche : nombreuses librairies ind\u00e9pendantes, deux espaces culturels Leclerc, une Fnac. Seule Villars fait exception, ne comptant aucun libraire sur sa commune.<\/p>\n<p>Une friche de 15 millions d\u2019euros<\/p>\n<p>Au-del\u00e0 des enjeux commerciaux, le projet repr\u00e9sentait un investissement de 15 millions d\u2019euros pour r\u00e9habiliter cette friche commerciale abandonn\u00e9e depuis cinq ans. Aline Immo, propri\u00e9taire du b\u00e2timent, pr\u00e9voyait une renaturation compl\u00e8te : plantation d\u2019arbres, isolation thermique, d\u00e9simperm\u00e9abilisation du parking et installation d\u2019une pergola photovolta\u00efque. Pour Jordan Da Silva, refuser ce projet maintient une situation d\u2019enlaidissement du territoire sans mobiliser le moindre fonds public.<\/p>\n<p>Le r\u00f4le social des libraires ind\u00e9pendants<\/p>\n<p>Face \u00e0 ces arguments \u00e9conomiques, les libraires mettent en avant leur mission sociale souvent m\u00e9connue. Alexandra Charroin Spangenberg souligne leur travail avec les prisons, les \u00e9coles, leur participation au dispositif \u00ab\u00a0Jeunes en librairies\u00a0\u00bb et leur action aupr\u00e8s des publics emp\u00each\u00e9s. Ces services de proximit\u00e9 touchent \u00e9tudiants, personnes \u00e2g\u00e9es, non-francophones et personnes sans v\u00e9hicule \u2013 un public que les grandes surfaces sp\u00e9cialis\u00e9es en zone commerciale peinent \u00e0 servir.<\/p>\n<p>Rendez-vous en septembre<\/p>\n<p>L\u2019\u00e9pilogue de cette saga se jouera d\u2019ici septembre 2025. L\u2019appel devant la Commission nationale devrait annuler la d\u00e9cision de mardi dans les prochains jours. Jordan Da Silva se montre optimiste, esp\u00e9rant une approche plus juridique et moins politique de cette instance nationale.<\/p>\n<p>Si le projet obtient finalement le feu vert, sa concr\u00e9tisation n\u00e9cessitera encore deux ann\u00e9es. De quoi laisser le temps aux librairies et papeteries du sud Loire de s\u2019organiser pour d\u00e9fendre leur cause. Une chose est s\u00fbre : cette page de l\u2019histoire commerciale st\u00e9phanoise n\u2019est pas pr\u00e8s d\u2019\u00eatre d\u00e9finitivement tourn\u00e9e.<\/p>\n","protected":false},"excerpt":{"rendered":"Mais ce premier \u00e9pisode tourne court, le projet dispara\u00eet dans les limbes administratives. Il faut attendre quatre longues&hellip;\n","protected":false},"author":2,"featured_media":209730,"comment_status":"","ping_status":"","sticky":false,"template":"","format":"standard","meta":{"footnotes":""},"categories":[9653],"tags":[1111,11,2430,34884,251,33,1777,674,1011,27,3367,12,25,4001],"class_list":{"0":"post-209729","1":"post","2":"type-post","3":"status-publish","4":"format-standard","5":"has-post-thumbnail","7":"category-saint-etienne","8":"tag-actu","9":"tag-actualites","10":"tag-auvergne-rhone-alpes","11":"tag-cultura","12":"tag-culture","13":"tag-economie","14":"tag-eu","15":"tag-europe","16":"tag-fr","17":"tag-france","18":"tag-loire","19":"tag-news","20":"tag-republique-francaise","21":"tag-saint-etienne"},"share_on_mastodon":{"url":"https:\/\/pubeurope.com\/@fr\/114758359729150674","error":""},"_links":{"self":[{"href":"https:\/\/www.europesays.com\/fr\/wp-json\/wp\/v2\/posts\/209729","targetHints":{"allow":["GET"]}}],"collection":[{"href":"https:\/\/www.europesays.com\/fr\/wp-json\/wp\/v2\/posts"}],"about":[{"href":"https:\/\/www.europesays.com\/fr\/wp-json\/wp\/v2\/types\/post"}],"author":[{"embeddable":true,"href":"https:\/\/www.europesays.com\/fr\/wp-json\/wp\/v2\/users\/2"}],"replies":[{"embeddable":true,"href":"https:\/\/www.europesays.com\/fr\/wp-json\/wp\/v2\/comments?post=209729"}],"version-history":[{"count":0,"href":"https:\/\/www.europesays.com\/fr\/wp-json\/wp\/v2\/posts\/209729\/revisions"}],"wp:featuredmedia":[{"embeddable":true,"href":"https:\/\/www.europesays.com\/fr\/wp-json\/wp\/v2\/media\/209730"}],"wp:attachment":[{"href":"https:\/\/www.europesays.com\/fr\/wp-json\/wp\/v2\/media?parent=209729"}],"wp:term":[{"taxonomy":"category","embeddable":true,"href":"https:\/\/www.europesays.com\/fr\/wp-json\/wp\/v2\/categories?post=209729"},{"taxonomy":"post_tag","embeddable":true,"href":"https:\/\/www.europesays.com\/fr\/wp-json\/wp\/v2\/tags?post=209729"}],"curies":[{"name":"wp","href":"https:\/\/api.w.org\/{rel}","templated":true}]}}