{"id":209748,"date":"2025-06-28T01:31:07","date_gmt":"2025-06-28T01:31:07","guid":{"rendered":"https:\/\/www.europesays.com\/fr\/209748\/"},"modified":"2025-06-28T01:31:07","modified_gmt":"2025-06-28T01:31:07","slug":"carte-vague-de-chaleur-quelles-sont-les-temperatures-atteintes-dans-votre-ville-en-juin","status":"publish","type":"post","link":"https:\/\/www.europesays.com\/fr\/209748\/","title":{"rendered":"CARTE. Vague de chaleur\u00a0: quelles sont les temp\u00e9ratures atteintes dans votre ville en juin\u00a0?"},"content":{"rendered":"<p>Depuis le mercredi 18\u00a0juin, un \u00e9pisode de chaleur s\u2019est g\u00e9n\u00e9ralis\u00e9 \u00e0 l\u2019ensemble du territoire, se transformant localement en <a href=\"https:\/\/www.ouest-france.fr\/meteo\/canicule\/\" target=\"_self\" rel=\"nofollow noopener\">canicule<\/a>.<\/p>\n<p>Un pic d\u2019intensit\u00e9 a \u00e9t\u00e9 atteint le<a href=\"https:\/\/rennes.maville.com\/actu\/actudet_-carte.-vague-de-chaleur-ville-par-ville-les-temperatures-maximales-atteintes-ce-samedi-21-juin-_54135-6865234_actu.Htm\" target=\"_self\" rel=\"nofollow noopener\"> week-end du 21 et 22\u00a0juin<\/a>\u00a0et, malgr\u00e9 une l\u00e9g\u00e8re baisse due aux \u00e9pisodes orageux de la semaine, les temp\u00e9ratures repartent d\u00e9j\u00e0 \u00e0 la hausse.<\/p>\n<p><strong>Lire aussi\u00a0: <\/strong> <a href=\"https:\/\/rennes.maville.com\/actu\/actudet_-vague-de-chaleur-14-departements-en-vigilance-orange-canicule-samedi-les-40-c-seront-froles-_54135-6874655_actu.Htm\" target=\"_self\" rel=\"nofollow noopener\">14\u00a0d\u00e9partements en vigilance orange canicule samedi, les 40\u00a0\u00b0C seront fr\u00f4l\u00e9s<\/a><\/p>\n<p>Plus de 35\u00a0\u00b0C dans la moiti\u00e9 des stations<\/p>\n<p>Juin\u00a02025 pourrait devenir le mois de juin le plus chaud jamais enregistr\u00e9, avec des temp\u00e9ratures d\u00e9passant les 35\u00a0\u00b0C pendant plusieurs jours dans une grande partie du pays.<\/p>\n<p>Voici les temp\u00e9ratures maximales relev\u00e9es en France entre le 1er et le 26\u00a0juin 2025\u00a0:<\/p>\n<\/p>\n<p>Des temp\u00e9ratures record pour cette p\u00e9riode de l\u2019ann\u00e9e ont \u00e9t\u00e9 enregistr\u00e9es dans plusieurs villes, dont Ploudalm\u00e9zeau, Lannion, Annecy ou encore Grenoble.<\/p>\n<p>Les grandes villes ont \u00e9t\u00e9 tr\u00e8s touch\u00e9es par la chaleur, avec 36,5\u00a0\u00b0C \u00e0 Paris, 37,7\u00a0\u00b0C \u00e0 Lyon, 36,8\u00a0\u00b0C \u00e0 Rennes et 39,8\u00a0\u00b0C \u00e0 Clermont-Ferrand, temp\u00e9rature la plus haute enregistr\u00e9e ce mois-ci.<\/p>\n<p>Seules quelques villes en altitude ou sur le littoral sont rest\u00e9es sous le seuil des 30\u00a0\u00b0C, comme Quimper ou Dunkerque.<\/p>\n<p>De nouveaux records attendus le lundi 30\u00a0juin<\/p>\n<p>Apr\u00e8s un rafra\u00eechissement d\u00fb aux orages et aux pluies des derniers jours, les temp\u00e9ratures vont de nouveau grimper \u00e0 partir de ce vendredi 27\u00a0juin.<\/p>\n<p>La reprise de la canicule commencera dans le sud-est de la France, avant de s\u2019\u00e9tendre dans le week-end vers le centre et le nord du pays.<\/p>\n<p>Les Pyr\u00e9n\u00e9es-Orientales, l\u2019H\u00e9rault, le Gard et les Bouches-du-Rh\u00f4ne ont \u00e9t\u00e9 plac\u00e9s en <a href=\"https:\/\/rennes.maville.com\/actu\/actudet_-quatre-departements-en-vigilance-orange-canicule-ce-vendredi-treize-pour-la-journee-de-samedi-_12679-6874055_actu.Htm\" target=\"_self\" rel=\"nofollow noopener\">vigilance orange<\/a> canicule ce vendredi, et dix autres d\u00e9partements seront concern\u00e9s samedi.<\/p>\n<\/p>\n<p>De nouveaux records de temp\u00e9rature pourraient tomber ce lundi 30\u00a0juin, avec <a href=\"https:\/\/rennes.maville.com\/actu\/actudet_-40-c-a-paris-41-c-a-bourges...-une-nouvelle-vague-de-chaleur-attendue-en-france-des-ce-week-end-_54135-6872750_actu.Htm\" target=\"_self\" rel=\"nofollow noopener\">40\u00a0\u00b0C attendus \u00e0 Paris et 41\u00a0\u00b0C \u00e0 Bourges<\/a>.<\/p>\n<p>Selon <a href=\"https:\/\/actualite.lachainemeteo.com\/actualite-meteo\/2025-06-25\/nouvelle-canicule-pour-la-fin-juin-vers-un-episode-potentiellement-historique-79251\" target=\"_blank\" rel=\"nofollow noopener\">La Cha\u00eene m\u00e9t\u00e9o<\/a>, il pourrait s\u2019agir de \u00ab <strong>la journ\u00e9e de juin la plus chaude jamais enregistr\u00e9e en France<\/strong>\u00a0\u00bb, record qui remonte pour l\u2019heure au 28\u00a0juin 2019.<\/p>\n<p>\u00a0<\/p>\n","protected":false},"excerpt":{"rendered":"Depuis le mercredi 18\u00a0juin, un \u00e9pisode de chaleur s\u2019est g\u00e9n\u00e9ralis\u00e9 \u00e0 l\u2019ensemble du territoire, se transformant localement en&hellip;\n","protected":false},"author":2,"featured_media":209749,"comment_status":"","ping_status":"","sticky":false,"template":"","format":"standard","meta":{"footnotes":""},"categories":[2821],"tags":[1111,11,34888,829,11617,13208,1777,674,1011,27,3687,12,584,25,13209,27319,4824],"class_list":{"0":"post-209748","1":"post","2":"type-post","3":"status-publish","4":"format-standard","5":"has-post-thumbnail","7":"category-rennes","8":"tag-actu","9":"tag-actualites","10":"tag-atteintes","11":"tag-bretagne","12":"tag-carte","13":"tag-chaleur","14":"tag-eu","15":"tag-europe","16":"tag-fr","17":"tag-france","18":"tag-juin","19":"tag-news","20":"tag-rennes","21":"tag-republique-francaise","22":"tag-temperatures","23":"tag-vague","24":"tag-ville"},"share_on_mastodon":{"url":"https:\/\/pubeurope.com\/@fr\/114758410848302396","error":""},"_links":{"self":[{"href":"https:\/\/www.europesays.com\/fr\/wp-json\/wp\/v2\/posts\/209748","targetHints":{"allow":["GET"]}}],"collection":[{"href":"https:\/\/www.europesays.com\/fr\/wp-json\/wp\/v2\/posts"}],"about":[{"href":"https:\/\/www.europesays.com\/fr\/wp-json\/wp\/v2\/types\/post"}],"author":[{"embeddable":true,"href":"https:\/\/www.europesays.com\/fr\/wp-json\/wp\/v2\/users\/2"}],"replies":[{"embeddable":true,"href":"https:\/\/www.europesays.com\/fr\/wp-json\/wp\/v2\/comments?post=209748"}],"version-history":[{"count":0,"href":"https:\/\/www.europesays.com\/fr\/wp-json\/wp\/v2\/posts\/209748\/revisions"}],"wp:featuredmedia":[{"embeddable":true,"href":"https:\/\/www.europesays.com\/fr\/wp-json\/wp\/v2\/media\/209749"}],"wp:attachment":[{"href":"https:\/\/www.europesays.com\/fr\/wp-json\/wp\/v2\/media?parent=209748"}],"wp:term":[{"taxonomy":"category","embeddable":true,"href":"https:\/\/www.europesays.com\/fr\/wp-json\/wp\/v2\/categories?post=209748"},{"taxonomy":"post_tag","embeddable":true,"href":"https:\/\/www.europesays.com\/fr\/wp-json\/wp\/v2\/tags?post=209748"}],"curies":[{"name":"wp","href":"https:\/\/api.w.org\/{rel}","templated":true}]}}