{"id":209755,"date":"2025-06-28T01:35:16","date_gmt":"2025-06-28T01:35:16","guid":{"rendered":"https:\/\/www.europesays.com\/fr\/209755\/"},"modified":"2025-06-28T01:35:16","modified_gmt":"2025-06-28T01:35:16","slug":"joyeuse-decennie-nice-starts-up","status":"publish","type":"post","link":"https:\/\/www.europesays.com\/fr\/209755\/","title":{"rendered":"Joyeuse d\u00e9cennie Nice Start(s) Up !"},"content":{"rendered":"<p>                    <img loading=\"lazy\" decoding=\"async\" src=\"https:\/\/www.europesays.com\/fr\/wp-content\/uploads\/2025\/06\/1fe7dfba43ff79168e08953fa29c4a.jpg\" class=\"img-responsive post-image\" width=\"680\" height=\"510\" alt=\"Joyeuse d\u00e9cennie Nice (\u2026)\" title=\"Joyeuse d\u00e9cennie Nice Start(s) Up !\"\/><\/p>\n<p class=\"chapo\">Sur la plage, les pieds dans le sable, les participants se sont tout de suite pris au jeu\u00a0: rush-ball, tir \u00e0 l\u2019arc, p\u00e9tanque, disc-golf, volley-ball\u2026<\/p>\n<p>Nice Start(s) Up (NSU) les a fait sortir de leur bureau pour f\u00eater ses 10 ans le 24 juin\u00a0: journ\u00e9e sans \u00e9cran pour ces d\u00e9veloppeurs, informaticiens, entrepreneurs de l\u2019innovation. C\u2019est rel\u00e2che aujourd\u2019hui. Mots d\u2019ordre\u00a0: jouer, discuter, \u00e9changer, c\u00e9l\u00e9brer. <br class=\"texte\"\/><br \/>\n<strong>Tim<\/strong>, d\u00e9veloppeur chez Enodea, s\u2019initie au rush-ball\u00a0: \u00ab\u00a0C\u2019est trop bien, on peut parler aux gens. Moi, je suis tout le temps devant mon ordi, je ne vois jamais personne.\u00a0\u00bb <br class=\"autobr\"\/><br \/>\n<strong>Sybille Sanchez<\/strong>, de l\u2019incubateur Les Premi\u00e8res Sud, a, elle, commenc\u00e9 par une partie de p\u00e9tanque\u00a0: \u00ab\u00a0 C\u2019est super, \u00e7a d\u00e9mystifie le c\u00f4t\u00e9 networking et tous les codes qui vont avec. En tongs et en short, \u00e7a permet de parler d\u2019autre chose, d\u2019allier le jeu et le travail. On rel\u00e2che un peu la pression, \u00e7a fait du bien.\u00a0\u00bb <strong>St\u00e9phane Talbo,<\/strong> de Logist, devenu accro au disc-golf\u00a0: \u00ab\u00a0Sortir de la solitude de l\u2019entrepreneur, c\u2019est important\u00a0! Moi, je suis un mentor de NSU sur la partie technique, d\u00e9veloppeur, et du coup c\u2019est chouette de se croiser, de prendre des nouvelles des uns et des autres, de voir que les id\u00e9es prennent vie. \u00c7a, c\u2019est la motivation insuffl\u00e9e par NSU.\u00a0\u00bb<\/p>\n<p> <a href=\"https:\/\/www.europesays.com\/fr\/wp-content\/uploads\/2025\/06\/img_3867.jpg\" class=\"spip_doc_lien mediabox\" type=\"image\/jpeg\"><br \/>\n\t\t<img loading=\"lazy\" decoding=\"async\" src=\"https:\/\/www.europesays.com\/fr\/wp-content\/uploads\/2025\/06\/img_3867.jpg\" width=\"1024\" height=\"768\" alt=\"\"\/><\/a><\/p>\n<p>\u00ab\u00a0Une grande fraternit\u00e9\u00a0\u00bb<\/p>\n<p>\u00ab\u00a0\u00c7a fait 10 ans que chacun se passe le relais pour faire durer cette association. Une grande fraternit\u00e9 anime NSU\u00a0: s\u2019aider, passer de bons moments ensemble. Distiller et partager son exp\u00e9rience. On ne se vend rien, on se donne beaucoup, on s\u2019encourage, car plus mon voisin va r\u00e9ussir, plus cela va porter mon propre d\u00e9veloppement. \u00a0\u00bb <strong>Jean-Charles Chemin<\/strong>,pr\u00e9sident de NSU depuis un an mais adh\u00e9rent de l\u2019association aux premi\u00e8res heures, fait un petit flash-back\u00a0: \u00ab\u00a0L\u2019id\u00e9e de d\u00e9part, c\u2019\u00e9tait de cr\u00e9er un \u00e9cosyst\u00e8me de l\u2019innovation \u00e0 Nice au moment de la cr\u00e9ation de la French Tech C\u00f4te d\u2019Azur. On souhaitait se faire une place \u00e0 c\u00f4t\u00e9 de l\u2019historique Sophia, mais surtout transmettre des connaissances sur les m\u00e9canismes de cr\u00e9ation, de financement et de d\u00e9veloppement de l\u2019entreprise. Au d\u00e9but, nous \u00e9tions une poign\u00e9e, aujourd\u2019hui nous repr\u00e9sentons 140 start-up, 800 entrepreneurs et une dizaine d\u2019\u00e9coles partenaires.\u00a0\u00bb Le pr\u00e9sident s\u2019est d\u2019ailleurs donn\u00e9 pour mission de renforcer encore davantage les liens avec les \u00e9coles.<\/p>\n<p> <a href=\"https:\/\/www.europesays.com\/fr\/wp-content\/uploads\/2025\/06\/img_3881.jpg\" class=\"spip_doc_lien mediabox\" type=\"image\/jpeg\"><br \/>\n\t\t<img loading=\"lazy\" decoding=\"async\" src=\"https:\/\/www.europesays.com\/fr\/wp-content\/uploads\/2025\/06\/img_3881.jpg\" width=\"1024\" height=\"768\" alt=\"\"\/><\/a><\/p>\n<p>\u00ab\u00a0Le carburant de nos start-up\u00a0\u00bb<\/p>\n<p>En 10 ans, le tissu \u00e9conomique a forc\u00e9ment beaucoup \u00e9volu\u00e9, notamment avec de plus en plus d\u2019\u00e9coles qui forment des profils comme des d\u00e9veloppeurs, des sp\u00e9cialistes du web et du marketing. NSU a su les associer aux \u00e9v\u00e9nements\u00a0: \u00ab\u00a0C\u2019est le carburant de nos start-up. Plus il y a d\u2019\u00e9coles, plus il y a de talents, plus il y a de bo\u00eetes, plus il  y a de d\u00e9bouch\u00e9s. C\u2019est g\u00e9nial de pouvoir se d\u00e9velopper ici sans forc\u00e9ment monter \u00e0 Paris.\u00a0\u00bb <strong>Adrien Groville<\/strong>, de l\u2019agence d\u2019acquisition pour les marques de e-commerce, Alexandrie, confirme la vision du pr\u00e9sident\u00a0: \u00ab\u00a0 On doit recruter des stagiaires \u00e0 la rentr\u00e9e et on r\u00e9fl\u00e9chit aussi \u00e0 de l\u2019alternance. Le partenariat de NSU avec les \u00e9coles pourrait vraiment \u00eatre int\u00e9ressant pour nous.\u00a0\u00bb L\u2019autre projet port\u00e9 par le pr\u00e9sident de NSU serait \u00ab\u00a0d\u2019unir les territoires de l\u2019innovation (au nombre de 4). La C\u00f4te d\u2019Azur est une goutte d\u2019eau en France sur la carte de l\u2019innovation. Il faudrait vraiment r\u00e9ussir \u00e0 se rassembler, \u00e0 gommer les fronti\u00e8res sur le territoire et \u00e0 faire en sorte que la French Tech ne parle que d\u2019une seule voix.\u00a0\u00bb<\/p>\n<p> <a href=\"https:\/\/www.europesays.com\/fr\/wp-content\/uploads\/2025\/06\/img_3887.jpg\" class=\"spip_doc_lien mediabox\" type=\"image\/jpeg\"><br \/>\n\t\t<img loading=\"lazy\" decoding=\"async\" src=\"https:\/\/www.europesays.com\/fr\/wp-content\/uploads\/2025\/06\/img_3887.jpg\" width=\"1024\" height=\"768\" alt=\"\"\/><\/a><\/p>\n<p> <a href=\"https:\/\/www.europesays.com\/fr\/wp-content\/uploads\/2025\/06\/img_3858-1.jpg\" class=\"spip_doc_lien mediabox\" type=\"image\/jpeg\"><br \/>\n\t\t<img loading=\"lazy\" decoding=\"async\" src=\"https:\/\/www.europesays.com\/fr\/wp-content\/uploads\/2025\/06\/img_3858-1.jpg\" width=\"1024\" height=\"768\" alt=\"\"\/><\/a><\/p>\n","protected":false},"excerpt":{"rendered":"Sur la plage, les pieds dans le sable, les participants se sont tout de suite pris au jeu\u00a0:&hellip;\n","protected":false},"author":2,"featured_media":209756,"comment_status":"","ping_status":"","sticky":false,"template":"","format":"standard","meta":{"footnotes":""},"categories":[2819],"tags":[1111,11,2408,1777,674,1011,27,12,2401,882,25],"class_list":{"0":"post-209755","1":"post","2":"type-post","3":"status-publish","4":"format-standard","5":"has-post-thumbnail","7":"category-nice","8":"tag-actu","9":"tag-actualites","10":"tag-appels-d","11":"tag-eu","12":"tag-europe","13":"tag-fr","14":"tag-france","15":"tag-news","16":"tag-nice","17":"tag-provence-alpes-cote-dazur","18":"tag-republique-francaise"},"share_on_mastodon":{"url":"https:\/\/pubeurope.com\/@fr\/114758426751162469","error":""},"_links":{"self":[{"href":"https:\/\/www.europesays.com\/fr\/wp-json\/wp\/v2\/posts\/209755","targetHints":{"allow":["GET"]}}],"collection":[{"href":"https:\/\/www.europesays.com\/fr\/wp-json\/wp\/v2\/posts"}],"about":[{"href":"https:\/\/www.europesays.com\/fr\/wp-json\/wp\/v2\/types\/post"}],"author":[{"embeddable":true,"href":"https:\/\/www.europesays.com\/fr\/wp-json\/wp\/v2\/users\/2"}],"replies":[{"embeddable":true,"href":"https:\/\/www.europesays.com\/fr\/wp-json\/wp\/v2\/comments?post=209755"}],"version-history":[{"count":0,"href":"https:\/\/www.europesays.com\/fr\/wp-json\/wp\/v2\/posts\/209755\/revisions"}],"wp:featuredmedia":[{"embeddable":true,"href":"https:\/\/www.europesays.com\/fr\/wp-json\/wp\/v2\/media\/209756"}],"wp:attachment":[{"href":"https:\/\/www.europesays.com\/fr\/wp-json\/wp\/v2\/media?parent=209755"}],"wp:term":[{"taxonomy":"category","embeddable":true,"href":"https:\/\/www.europesays.com\/fr\/wp-json\/wp\/v2\/categories?post=209755"},{"taxonomy":"post_tag","embeddable":true,"href":"https:\/\/www.europesays.com\/fr\/wp-json\/wp\/v2\/tags?post=209755"}],"curies":[{"name":"wp","href":"https:\/\/api.w.org\/{rel}","templated":true}]}}