{"id":209757,"date":"2025-06-28T01:36:20","date_gmt":"2025-06-28T01:36:20","guid":{"rendered":"https:\/\/www.europesays.com\/fr\/209757\/"},"modified":"2025-06-28T01:36:20","modified_gmt":"2025-06-28T01:36:20","slug":"on-a-teste-le-restaurant-deux-etoiles-du-chef-oger-au-cannet","status":"publish","type":"post","link":"https:\/\/www.europesays.com\/fr\/209757\/","title":{"rendered":"on a test\u00e9 le restaurant deux \u00e9toiles du chef Oger au Cannet"},"content":{"rendered":"<p>            Par<br \/>\n        <strong><br \/>\n            <a href=\"https:\/\/actu.fr\/auteur\/ugo-maillard\" title=\"Consulter tous les articles de Ugo Maillard\" rel=\"nofollow noopener\" target=\"_blank\">Ugo Maillard<\/a><br \/>\n        <\/strong><\/p>\n<p>        Publi\u00e9 le<\/p>\n<p>            27 juin 2025 \u00e0 15h02        <\/p>\n<p>D\u2019une maison squatt\u00e9e, ils en ont fait un \u00e9tablissement majeur de la gastronomie sur la C\u00f4te d\u2019Azur. <strong>Bruno Oger<\/strong> et sa femme H\u00e9l\u00e8ne ont souhait\u00e9 investir leur temps et leur argent dans une vieille b\u00e2tisse situ\u00e9e sur la commune du\u00a0Cannet (<a href=\"https:\/\/actu.fr\/provence-alpes-cote-d-azur\/alpes-maritimes_06\" rel=\"nofollow noopener\" target=\"_blank\">Alpes-Maritimes<\/a>). Apr\u00e8s une r\u00e9novation totale, la Villa Archange a pu accueillir ses premiers clients dans un \u00e9crin de verdure marqu\u00e9 par un calme \u00e9tonnant. Loin du faste cannois, le restaurant gastronomique tenu par le chef Oger et ses \u00e9quipes s\u2019attache \u00e0 servir une cuisine de haut vol.<\/p>\n<p class=\" wall-content\">Un pari remport\u00e9 puisque le restaurant est aur\u00e9ol\u00e9 de<strong> deux \u00e9toiles au guide Michelin<\/strong> depuis plus de dix ans.<\/p>\n<p class=\" wall-content\">D\u00e9couvrez en exclusivit\u00e9, avec <a href=\"https:\/\/actu.fr\/nice\/\" rel=\"nofollow noopener\" target=\"_blank\">actu Nice<\/a>, les secrets de pr\u00e9paration de la Villa Archange.<\/p>\n<p>Une terrasse unique pour un restaurant gastronomique<\/p>\n<p class=\" wall-content\">\u00ab\u2009Personne n\u2019a compris notre choix, mais \u00e7a a \u00e9t\u00e9 un coup de c\u0153ur\u2009\u00bb, sourit H\u00e9l\u00e8ne en feuilletant un album photo retra\u00e7ant le parcours effectu\u00e9 pour cr\u00e9er la Villa Archange. Tout comme sa femme, Bruno Oger a vite pris possession de ce lieu.<\/p>\n<p>    <a href=\"https:\/\/www.google.com\/maps\/embed?pb=!1m18!1m12!1m3!1d21205.14270007337!2d7.023786978368507!3d43.57433048865687!2m3!1f0!2f0!3f0!3m2!1i1024!2i768!4f13.1!3m3!1m2!1s0x12ce81fc4c798c4b%3A0xa1c66a9479dc0fc9!2sVilla%20Archange%20-%20Bastide%20Bruno%20Oger!5e0!3m2!1sfr!2sfr!4v1750945125870!5m2!1sfr!2sfr\" title=\"Ouvrie le lien\" rel=\"nofollow noopener\" target=\"_blank\">Cliquez ici pour visualiser le contenu<\/a><\/p>\n<p class=\" wall-content\">Immersion dans un \u00e9crin de verdure, le restaurant b\u00e9n\u00e9ficie d\u2019une terrasse baign\u00e9e dans un calme d\u00e9tonnant, \u00e0 quelques enc\u00e2blures de Cannes et de ses stars.<\/p>\n<p>    <img   decoding=\"async\" loading=\"lazy\" src=\"https:\/\/www.europesays.com\/fr\/wp-content\/uploads\/2025\/06\/cuisine-restaurant-oger-9-960x640.png\" alt=\"La terrasse de la Villa Archange est un lieu pris\u00e9 des clients du restaurant deux \u00e9toiles.\" width=\"960\" height=\"640\"\/><br \/>\n    La terrasse de la Villa Archange est un lieu pris\u00e9 des clients du restaurant deux \u00e9toiles. (\u00a9Ugo Maillard \/ actu Nice)<\/p>\n<p class=\" wall-content\">En coulisses, l\u2019\u00e9quipe du restaurant s\u2019affaire pour pr\u00e9parer les repas des convives du jour. Ouvert en 2010, l\u2019\u00e9tablissement accueille des clients du mardi au samedi soir et les vendredis et samedis midi.<\/p>\n<p class=\" wall-content\">C\u2019est ici que sont servis les premiers amuse-bouches avec au programme trois d\u00e9couvertes v\u00e9g\u00e9tales autour de la pomme de terre, la betterave et des petits\u00a0pois.<\/p>\n<p>    <img   decoding=\"async\" loading=\"lazy\" src=\"https:\/\/www.europesays.com\/fr\/wp-content\/uploads\/2025\/06\/restaurant-oger-cuisine-960x640.png\" alt=\"La d\u00e9gustation commence par des amuse-bouches.\" width=\"960\" height=\"640\"\/><br \/>\n    La d\u00e9gustation commence par des amuse-bouches. (\u00a9Ugo Maillard \/ actu Nice)Trois menus gastronomiques<\/p>\n<p class=\" wall-content\">Pour d\u00e9finir la cuisine de Bruno Oger et de ses \u00e9quipes, le chef explique qu\u2019il s\u2019agit d\u2019un \u00ab\u2009m\u00e9lange entre Bretagne et M\u00e9diterran\u00e9e\u2009\u00bb. Pour le cuisiner, n\u00e9 \u00e0 Lorient et install\u00e9 au\u00a0Cannet depuis 15\u00a0ans, son terrain de jeu reste les <strong>produits de la mer<\/strong>.<\/p>\n<p class=\" wall-content\">Dans le menu que la r\u00e9daction d\u2019actu Nice a pu d\u00e9couvrir, on retrouve des produits nobles tels que la langoustine, le caviar, les hu\u00eetres ou encore le homard. Si le chef revendique une simplicit\u00e9, on peut tout de m\u00eame noter un travail hors du commun. Petit plus\u2009: la d\u00e9couverte des ormeaux, des escargots marins que l\u2019on trouve en Bretagne.<\/p>\n<blockquote class=\"ac-article-quote wall-content\">\n<p>On recherche le go\u00fbt et les textures avant la technique. Je dirai que la simplicit\u00e9 qualifie notre cuisine.<\/p>\n<p>    <strong>Bruno Oger<\/strong><br \/>\n        Chef de la Villa Archange    <\/p><\/blockquote>\n<p>Trois menus propos\u00e9s aux clients<\/p>\n<p>D\u00e9jeuner D\u00e9couverte  : 115 euros hors boissons<br \/>La Table des Anges : 250 euros hors boissons<br \/>L\u2019Inspiration de l\u2019Archange : 370 euros hors boissons<\/p>\n<p>Une cuisine calme<\/p>\n<p class=\" wall-content\">Des odeurs gourmandes aux go\u00fbts surprenants en passant par un visuel soign\u00e9, la recette du chef Oger op\u00e8re sur les clients.<\/p>\n<p class=\" wall-content\">Ce qui surprend dans cette cuisine, le calme. \u00ab\u2009C\u2019est important pour nous de ne pas crier ou de donner d\u2019ordre. Tout le monde sait ce qu\u2019on a \u00e0 faire. Cela ne nous emp\u00eache pas de dire quand une chose est mal ex\u00e9cut\u00e9e\u2009\u00bb, sourit le chef.<\/p>\n<p class=\" wall-content\">\n    <img   decoding=\"async\" loading=\"lazy\" src=\"https:\/\/www.europesays.com\/fr\/wp-content\/uploads\/2025\/06\/cuisine-restaurant-oger-7-960x640.png\" alt=\"D\u00e8s 8h, les \u00e9quipes s'activent en cuisine pour pr\u00e9parer le repas.\" width=\"960\" height=\"640\"\/><br \/>\n    D\u00e8s 8h, les \u00e9quipes s\u2019activent en cuisine pour pr\u00e9parer le repas. (\u00a9Ugo Maillard \/ actu Nice)<br \/>\n    <img   decoding=\"async\" loading=\"lazy\" src=\"https:\/\/www.europesays.com\/fr\/wp-content\/uploads\/2025\/06\/cuisine-restaurant-oger-1-960x640.png\" alt=\"La pr\u00e9cision du service est scrut\u00e9e de pr\u00e8s dans cet \u00e9tablissement deux \u00e9toiles.\" width=\"960\" height=\"640\"\/><br \/>\n    La pr\u00e9cision du service est scrut\u00e9e de pr\u00e8s dans cet \u00e9tablissement deux \u00e9toiles. (\u00a9Ugo Maillard \/ actu Nice)<\/p>\n<p class=\" wall-content\">Avec six couverts en moyenne par service, le <strong>restaurant de 26 couverts<\/strong> cultive une atmosph\u00e8re de s\u00e9r\u00e9nit\u00e9, ce qui ne g\u00e2che rien aux d\u00e9couvertes gustatives de la Villa Archange.<\/p>\n<p class=\" wall-content\">\u00c0 l\u2019instar des cuisiniers, nous repartons avec le sourire et le privil\u00e8ge d\u2019avoir pu d\u00e9couvrir un restaurant unique sur la C\u00f4te d\u2019Azur.<\/p>\n<p class=\" wall-content\">Suivez toute l\u2019actualit\u00e9 de vos villes et m\u00e9dias favoris en vous inscrivant \u00e0 <a href=\"https:\/\/moncompte.actu.fr\" title=\"D\u00e9couvez Mon Actu\" rel=\"nofollow noopener\" data-trk=\"{&quot;cta&quot;:{&quot;action&quot;:&quot;https:\\\/\\\/moncompte.actu.fr&quot;,&quot;category&quot;:&quot;mon compte&quot;,&quot;from&quot;:&quot;article footer&quot;,&quot;name&quot;:&quot;Mon actu&quot;,&quot;type&quot;:&quot;cta&quot;}}\" target=\"_blank\">Mon Actu<\/a>.<\/p>\n","protected":false},"excerpt":{"rendered":"Par Ugo Maillard Publi\u00e9 le 27 juin 2025 \u00e0 15h02 D\u2019une maison squatt\u00e9e, ils en ont fait un&hellip;\n","protected":false},"author":2,"featured_media":209758,"comment_status":"","ping_status":"","sticky":false,"template":"","format":"standard","meta":{"footnotes":""},"categories":[2819],"tags":[1111,11,1777,674,1011,27,1661,1305,12,2401,882,25,1340],"class_list":{"0":"post-209757","1":"post","2":"type-post","3":"status-publish","4":"format-standard","5":"has-post-thumbnail","7":"category-nice","8":"tag-actu","9":"tag-actualites","10":"tag-eu","11":"tag-europe","12":"tag-fr","13":"tag-france","14":"tag-gastronomie","15":"tag-lifestyle","16":"tag-news","17":"tag-nice","18":"tag-provence-alpes-cote-dazur","19":"tag-republique-francaise","20":"tag-restaurant"},"share_on_mastodon":{"url":"https:\/\/pubeurope.com\/@fr\/114758430827857782","error":""},"_links":{"self":[{"href":"https:\/\/www.europesays.com\/fr\/wp-json\/wp\/v2\/posts\/209757","targetHints":{"allow":["GET"]}}],"collection":[{"href":"https:\/\/www.europesays.com\/fr\/wp-json\/wp\/v2\/posts"}],"about":[{"href":"https:\/\/www.europesays.com\/fr\/wp-json\/wp\/v2\/types\/post"}],"author":[{"embeddable":true,"href":"https:\/\/www.europesays.com\/fr\/wp-json\/wp\/v2\/users\/2"}],"replies":[{"embeddable":true,"href":"https:\/\/www.europesays.com\/fr\/wp-json\/wp\/v2\/comments?post=209757"}],"version-history":[{"count":0,"href":"https:\/\/www.europesays.com\/fr\/wp-json\/wp\/v2\/posts\/209757\/revisions"}],"wp:featuredmedia":[{"embeddable":true,"href":"https:\/\/www.europesays.com\/fr\/wp-json\/wp\/v2\/media\/209758"}],"wp:attachment":[{"href":"https:\/\/www.europesays.com\/fr\/wp-json\/wp\/v2\/media?parent=209757"}],"wp:term":[{"taxonomy":"category","embeddable":true,"href":"https:\/\/www.europesays.com\/fr\/wp-json\/wp\/v2\/categories?post=209757"},{"taxonomy":"post_tag","embeddable":true,"href":"https:\/\/www.europesays.com\/fr\/wp-json\/wp\/v2\/tags?post=209757"}],"curies":[{"name":"wp","href":"https:\/\/api.w.org\/{rel}","templated":true}]}}