{"id":209759,"date":"2025-06-28T01:37:15","date_gmt":"2025-06-28T01:37:15","guid":{"rendered":"https:\/\/www.europesays.com\/fr\/209759\/"},"modified":"2025-06-28T01:37:15","modified_gmt":"2025-06-28T01:37:15","slug":"en-loire-atlantique-la-voiture-perd-le-controle-arrache-une-haie-et-finit-sa-course-dans-un","status":"publish","type":"post","link":"https:\/\/www.europesays.com\/fr\/209759\/","title":{"rendered":"En Loire-Atlantique, la voiture perd le contr\u00f4le, arrache une haie et finit sa course dans un"},"content":{"rendered":"<tr wp_automatic_readability=\"7.8536585365854\">\n<td valign=\"middle\" align=\"center\" class=\"col-logo\" wp_automatic_readability=\"5\">\n    <img decoding=\"async\" src=\"https:\/\/maville.com\/design\/images\/logo-of-monetise.svg?version=20130627\" alt=\"logo Ouest-France\" height=\"66\"\/><\/p>\n<p>Contenu r\u00e9serv\u00e9 aux abonn\u00e9s<\/p>\n<\/td>\n<td class=\"col-titre\">\n\t\t\tVendredi 27 juin 2025 17:49<br \/>\n\t\t\t<a class=\"icon-bulle sizeL count\" href=\"#ancreAvis\"><br \/>\n\t&#8230;<br \/>\n<\/a><\/td>\n<\/tr>\n<p>\t\t<a class=\"mavillebox2 elmt-photo\" href=\"https:\/\/maville.com\/photosmvi\/2025\/06\/27\/P35318623D6874864G.jpg\" title=\" Une voiture s\u2019est retrouv\u00e9e en feu apr\u00e8s un accident de la route \u00e0 Blain, vendredi 27\u00a0juin.  \u00a9  Ouest-France  &lt;!--TAG-BLC credit--&gt;\" rel=\"galerie_actu noopener\" target=\"_blank\"><br \/>\n\t<img decoding=\"async\" src=\"https:\/\/www.europesays.com\/fr\/wp-content\/uploads\/2025\/06\/P35318623D6874864G_crop_640-330_.jpg\" alt=\"photo  une voiture s\u2019est retrouv\u00e9e en feu apr\u00e8s un accident de la route \u00e0 blain, vendredi 27\u00a0juin.  \u00a9  ouest-france \"\/><br \/>\n\t2<br \/>\n<\/a><\/p>\n<p class=\"elmt-legende\"> Une voiture s\u2019est retrouv\u00e9e en feu apr\u00e8s un accident de la route \u00e0 Blain, vendredi 27\u00a0juin.  \u00a9  Ouest-France  <\/p>\n<p><a class=\"mavillebox2\" href=\"https:\/\/maville.com\/photosmvi\/2025\/06\/27\/P35318624D6874864G.jpg\" title=\"la voiture accident\u00e9e en cours de d\u00e9pannage. \u00a9  ouest-france \" rel=\"galerie_actu noopener\" target=\"_blank\"><\/p>\n<p>\t\tUne voiture, avec quatre personnes \u00e0 son bord, a fait une sortie de route, t\u00f4t dans la matin\u00e9e du vendredi 27\u00a0juin, dans un lieu-dit de Blain, au nord de Nantes (Loire-Atlantique). Le v\u00e9hicule a fait des d\u00e9g\u00e2ts sur son passage. Les passagers ont pris la fuite.<\/p>\n<p><b>Cet article est r\u00e9serv\u00e9 aux abonn\u00e9s<\/b><\/p>\n<p>Pour un acc\u00e8s imm\u00e9diat, abonnez-vous<\/p>\n<p><b>1\u00e8re semaine offerte<\/b><\/p>\n<p>\t\t B\u00e9atrice CHOT-PLASSOT avec notre correspondant local. \u00a0\u00a0<br \/>\n\t\tOuest-France<\/p>\n<p>Retrouvez d&rsquo;autres actus sur les communes de :<\/p>\n<p>\t\t&#13;<\/p>\n","protected":false},"excerpt":{"rendered":"Contenu r\u00e9serv\u00e9 aux abonn\u00e9s Vendredi 27 juin 2025 17:49 &#8230; 2 Une voiture s\u2019est retrouv\u00e9e en feu apr\u00e8s&hellip;\n","protected":false},"author":2,"featured_media":209760,"comment_status":"","ping_status":"","sticky":false,"template":"","format":"standard","meta":{"footnotes":""},"categories":[2818],"tags":[1111,11,34889,7325,6466,1777,674,8928,1011,27,34890,3354,3047,766,12,2636,1439,25,4752],"class_list":{"0":"post-209759","1":"post","2":"type-post","3":"status-publish","4":"format-standard","5":"has-post-thumbnail","7":"category-nantes","8":"tag-actu","9":"tag-actualites","10":"tag-arrache","11":"tag-controle","12":"tag-course","13":"tag-eu","14":"tag-europe","15":"tag-finit","16":"tag-fr","17":"tag-france","18":"tag-haie","19":"tag-jardin","20":"tag-loire-atlantique","21":"tag-nantes","22":"tag-news","23":"tag-pays-de-la-loire","24":"tag-perd","25":"tag-republique-francaise","26":"tag-voiture"},"share_on_mastodon":{"url":"https:\/\/pubeurope.com\/@fr\/114758434547620620","error":""},"_links":{"self":[{"href":"https:\/\/www.europesays.com\/fr\/wp-json\/wp\/v2\/posts\/209759","targetHints":{"allow":["GET"]}}],"collection":[{"href":"https:\/\/www.europesays.com\/fr\/wp-json\/wp\/v2\/posts"}],"about":[{"href":"https:\/\/www.europesays.com\/fr\/wp-json\/wp\/v2\/types\/post"}],"author":[{"embeddable":true,"href":"https:\/\/www.europesays.com\/fr\/wp-json\/wp\/v2\/users\/2"}],"replies":[{"embeddable":true,"href":"https:\/\/www.europesays.com\/fr\/wp-json\/wp\/v2\/comments?post=209759"}],"version-history":[{"count":0,"href":"https:\/\/www.europesays.com\/fr\/wp-json\/wp\/v2\/posts\/209759\/revisions"}],"wp:featuredmedia":[{"embeddable":true,"href":"https:\/\/www.europesays.com\/fr\/wp-json\/wp\/v2\/media\/209760"}],"wp:attachment":[{"href":"https:\/\/www.europesays.com\/fr\/wp-json\/wp\/v2\/media?parent=209759"}],"wp:term":[{"taxonomy":"category","embeddable":true,"href":"https:\/\/www.europesays.com\/fr\/wp-json\/wp\/v2\/categories?post=209759"},{"taxonomy":"post_tag","embeddable":true,"href":"https:\/\/www.europesays.com\/fr\/wp-json\/wp\/v2\/tags?post=209759"}],"curies":[{"name":"wp","href":"https:\/\/api.w.org\/{rel}","templated":true}]}}