{"id":209774,"date":"2025-06-28T01:45:15","date_gmt":"2025-06-28T01:45:15","guid":{"rendered":"https:\/\/www.europesays.com\/fr\/209774\/"},"modified":"2025-06-28T01:45:15","modified_gmt":"2025-06-28T01:45:15","slug":"quatre-nouveaux-parcours-fraicheur-a-marseille-pour-marcher-sans-suer","status":"publish","type":"post","link":"https:\/\/www.europesays.com\/fr\/209774\/","title":{"rendered":"Quatre nouveaux \u00ab\u00a0parcours fra\u00eecheur\u00a0\u00bb \u00e0 Marseille pour marcher sans suer"},"content":{"rendered":"<p>Des \u00ab\u00a0midis doux\u00a0\u00bb. C\u2019est l\u2019intitul\u00e9 du projet europ\u00e9en &#8211; \u00ab\u00a0Cool Noons\u00a0\u00bb, en anglais &#8211; auquel la Ville de Marseille participe depuis l\u2019ann\u00e9e derni\u00e8re et pour lequel quatre <a href=\"https:\/\/www.laprovence.com\/article\/region\/63348682227885\/video-a-marseille-des-parcours-fraicheur-pour-visiter-la-ville-sans-souffrir-de-la-chaleur\" target=\"_blank\" rel=\"noopener\">nouveaux parcours<\/a> ont \u00e9t\u00e9 pr\u00e9sent\u00e9s sur l\u2019esplanade du Mucem (2e). Le but, concilier la marche, <a href=\"https:\/\/www.laprovence.com\/article\/ecoplanete\/1012709561792815\/marseille-une-discussion-citoyenne-organisee-en-septembre-pour-envisager-le-tourisme-urbain-en-plein-ete\" target=\"_blank\" rel=\"noopener\">le tourisme<\/a>, et les vagues de chaleur estivales.<\/p>\n<p>\u00c0 Marseille, \u00ab\u00a070 nuits tropicales par an\u00a0\u00bb<\/p>\n<p>Car les pr\u00e9visions sont pour le moins inqui\u00e9tantes. \u00ab\u00a0\u00c0 Marseille, on compte environ 70\u00a0nuits tropicales chaque ann\u00e9e. Les temp\u00e9ratures augmentent vite d\u00e8s le matin et on constate des \u00e9carts de temp\u00e9ratures de plusieurs degr\u00e9s entre les rues expos\u00e9es au soleil et celles qui sont \u00e0 l\u2019ombre dans les heures les plus chaudes de la journ\u00e9e\u00a0\u00bb, alerte Perrine Prigent, adjointe municipale (PM) en charge de la valorisation du patrimoine et de l\u2019am\u00e9lioration des espaces publics.<\/p>\n<p>\u00ab\u00a0Surtout qu\u2019on n\u2019est pas aid\u00e9s\u00a0: <a href=\"https:\/\/www.laprovence.com\/article\/politique\/132059287972815\/video-a-marseille-la-place-castellane-retrouve-son-lustre-dantan\" target=\"_blank\" rel=\"noopener\">la place Castellane<\/a> (6e), <a href=\"https:\/\/www.laprovence.com\/article\/societe\/25917689468566\/chaleur-au-travail-a-marseille-on-se-retrouve-vite-a-bosser-sous-47-c\" target=\"_blank\" rel=\"noopener\">le Vieux-Port<\/a> (1er), <a href=\"https:\/\/www.laprovence.com\/article\/faits-divers-justice\/13657487297504\/alerte-a-la-pollution-de-l-air-a-marseille-interdiction-de-circulation-et-controles-de-police-tout-le-week-end\" target=\"_blank\" rel=\"noopener\">l\u2019esplanade du Mucem<\/a>\u00a0sont des endroits refaits \u00e0 neuf et pourtant, on y grille tout au long de la journ\u00e9e\u00a0\u00bb, critique l\u2019adjointe (EELV) en charge de l\u2019environnement et de la gestion des espaces naturels, Christine Juste, en r\u00e9f\u00e9rence aux derniers am\u00e9nagements de la M\u00e9tropole.<\/p>\n<p>Quatre nouveaux parcours dans les quartiers Nord<\/p>\n<p>\u00c0 c\u00f4t\u00e9 des deux parcours d\u00e9j\u00e0 existants, entre le Mucem et le Palais Longchamp (4e) d\u2019un c\u00f4t\u00e9, et le Vieux-Port et le Prado (8e) de l\u2019autre, quatre nouveaux itin\u00e9raires sont pr\u00e9vus pour\u00a02026. \u00ab\u00a0L\u2019objectif est de cr\u00e9er un r\u00e9seau pi\u00e9ton qui alterne entre des cheminements naturels riches en biodiversit\u00e9, des portions de route apais\u00e9es et am\u00e9nag\u00e9es avec des arbres et des pergolas, pour relier les quartiers gr\u00e2ce \u00e0 des cheminements coh\u00e9rents, agr\u00e9ables et valorisant le patrimoine\u00a0\u00bb, souligne l\u2019office du tourisme de Marseille. Sur les deux parcours existants, cinq fontaines \u00e0 eau vont<strong> <\/strong>notamment \u00eatre install\u00e9es<strong> <\/strong>par la M\u00e9tropole.<\/p>\n<p>Les parcours pr\u00e9vus pour\u00a02026 permettent la liaison entre Saint-Antoine et les Aygalades (15e), entre la facult\u00e9 de m\u00e9decine Nord et la Gavotte, situ\u00e9e aux Pennes-Mirabeau, ainsi qu\u2019entre Longchamp (4e) et le Merlan (14e). Le quatri\u00e8me itin\u00e9raire relie le boulevard Fr\u00e8ze (15e) \u00e0 l\u2019<a href=\"https:\/\/www.laprovence.com\/article\/region\/1777817504773415\/marseille-a-la-castellane-le-projet-de-reconstruction-de-lecole-saint-andre-repart-a-zero\" target=\"_blank\" rel=\"noopener\">\u00e9cole primaire Saint-Andr\u00e9 la Castellane<\/a> (16e) soit un<strong> <\/strong>\u00ab\u00a0chemin des \u00e9coliers\u00a0\u00bb \u00e0 Verduron, sur les hauteurs de la Castellane (16e).<\/p>\n<p>Une enveloppe de 1,2\u00a0million d\u2019euros a \u00e9t\u00e9 pr\u00e9vue pour l\u2019am\u00e9nagement \u00ab\u00a0de ces six balades ainsi que d\u2019autres \u00e0 venir\u00a0\u00bb pour la p\u00e9riode 2026-2029, annonce la Ville.<\/p>\n","protected":false},"excerpt":{"rendered":"Des \u00ab\u00a0midis doux\u00a0\u00bb. C\u2019est l\u2019intitul\u00e9 du projet europ\u00e9en &#8211; \u00ab\u00a0Cool Noons\u00a0\u00bb, en anglais &#8211; auquel la Ville de&hellip;\n","protected":false},"author":2,"featured_media":209775,"comment_status":"","ping_status":"","sticky":false,"template":"","format":"standard","meta":{"footnotes":""},"categories":[2814],"tags":[17,1111,11,1777,674,1011,31923,27,34891,884,12,2845,12618,471,882,9702,16,25],"class_list":{"0":"post-209774","1":"post","2":"type-post","3":"status-publish","4":"format-standard","5":"has-post-thumbnail","7":"category-marseille","8":"tag-17","9":"tag-actu","10":"tag-actualites","11":"tag-eu","12":"tag-europe","13":"tag-fr","14":"tag-fraicheur","15":"tag-france","16":"tag-marcher","17":"tag-marseille","18":"tag-news","19":"tag-nouveaux","20":"tag-parcours","21":"tag-pour","22":"tag-provence-alpes-cote-dazur","23":"tag-quatre","24":"tag-region","25":"tag-republique-francaise"},"share_on_mastodon":{"url":"https:\/\/pubeurope.com\/@fr\/114758465936484463","error":""},"_links":{"self":[{"href":"https:\/\/www.europesays.com\/fr\/wp-json\/wp\/v2\/posts\/209774","targetHints":{"allow":["GET"]}}],"collection":[{"href":"https:\/\/www.europesays.com\/fr\/wp-json\/wp\/v2\/posts"}],"about":[{"href":"https:\/\/www.europesays.com\/fr\/wp-json\/wp\/v2\/types\/post"}],"author":[{"embeddable":true,"href":"https:\/\/www.europesays.com\/fr\/wp-json\/wp\/v2\/users\/2"}],"replies":[{"embeddable":true,"href":"https:\/\/www.europesays.com\/fr\/wp-json\/wp\/v2\/comments?post=209774"}],"version-history":[{"count":0,"href":"https:\/\/www.europesays.com\/fr\/wp-json\/wp\/v2\/posts\/209774\/revisions"}],"wp:featuredmedia":[{"embeddable":true,"href":"https:\/\/www.europesays.com\/fr\/wp-json\/wp\/v2\/media\/209775"}],"wp:attachment":[{"href":"https:\/\/www.europesays.com\/fr\/wp-json\/wp\/v2\/media?parent=209774"}],"wp:term":[{"taxonomy":"category","embeddable":true,"href":"https:\/\/www.europesays.com\/fr\/wp-json\/wp\/v2\/categories?post=209774"},{"taxonomy":"post_tag","embeddable":true,"href":"https:\/\/www.europesays.com\/fr\/wp-json\/wp\/v2\/tags?post=209774"}],"curies":[{"name":"wp","href":"https:\/\/api.w.org\/{rel}","templated":true}]}}