{"id":209783,"date":"2025-06-28T01:51:08","date_gmt":"2025-06-28T01:51:08","guid":{"rendered":"https:\/\/www.europesays.com\/fr\/209783\/"},"modified":"2025-06-28T01:51:08","modified_gmt":"2025-06-28T01:51:08","slug":"sanofi-vend-son-usine-de-maisons-alfort-600-salaries-concernes","status":"publish","type":"post","link":"https:\/\/www.europesays.com\/fr\/209783\/","title":{"rendered":"Sanofi vend son usine de Maisons-Alfort, 600 salari\u00e9s concern\u00e9s"},"content":{"rendered":"<p>            Par<br \/>\n        <strong><br \/>\n            <a href=\"https:\/\/actu.fr\/auteur\/dorinegoth\" title=\"Consulter tous les articles de Dorine Goth\" target=\"_blank\" rel=\"noopener\">Dorine Goth<\/a><br \/>\n        <\/strong><\/p>\n<p>        Publi\u00e9 le<\/p>\n<p>            27 juin 2025 \u00e0 20h46<br \/>\n        ; mis \u00e0 jour le 27 juin 2025 \u00e0 20h52    <\/p>\n<p>Le site fait partie du paysage de Maisons-Alfort (Val-de-Marne) depuis 1948. Lundi 23\u00a0juin 2025, la direction de <strong><a href=\"https:\/\/actu.fr\/tag\/sanofi\" target=\"_blank\" rel=\"noopener\">Sanofi<\/a><\/strong> a annonc\u00e9 aux syndicats <strong>la vente de l\u2019usine<\/strong> au groupe allemand Adragos Pharma. Les \u00e9lus locaux d\u00e9noncent une \u00ab\u2009annonce brutale\u2009\u00bb alors que le site <a href=\"https:\/\/actu.fr\/ile-de-france\/vitry-sur-seine_94081\/suppression-massive-d-emplois-chez-sanofi-dans-le-val-de-marne-la-justice-contrecarre-les-projets-du-groupe_62450791.html\" target=\"_blank\" rel=\"noopener\">emploie <strong>600\u00a0personnes<\/strong><\/a>. Le projet doit \u00eatre officialis\u00e9 mardi 1er\u00a0juillet 2025.<\/p>\n<p>\u00ab\u2009Une d\u00e9cision inqui\u00e9tante\u2009\u00bb<\/p>\n<p class=\" wall-content\">\u00ab\u00a0Cette d\u00e9cision inqui\u00e9tante concerne pr\u00e8s de 600 salari\u00e9s, dont <strong>l\u2019emploi et l\u2019avenir <\/strong><strong>sont en <\/strong><strong>cause<\/strong>\u00ab\u00a0, d\u00e9plore la municipalit\u00e9, le d\u00e9partement et la r\u00e9gion dans un communiqu\u00e9 commun. Ils jugent la d\u00e9cision \u00ab\u00a0incompr\u00e9hensible\u00a0\u00bb alors que \u00ab\u00a0les collectivit\u00e9s locales et l\u2019\u00c9tat ont consenti ces derni\u00e8res ann\u00e9es d\u2019importants efforts pour accompagner l\u2019activit\u00e9 de ce <strong><a href=\"https:\/\/actu.fr\/societe\/doliprane-ca-y-est-le-medicament-le-plus-consomme-de-france-n-est-plus-francais_62580786.html\" target=\"_blank\" rel=\"noopener\">fleuron mondial de l\u2019industrie pharmaceutique<\/a>\u00ab\u00a0<\/strong>.<\/p>\n<p class=\" wall-content\">Le site est principalement consacr\u00e9 \u00e0 la fabrication d\u2019un anticoagulant dont il produit 160\u00a0millions de seringues par an, exp\u00e9di\u00e9es dans 125 pays. Mais le traitement fait face \u00e0 une concurrence accrue ses derni\u00e8res ann\u00e9es et est de plus en plus remplac\u00e9 par des alternatives. L\u2019usine produit \u00e9galement des m\u00e9dicaments lyophilis\u00e9s, dont des antibiotiques pour les h\u00f4pitaux, principalement pour la France et les pays du Maghreb et de l\u2019Afrique subsaharienne.<\/p>\n<p>S\u00e9curisation des emplois<\/p>\n<p class=\" wall-content\">Dans leur communiqu\u00e9, les \u00e9lus demandent \u00ab\u2009la s\u00e9curisation des emplois sur le site et le maintien des conditions sociales et salariales des personnels\u2009\u00bb, ainsi que \u00ab\u2009la garantie de la continuit\u00e9 de la production pharmaceutique sur ce site\u2009\u00bb. \u00ab\u2009Ils exigent de rencontrer dans les meilleurs d\u00e9lais le repreneur afin de prendre connaissance du contenu de son projet industriel et des conditions dans lesquelles il entend le mettre en \u0153uvre\u2009\u00bb, poursuivent-ils.<\/p>\n<p class=\" wall-content\">De son c\u00f4t\u00e9, Sanofi affirme que \u201cla fermeture du site de Maisons-Alfort est totalement exclue et que tout est mis en \u0153uvre pour construire un projet durable, qui assurera le maintien de l\u2019activit\u00e9 et de l\u2019emploi de cet \u00e9tablissement\u201d. En novembre, Sanofi avait d\u00e9j\u00e0 annonc\u00e9 la <a href=\"https:\/\/actu.fr\/ile-de-france\/gentilly_94037\/il-n-y-a-aucun-respect-de-l-humain-la-resistance-s-organise-pour-sauver-le-site-sanofi-de-gentilly_61869471.html\" target=\"_blank\" rel=\"noopener\">fermeture de son campus \u00e0 Gentilly<\/a>.<\/p>\n<p class=\" wall-content\">Suivez toute l\u2019actualit\u00e9 de vos villes et m\u00e9dias favoris en vous inscrivant \u00e0 <a href=\"https:\/\/moncompte.actu.fr\" title=\"D\u00e9couvez Mon Actu\" rel=\"nofollow noopener\" data-trk=\"{&quot;cta&quot;:{&quot;action&quot;:&quot;https:\\\/\\\/moncompte.actu.fr&quot;,&quot;category&quot;:&quot;mon compte&quot;,&quot;from&quot;:&quot;article footer&quot;,&quot;name&quot;:&quot;Mon actu&quot;,&quot;type&quot;:&quot;cta&quot;}}\" target=\"_blank\">Mon Actu<\/a>.<\/p>\n","protected":false},"excerpt":{"rendered":"Par Dorine Goth Publi\u00e9 le 27 juin 2025 \u00e0 20h46 ; mis \u00e0 jour le 27 juin 2025&hellip;\n","protected":false},"author":2,"featured_media":209784,"comment_status":"","ping_status":"","sticky":false,"template":"","format":"standard","meta":{"footnotes":""},"categories":[1888],"tags":[1111,1928,11,1927,33,341,1777,674,1011,27,12,1926,626,1925,25,11023],"class_list":{"0":"post-209783","1":"post","2":"type-post","3":"status-publish","4":"format-standard","5":"has-post-thumbnail","7":"category-paris","8":"tag-actu","9":"tag-actu-paris","10":"tag-actualites","11":"tag-actualites-paris","12":"tag-economie","13":"tag-emploi","14":"tag-eu","15":"tag-europe","16":"tag-fr","17":"tag-france","18":"tag-news","19":"tag-news-paris","20":"tag-paris","21":"tag-paris-news","22":"tag-republique-francaise","23":"tag-sanofi"},"share_on_mastodon":{"url":"https:\/\/pubeurope.com\/@fr\/114758489619593447","error":""},"_links":{"self":[{"href":"https:\/\/www.europesays.com\/fr\/wp-json\/wp\/v2\/posts\/209783","targetHints":{"allow":["GET"]}}],"collection":[{"href":"https:\/\/www.europesays.com\/fr\/wp-json\/wp\/v2\/posts"}],"about":[{"href":"https:\/\/www.europesays.com\/fr\/wp-json\/wp\/v2\/types\/post"}],"author":[{"embeddable":true,"href":"https:\/\/www.europesays.com\/fr\/wp-json\/wp\/v2\/users\/2"}],"replies":[{"embeddable":true,"href":"https:\/\/www.europesays.com\/fr\/wp-json\/wp\/v2\/comments?post=209783"}],"version-history":[{"count":0,"href":"https:\/\/www.europesays.com\/fr\/wp-json\/wp\/v2\/posts\/209783\/revisions"}],"wp:featuredmedia":[{"embeddable":true,"href":"https:\/\/www.europesays.com\/fr\/wp-json\/wp\/v2\/media\/209784"}],"wp:attachment":[{"href":"https:\/\/www.europesays.com\/fr\/wp-json\/wp\/v2\/media?parent=209783"}],"wp:term":[{"taxonomy":"category","embeddable":true,"href":"https:\/\/www.europesays.com\/fr\/wp-json\/wp\/v2\/categories?post=209783"},{"taxonomy":"post_tag","embeddable":true,"href":"https:\/\/www.europesays.com\/fr\/wp-json\/wp\/v2\/tags?post=209783"}],"curies":[{"name":"wp","href":"https:\/\/api.w.org\/{rel}","templated":true}]}}