{"id":209808,"date":"2025-06-28T02:06:22","date_gmt":"2025-06-28T02:06:22","guid":{"rendered":"https:\/\/www.europesays.com\/fr\/209808\/"},"modified":"2025-06-28T02:06:22","modified_gmt":"2025-06-28T02:06:22","slug":"volley-ball-inter-colleges-feminin-le-college-adventiste-prie-de-quitter-le-terrain-en-plein-premier-set","status":"publish","type":"post","link":"https:\/\/www.europesays.com\/fr\/209808\/","title":{"rendered":"Volley-ball \u2013 inter-coll\u00e8ges f\u00e9minin : Le coll\u00e8ge Adventiste pri\u00e9 de quitter le terrain en plein premier set !"},"content":{"rendered":"<ul>\n<li class=\"p1\">\n<b>L\u2019\u00e9tablissement \u00ab disqualifi\u00e9e \u00bb au grand d\u00e9sarroi de ses joueuses, humili\u00e9es selon son professeur d\u2019\u00e9ducation physique, Maxwell Drack, alors qu\u2019elles ont \u00e9t\u00e9 pourtant autoris\u00e9es \u00e0 participer \u00e0 la phase r\u00e9gionale qu\u2019elles ont du reste remport\u00e9e ! <\/b>\n<\/li>\n<li class=\"p1\">\n<b>La fa\u00e7on de faire de deux officiers du minist\u00e8re des Sports et de l\u2019\u00c9ducation respectivement d\u00e9nonc\u00e9e. Une blessure psychologique \u00e9voqu\u00e9e apr\u00e8s celle v\u00e9cue par les filles du LCQB, il y a un mois en tennis de table<\/b>\n<\/li>\n<\/ul>\n<p><strong>Le coll\u00e8ge Adventiste a \u00e9t\u00e9 \u00ab disqualifi\u00e9 \u00bb des quarts de finale du tournoi inter-coll\u00e8ges de volley-ball (18+), lundi au gymnase Pandit Sahadeo \u00e0 Vacoas. Alors que ce coll\u00e8ge menait facilement au score (11-4) face au Coll\u00e8ge Lorette de Saint-Pierre, le match a \u00e9t\u00e9 stopp\u00e9 par des officiers du minist\u00e8re des Sports et de l\u2019\u00c9ducation, affirme Maxwell Drack, professeur d\u2019\u00e9ducation physique de ce coll\u00e8ge ! La raison, selon lui, est que les proc\u00e9dures n\u2019ont pas \u00e9t\u00e9 respect\u00e9es compte tenu du fait que le coll\u00e8ge Adventiste avait align\u00e9 des jeunes de moins de 18 ans dans cette cat\u00e9gorie !<\/strong><\/p>\n<p class=\"p1\">Il y a un mois, le Coll\u00e8ge Lorette de Quatre-Bornes (LCQB) avait remport\u00e9 la phase r\u00e9gionale de la zone 4 dans les trois cat\u00e9gories en tennis de table. Les filles avaient m\u00eame re\u00e7u leurs m\u00e9dailles avant d\u2019\u00eatre somm\u00e9es de les rendre par un officier du minist\u00e8re de l\u2019\u00c9ducation ! La raison ? Le coll\u00e8ge s\u2019\u00e9tait inscrit apr\u00e8s la date limite ! \u00c0 qui donc la faute si le LCQB avait \u00e9t\u00e9 autoris\u00e9 \u00e0 disputer ce tournoi ?<\/p>\n<p>&#8211; Publicit\u00e9 &#8211;<\/p>\n<p class=\"p1\">Ce sont cette fois les filles du coll\u00e8ge Adventiste qui ont v\u00e9cu l\u2019humiliation, lundi dernier \u00e0 Vacoas apr\u00e8s avoir \u00e9t\u00e9 contraintes de quitter le terrain au premier set alors qu\u2019elles menaient pourtant au score. \u00ab Des officiers nous ont fait comprendre que nous \u00e9tions disqualifi\u00e9es, alors que pourtant, nous avons bien domin\u00e9 la phase r\u00e9gionale de la zone 3 et m\u00eame, nous avons \u00e9t\u00e9 r\u00e9compens\u00e9es ! \u00bb, d\u00e9plore-t-il.<\/p>\n<p class=\"p1\">Pourquoi alors cette disqualification ? \u00ab Pour vous dire franchement, je ne comprends pas moi-m\u00eame, la logique. J\u2019avais bien fait comprendre, avant la comp\u00e9tition, que nous allions compl\u00e9ter notre \u00e9quipe par des joueuses de moins de 18 ans. Cela, afin qu\u2019il n\u2019y ait pas de disparit\u00e9. Ceux avec qui j\u2019ai discut\u00e9 \u00e9taient pourtant d\u2019accord \u00bb, d\u00e9clare Maxwell Drack.<\/p>\n<p>&#8211; Publicit\u00e9 &#8211;<\/p>\n<p class=\"p1\">Malheureusement, ajoute-t-il, le discours a chang\u00e9 ce lundi et cela l\u2019attriste. \u00ab Ces m\u00eames officiers arr\u00eatent le match pour dire cette fois que nous ne sommes pas \u00e9ligibles \u00e0 disputer les quarts de finale ! \u00bb, fustige-t-il avant d\u2019ajouter: \u00ab pourquoi alors nous avoir permis de disputer la phase r\u00e9gionale ? On aurait compris si, au d\u00e9part, on nous avait interdit la comp\u00e9tition. Sauf que la fa\u00e7on dont nos filles ont \u00e9t\u00e9 appel\u00e9es \u00e0 quitter la comp\u00e9tition est humiliante. C\u2019est une honte pour le sport. \u00bb <\/p>\n<p class=\"p1\">Pour Maxwell Drack, ces inter-coll\u00e8ges \u00e9taient l\u2019occasion r\u00eav\u00e9e pour booster le niveau du volley-ball f\u00e9minin national d\u00e9j\u00e0 \u00e0 la tra\u00eene. \u00ab Cela fait des ann\u00e9es que je suis dans l\u2019enseignement. J\u2019ai align\u00e9 une fille de 13 ans et elle m\u2019a \u00e9merveill\u00e9. Quel message veut-on d\u00e9sormais faire passer aux jeunes par le biais de cette d\u00e9marche honteuse ? Sait-on au moins les cons\u00e9quences psychologiques que ce genre de d\u00e9marche occasionne ? Vivement le temps o\u00f9 la MSSSA \u00e9tait responsable de l\u2019organisation. \u00bb <\/p>\n<p>&#8211; Advertisement &#8211;<\/p>\n<p class=\"p1\">Pour conclure, Maxwell Drack affirme avoir demand\u00e9 \u00e0 la direction du coll\u00e8ge d\u2019\u00e9crire au minist\u00e8re de l\u2019\u00c9ducation et des Sports pour faire part de leur m\u00e9contentement. \u00ab On envisageait de protester sauf que, pour le faire, il fallait payer Rs 3 000 pour une incomp\u00e9tence qui n\u2019est pas la n\u00f4tre !\u00a0 \u00bb<\/p>\n<p>&#8211; Publicit\u00e9 &#8211;<\/p>\n","protected":false},"excerpt":{"rendered":"L\u2019\u00e9tablissement \u00ab disqualifi\u00e9e \u00bb au grand d\u00e9sarroi de ses joueuses, humili\u00e9es selon son professeur d\u2019\u00e9ducation physique, Maxwell Drack,&hellip;\n","protected":false},"author":2,"featured_media":209809,"comment_status":"","ping_status":"","sticky":false,"template":"","format":"standard","meta":{"footnotes":""},"categories":[1417],"tags":[1011,27,60,1470,1469],"class_list":{"0":"post-209808","1":"post","2":"type-post","3":"status-publish","4":"format-standard","5":"has-post-thumbnail","7":"category-volley","8":"tag-fr","9":"tag-france","10":"tag-sports","11":"tag-volley","12":"tag-volleyball"},"share_on_mastodon":{"url":"https:\/\/pubeurope.com\/@fr\/114758548462635348","error":""},"_links":{"self":[{"href":"https:\/\/www.europesays.com\/fr\/wp-json\/wp\/v2\/posts\/209808","targetHints":{"allow":["GET"]}}],"collection":[{"href":"https:\/\/www.europesays.com\/fr\/wp-json\/wp\/v2\/posts"}],"about":[{"href":"https:\/\/www.europesays.com\/fr\/wp-json\/wp\/v2\/types\/post"}],"author":[{"embeddable":true,"href":"https:\/\/www.europesays.com\/fr\/wp-json\/wp\/v2\/users\/2"}],"replies":[{"embeddable":true,"href":"https:\/\/www.europesays.com\/fr\/wp-json\/wp\/v2\/comments?post=209808"}],"version-history":[{"count":0,"href":"https:\/\/www.europesays.com\/fr\/wp-json\/wp\/v2\/posts\/209808\/revisions"}],"wp:featuredmedia":[{"embeddable":true,"href":"https:\/\/www.europesays.com\/fr\/wp-json\/wp\/v2\/media\/209809"}],"wp:attachment":[{"href":"https:\/\/www.europesays.com\/fr\/wp-json\/wp\/v2\/media?parent=209808"}],"wp:term":[{"taxonomy":"category","embeddable":true,"href":"https:\/\/www.europesays.com\/fr\/wp-json\/wp\/v2\/categories?post=209808"},{"taxonomy":"post_tag","embeddable":true,"href":"https:\/\/www.europesays.com\/fr\/wp-json\/wp\/v2\/tags?post=209808"}],"curies":[{"name":"wp","href":"https:\/\/api.w.org\/{rel}","templated":true}]}}