{"id":209810,"date":"2025-06-28T02:07:12","date_gmt":"2025-06-28T02:07:12","guid":{"rendered":"https:\/\/www.europesays.com\/fr\/209810\/"},"modified":"2025-06-28T02:07:12","modified_gmt":"2025-06-28T02:07:12","slug":"finale-top-14-un-mec-formidable-et-un-joueur-qui-a-la-classe-contre-toulouse-la-derniere-cartouche-avec-bordeaux-begles-de-pete-samu","status":"publish","type":"post","link":"https:\/\/www.europesays.com\/fr\/209810\/","title":{"rendered":"Finale Top 14 \u2013 \u00ab\u00a0Un mec formidable et un joueur qui a la classe\u00a0\u00bb\u00a0: contre Toulouse, la derni\u00e8re cartouche avec Bordeaux-B\u00e8gles de Pete Samu"},"content":{"rendered":"<p>\n                Le num\u00e9ro\u00a08 australien va disputer son dernier match avec l\u2019UBB, au Stade de France, avant une s\u00e9paration que tout le monde semble regretter, tant il aura \u00e9t\u00e9 d\u00e9cisif, notamment depuis le d\u00e9but de l\u2019ann\u00e9e 2025.\n            <\/p>\n<p>C\u2019est un cr\u00e8ve-c\u0153ur pour tout le monde \u00e0 l\u2019Union Bordeaux-B\u00e8gles. L\u2019Australien Pete Samu va disputer son dernier match \u00e0 l\u2019occasion de cette finale de Top 14. Le staff technique et les dirigeants se sont pourtant creus\u00e9 les m\u00e9ninges pour essayer de faire entrer le troisi\u00e8me ligne dans l\u2019\u00e9quation parfois tordue du rugby professionnel (nombre de Jiff, salary cap,\u00a0etc.) sans parvenir \u00e0 trouver une solution pour renouveler son contrat. \u00ab\u00a0J\u2019aurai vraiment ador\u00e9 les deux saisons pass\u00e9es \u00e0 l\u2019UBB (2023-2025), confiait le joueur dans Sud Ouest apr\u00e8s avoir compris que son aventure en Gironde prendrait fin au 30\u00a0juin. Dans un monde parfait, j\u2019aurais aim\u00e9 rester. Ma famille adore la vie ici, les enfants sont contents\u2026 Mais c\u2019est le rugby. Tu ne peux pas forc\u00e9ment rester quelque part pour toujours.\u00a0\u00bb<\/p>\n<p class=\"std-elt__inline\">\n        <strong>\u00c0 lire aussi :<\/strong><br \/>\n        <a href=\"https:\/\/www.rugbyrama.fr\/2025\/06\/27\/finale-top-14-la-composition-de-bordeaux-begles-avec-louis-bielle-biarrey-bien-present-et-pete-samu-dentree-12790141.php\" rel=\"nofollow noopener\" target=\"_blank\">Finale Top 14 \u2013 La composition de Bordeaux-B\u00e8gles, avec Louis Bielle-Biarrey bien pr\u00e9sent et Pete Samu d\u2019entr\u00e9e<\/a>\n    <\/p>\n<p>C\u2019est finalement l\u2019Australie qui se frotte les mains, toute heureuse de r\u00e9cup\u00e9rer un joueur d\u2019exp\u00e9rience au sein de la province des Waratahs et maintenant attendu comme le messie chez des Wallabies mal en point au moment de recevoir les Lions britanniques et irlandais. Ce retour en s\u00e9lection est la r\u00e9compense logique de la saison du num\u00e9ro\u00a08 bordelais, salu\u00e9 du c\u00f4t\u00e9 du Ceva Campus pour son professionnalisme, son sens du collectif et sa bonne humeur constante, malgr\u00e9 les al\u00e9as d\u2019une saison de Top 14.<\/p>\n<p>Une reprise \u00e0 l\u2019aile<\/p>\n<p>En effet, si Pete Samu est un fer de lance de l\u2019UBB depuis le d\u00e9but de l\u2019ann\u00e9e civile, il avait d\u00fb ronger son frein en d\u00e9but de saison. Il n\u2019avait connu que six feuilles de matchs (cinq en Top 14, une en Champions Cup) avant le mois de f\u00e9vrier, alors que l\u2019an pass\u00e9, ses performances avaient certainement \u00e9t\u00e9 minor\u00e9es en raison des prestations dantesques de Tevita Tatafu, arriv\u00e9 en m\u00eame temps que lui en Gironde. Pete Samu n\u2019est pas du genre \u00e0 en prendre ombrage, bien au contraire. Frein\u00e9 cette saison par une entorse au genou contract\u00e9e lors de la premi\u00e8re journ\u00e9e de Champions Cup d\u00e9but d\u00e9cembre, il avait d\u00fb patienter jusqu\u2019au mois de f\u00e9vrier et un d\u00e9placement \u00e0 Bayonne pour faire son retour \u00e0 la comp\u00e9tition, quand Yannick Bru avait d\u00e9cid\u00e9 de le titulariser\u2026 \u00e0 l\u2019aile.<\/p>\n<p>La blessure de Tevita Tatafu (op\u00e9ration de la cheville) avant le d\u00e9but du Tournoi des 6 Nations a fini de redistribuer les cartes, d\u00e9montrant qu\u2019il \u00e9tait bien mieux qu\u2019une doublure au poste de num\u00e9ro\u00a08\u00a0: \u00ab\u00a0Depuis deux mois, il encha\u00eene les performances de tr\u00e8s haut niveau et montre pourquoi il a presque 40 s\u00e9lections avec les Wallabies\u00a0\u00bb, saluait le manager de l\u2019UBB au d\u00e9but de la phase finale de Champions Cup, comp\u00e9tition o\u00f9 l\u2019Australien a toujours brill\u00e9, jusqu\u2019\u00e0 cette passe magique sur l\u2019essai stratosph\u00e9rique de Louis Bielle-Biarrey en demi-finale face au Stade toulousain. \u00ab\u00a0J\u2019ai toujours trouv\u00e9 que c\u2019\u00e9tait un excellent joueur, reconnaissait cette semaine Christophe Laussucq. Apr\u00e8s, il y a toujours une p\u00e9riode d\u2019adaptation pour les joueurs qui arrivent du Super Rugby car c\u2019est une comp\u00e9tition diff\u00e9rente, sans pression, avec moins de ballons port\u00e9s, moins de m\u00eal\u00e9es \u00e9croul\u00e9es, toutes ces choses-l\u00e0. Une p\u00e9riode d\u2019adaptation est n\u00e9cessaire mais Pete Samu est joueur fabuleux, un joueur de classe mondiale qui ne s\u2019est pas r\u00e9v\u00e9l\u00e9 \u00e0 l\u2019UBB.\u00a0\u00bb<\/p>\n<p>Un grand timide<\/p>\n<p>Depuis le d\u00e9placement \u00e0 Bayonne, Pete Samu a disput\u00e9 treize rencontres toutes comp\u00e9titions confondues, rel\u00e9guant Tevita Tatafu en tribunes, ce qui semblait \u00eatre impensable la saison derni\u00e8re, et il est d\u00e9j\u00e0 certain que \u00ab\u00a0Pistol\u00a0\u00bb, comme l\u2019appellent ses partenaires, laissera une trace \u00e0 l\u2019UBB comme le souligne son co\u00e9quipier Maxime Lamothe\u00a0: \u00ab\u00a0J\u2019ai tellement de mots qui me viennent \u00e0 l\u2019esprit pour parler de Pete. C\u2019est un joueur discret mais qui abat un travail ph\u00e9nom\u00e9nal. C\u2019est un mec formidable et un joueur qui a la classe. Depuis deux ans, il nous apporte quelque chose que l\u2019UBB n\u2019avait pas et il est certain qu\u2019il a jou\u00e9 un r\u00f4le essentiel dans le titre remport\u00e9 en Champions Cup, tout comme il a une part de responsabilit\u00e9 \u00e9norme dans notre qualification pour cette finale de Top 14.\u00a0\u00bb<\/p>\n<p>Le Wallaby s\u2019est impos\u00e9 comme une \u00e9vidence sans jamais chercher \u00e0 se mettre en avant. \u00ab\u00a0C\u2019est quelqu\u2019un de calme, timide, qui ne parle pas beaucoup, explique Yoram Moefana. On le titille un peu pour qu\u2019il parle un peu plus (sourire). C\u2019est surtout un grand joueur, qui comprend parfaitement le jeu, notamment dans le secteur offensif o\u00f9 il est toujours au soutien quand un joueur perce.\u00a0\u00bb\u00a0De son c\u00f4t\u00e9, Yannick Bru ne perd jamais une occasion pour louer ses qualit\u00e9s humaines\u00a0: \u00ab\u00a0C\u2019est un joueur d\u2019une humilit\u00e9 et d\u2019un altruisme tr\u00e8s forts, qui est tr\u00e8s appr\u00e9ci\u00e9 au sein de l\u2019\u00e9quipe.\u00a0\u00bb<\/p>\n<p>Souvent catalogu\u00e9 comme un troisi\u00e8me ligne fait pour le jeu a\u00e9r\u00e9 de la Champions Cup, en raison de sa pointe de vitesse et de son aisance technique, Pete Samu a d\u00e9montr\u00e9 qu\u2019il \u00e9tait aussi capable de s\u2019\u00e9panouir en Top 14, en \u00e9tant aussi pr\u00e9cieux dans le jeu au sol comme face \u00e0 Toulon en demi-finale.<\/p>\n","protected":false},"excerpt":{"rendered":"Le num\u00e9ro\u00a08 australien va disputer son dernier match avec l\u2019UBB, au Stade de France, avant une s\u00e9paration que&hellip;\n","protected":false},"author":2,"featured_media":209811,"comment_status":"","ping_status":"","sticky":false,"template":"","format":"standard","meta":{"footnotes":""},"categories":[1416],"tags":[1011,27,479,1468,60],"class_list":{"0":"post-209810","1":"post","2":"type-post","3":"status-publish","4":"format-standard","5":"has-post-thumbnail","7":"category-rugby","8":"tag-fr","9":"tag-france","10":"tag-rugby","11":"tag-rugby-football","12":"tag-sports"},"share_on_mastodon":{"url":"https:\/\/pubeurope.com\/@fr\/114758552337214332","error":""},"_links":{"self":[{"href":"https:\/\/www.europesays.com\/fr\/wp-json\/wp\/v2\/posts\/209810","targetHints":{"allow":["GET"]}}],"collection":[{"href":"https:\/\/www.europesays.com\/fr\/wp-json\/wp\/v2\/posts"}],"about":[{"href":"https:\/\/www.europesays.com\/fr\/wp-json\/wp\/v2\/types\/post"}],"author":[{"embeddable":true,"href":"https:\/\/www.europesays.com\/fr\/wp-json\/wp\/v2\/users\/2"}],"replies":[{"embeddable":true,"href":"https:\/\/www.europesays.com\/fr\/wp-json\/wp\/v2\/comments?post=209810"}],"version-history":[{"count":0,"href":"https:\/\/www.europesays.com\/fr\/wp-json\/wp\/v2\/posts\/209810\/revisions"}],"wp:featuredmedia":[{"embeddable":true,"href":"https:\/\/www.europesays.com\/fr\/wp-json\/wp\/v2\/media\/209811"}],"wp:attachment":[{"href":"https:\/\/www.europesays.com\/fr\/wp-json\/wp\/v2\/media?parent=209810"}],"wp:term":[{"taxonomy":"category","embeddable":true,"href":"https:\/\/www.europesays.com\/fr\/wp-json\/wp\/v2\/categories?post=209810"},{"taxonomy":"post_tag","embeddable":true,"href":"https:\/\/www.europesays.com\/fr\/wp-json\/wp\/v2\/tags?post=209810"}],"curies":[{"name":"wp","href":"https:\/\/api.w.org\/{rel}","templated":true}]}}