{"id":209812,"date":"2025-06-28T02:08:13","date_gmt":"2025-06-28T02:08:13","guid":{"rendered":"https:\/\/www.europesays.com\/fr\/209812\/"},"modified":"2025-06-28T02:08:13","modified_gmt":"2025-06-28T02:08:13","slug":"humbert-chute-en-demi-finales-a-eastbourne","status":"publish","type":"post","link":"https:\/\/www.europesays.com\/fr\/209812\/","title":{"rendered":"Humbert chute en demi-finales \u00e0 Eastbourne"},"content":{"rendered":"<p>20e \u00e0 l\u2019ATP, le Fran\u00e7ais s\u2019est inclin\u00e9 face \u00e0 l\u2019Am\u00e9ricain Jenson Brooksby (149e) ce vendredi, en demies du tournoi sur gazon de Eastbourne.<\/p>\n<p class=\"fig-paragraph\">Le Fran\u00e7ais Ugo Humbert (20e) s\u2019est inclin\u00e9 vendredi en demi-finales du tournoi sur gazon d\u2019Eastbourne, battu l\u2019Am\u00e9ricain Jenson Brooksby (149e) 6-7 (7\/9), 6-4, 6-4. Humbert, qui a f\u00eat\u00e9 son 27e anniversaire jeudi, s\u2019est montr\u00e9 f\u00e9brile dans les moments cl\u00e9s. Alors qu\u2019il avait remport\u00e9 la premi\u00e8re manche au tie-break, le gaucher messin a mal n\u00e9goci\u00e9 la fin du deuxi\u00e8me set. Trois fautes directes sur sa mise en jeu \u00e0 5-4 en faveur de Jenson Brooksby lui ont \u00e9t\u00e9 fatales, relan\u00e7ant l\u2019Am\u00e9ricain qui a empoch\u00e9 la manche pour pousser le match en trois sets.<\/p>\n<p class=\"fig-paragraph\">Visiblement g\u00ean\u00e9 au bas du dos, Humbert a ensuite laiss\u00e9 son adversaire dicter les \u00e9changes et s\u2019est retrouv\u00e9 men\u00e9 3-0 au bout de 12 minutes dans la troisi\u00e8me manche. Au pied du mur, la t\u00eate de s\u00e9rie N.4 a d\u2019abord remport\u00e9 son jeu de service, puis a pris celui du g\u00e9ant am\u00e9ricain (1,93 m; 86 kg) avant de recoller 3-3, dans une s\u00e9quence o\u00f9 il a sembl\u00e9 retrouver son jeu de jambes et s\u2019est montr\u00e9 de nouveau conqu\u00e9rant avec une vari\u00e9t\u00e9 de coups.<\/p>\n<p class=\"fig-paragraph\">Malgr\u00e9 cette frayeur, Brooksby a repris le contr\u00f4le du match, d\u00e9veloppant un jeu s\u00e9duisant qui rappelle qu\u2019il fut il y a quelques ann\u00e9es un top 40 (33e le 22 juin 2022). Apr\u00e8s un final haletant, l\u2019Am\u00e9ricain s\u2019est finalement impos\u00e9 sur sa troisi\u00e8me balle de match apr\u00e8s 2h37 de jeu. Humbert, \u00e9galement demi-finaliste mi-juin sur le gazon n\u00e9erlandais de \u2019s-Hertogenbosch, abordera toutefois le Grand Chelem de Wimbledon avec quelques certitudes mais un adversaire coriace au premier tour en la personne de Ga\u00ebl Monfils, dernier Fran\u00e7ais \u00e0 avoir atteint la finale \u00e0 Eastbourne en 2017.<\/p>\n","protected":false},"excerpt":{"rendered":"20e \u00e0 l\u2019ATP, le Fran\u00e7ais s\u2019est inclin\u00e9 face \u00e0 l\u2019Am\u00e9ricain Jenson Brooksby (149e) ce vendredi, en demies du&hellip;\n","protected":false},"author":2,"featured_media":209813,"comment_status":"","ping_status":"","sticky":false,"template":"","format":"standard","meta":{"footnotes":""},"categories":[1415],"tags":[47,4169,525,1981,4178,4179,1011,27,1114,3996,4177,4176,4174,4175,1980,4171,60,1467,6602,4172,4173,4170],"class_list":{"0":"post-209812","1":"post","2":"type-post","3":"status-publish","4":"format-standard","5":"has-post-thumbnail","7":"category-tennis","8":"tag-actualite","9":"tag-atp","10":"tag-calendrier","11":"tag-classement","12":"tag-coupe-davis","13":"tag-fed-cup","14":"tag-fr","15":"tag-france","16":"tag-infos","17":"tag-jeux-olympiques","18":"tag-masters-1000","19":"tag-masters-500","20":"tag-masters-series","21":"tag-open-daustralie","22":"tag-resultats","23":"tag-roland-garros","24":"tag-sports","25":"tag-tennis","26":"tag-ugo-humbert","27":"tag-us-open","28":"tag-wimbledon","29":"tag-wta"},"share_on_mastodon":{"url":"https:\/\/pubeurope.com\/@fr\/114758556420034746","error":""},"_links":{"self":[{"href":"https:\/\/www.europesays.com\/fr\/wp-json\/wp\/v2\/posts\/209812","targetHints":{"allow":["GET"]}}],"collection":[{"href":"https:\/\/www.europesays.com\/fr\/wp-json\/wp\/v2\/posts"}],"about":[{"href":"https:\/\/www.europesays.com\/fr\/wp-json\/wp\/v2\/types\/post"}],"author":[{"embeddable":true,"href":"https:\/\/www.europesays.com\/fr\/wp-json\/wp\/v2\/users\/2"}],"replies":[{"embeddable":true,"href":"https:\/\/www.europesays.com\/fr\/wp-json\/wp\/v2\/comments?post=209812"}],"version-history":[{"count":0,"href":"https:\/\/www.europesays.com\/fr\/wp-json\/wp\/v2\/posts\/209812\/revisions"}],"wp:featuredmedia":[{"embeddable":true,"href":"https:\/\/www.europesays.com\/fr\/wp-json\/wp\/v2\/media\/209813"}],"wp:attachment":[{"href":"https:\/\/www.europesays.com\/fr\/wp-json\/wp\/v2\/media?parent=209812"}],"wp:term":[{"taxonomy":"category","embeddable":true,"href":"https:\/\/www.europesays.com\/fr\/wp-json\/wp\/v2\/categories?post=209812"},{"taxonomy":"post_tag","embeddable":true,"href":"https:\/\/www.europesays.com\/fr\/wp-json\/wp\/v2\/tags?post=209812"}],"curies":[{"name":"wp","href":"https:\/\/api.w.org\/{rel}","templated":true}]}}