{"id":209814,"date":"2025-06-28T02:09:20","date_gmt":"2025-06-28T02:09:20","guid":{"rendered":"https:\/\/www.europesays.com\/fr\/209814\/"},"modified":"2025-06-28T02:09:20","modified_gmt":"2025-06-28T02:09:20","slug":"jean-pierre-siutat-reagit-aux-rumeurs-de-clash-avec-evan-fournier-basket-usa","status":"publish","type":"post","link":"https:\/\/www.europesays.com\/fr\/209814\/","title":{"rendered":"Jean-Pierre Siutat r\u00e9agit aux rumeurs de clash avec Evan Fournier \u2022 Basket USA"},"content":{"rendered":"<p><img fetchpriority=\"high\" decoding=\"async\" class=\"aligncenter size-full wp-image-728848\" src=\"https:\/\/www.europesays.com\/fr\/wp-content\/uploads\/2025\/06\/fournier-evan.jpg\" alt=\"evan fournier\" width=\"1600\" height=\"1067\"  \/>\n<\/p>\n<p>Que s\u2019est-il pass\u00e9 dans l\u2019intimit\u00e9 de l\u2019Equipe de France entre la grosse <a href=\"https:\/\/www.basketusa.com\/news\/727921\/jo-2024-france-allemagne\/\" rel=\"prefetch noopener\" target=\"_blank\">d\u00e9faite face \u00e0 l\u2019Allemagne<\/a> et le <a href=\"https:\/\/www.basketusa.com\/news\/728256\/les-choix-forts-et-payants-de-vincent-collet-face-au-canada\/\" rel=\"prefetch noopener\" target=\"_blank\">quart-de-finale face au Canada<\/a> ? On a beaucoup parl\u00e9 d\u2019une prise de parole de <strong>Jean-Pierre Siutat<\/strong> devant tout le groupe, exprimant sa \u201chonte\u201d face aux prestation des Bleus. <strong>Evan Fournier<\/strong> lui aurait alors r\u00e9pondu du tac-au-tac, parlant aussi de \u201chonte\u201d \u00e0 propos du comportement de Siutat. <a href=\"https:\/\/rmcsport.bfmtv.com\/jeux-olympiques\/jo-2024-basket-moi-j-ai-honte-de-toi-ce-clash-entre-un-joueur-et-le-president-de-la-federation-qui-a-fait-basculer-le-tournoi-des-bleus_AV-202408110349.html?fbclid=IwY2xjawEucftleHRuA2FlbQIxMAABHWMgZ8BAOkqd-eHLuvGt2gsCrIokEDMZbiDzJhwjsOPDUuqPTKwt-g9mvQ_aem_O71vVz8qRz8cYdhiHiFKqw\" rel=\"prefetch noopener\" target=\"_blank\">RMC<\/a> \u00e9voque ainsi un geste fort de l\u2019ancien arri\u00e8re des Knicks : il se serait lev\u00e9 pour quitter la salle de r\u00e9union, et ses co\u00e9quipiers l\u2019auraient suivi.\n<\/p>\n<p>Interrog\u00e9 par <a href=\"https:\/\/www.lequipe.fr\/Jo-2024-paris\/Basket\/Article\/Jean-pierre-siutat-president-de-la-ffbb-sur-l-altercation-avec-evan-fournier-la-petite-histoire-on-s-en-fout\/1501906\" rel=\"prefetch noopener\" target=\"_blank\">L\u2019Equipe<\/a> sur cet incident, Siutat pr\u00e9f\u00e8re botter en touche, parlant de \u201cpetite histoire\u201d. \u201cJe ne m\u2019exprimerai pas l\u00e0-dessus. C\u2019est notre cuisine interne. Je ne veux pas entretenir ce que vous voulez entretenir.\u00a0Les gar\u00e7ons se sont mobilis\u00e9s, ont montr\u00e9 une image extraordinaire et je suis leur premier supporter. Le reste c\u2019est la petite histoire, on s\u2019en fout. L\u2019important c\u2019est la m\u00e9daille, avec une magnifique image pour notre sport et l\u2019abn\u00e9gation de cette \u00e9quipe\u201d.\n<\/p>\n<p>Autre sujet br\u00fblant alors que Siutat va quitter son poste en d\u00e9cembre, l\u2019avenir de Vincent Collet. Le coach de l\u2019Equipe de France a expliqu\u00e9 que \u201cnormalement\u201d, il va laisser sa place. Mais \u00e0 qui ? \u201cVous aurez des nouvelles d\u00e9but septembre. Le cycle red\u00e9marre avec les fen\u00eatres internationales\u00a0(Euro 2025 puis Mondial 2027). Je laisse les cl\u00e9s bient\u00f4t, il faudra que les choses soient en place\u201d promet-il.\n    <\/p>\n","protected":false},"excerpt":{"rendered":"Que s\u2019est-il pass\u00e9 dans l\u2019intimit\u00e9 de l\u2019Equipe de France entre la grosse d\u00e9faite face \u00e0 l\u2019Allemagne et le&hellip;\n","protected":false},"author":2,"featured_media":209815,"comment_status":"","ping_status":"","sticky":false,"template":"","format":"standard","meta":{"footnotes":""},"categories":[1414],"tags":[1465,1464,1011,27,60],"class_list":{"0":"post-209814","1":"post","2":"type-post","3":"status-publish","4":"format-standard","5":"has-post-thumbnail","7":"category-basket","8":"tag-basket","9":"tag-basketball","10":"tag-fr","11":"tag-france","12":"tag-sports"},"share_on_mastodon":{"url":"https:\/\/pubeurope.com\/@fr\/114758560244382973","error":""},"_links":{"self":[{"href":"https:\/\/www.europesays.com\/fr\/wp-json\/wp\/v2\/posts\/209814","targetHints":{"allow":["GET"]}}],"collection":[{"href":"https:\/\/www.europesays.com\/fr\/wp-json\/wp\/v2\/posts"}],"about":[{"href":"https:\/\/www.europesays.com\/fr\/wp-json\/wp\/v2\/types\/post"}],"author":[{"embeddable":true,"href":"https:\/\/www.europesays.com\/fr\/wp-json\/wp\/v2\/users\/2"}],"replies":[{"embeddable":true,"href":"https:\/\/www.europesays.com\/fr\/wp-json\/wp\/v2\/comments?post=209814"}],"version-history":[{"count":0,"href":"https:\/\/www.europesays.com\/fr\/wp-json\/wp\/v2\/posts\/209814\/revisions"}],"wp:featuredmedia":[{"embeddable":true,"href":"https:\/\/www.europesays.com\/fr\/wp-json\/wp\/v2\/media\/209815"}],"wp:attachment":[{"href":"https:\/\/www.europesays.com\/fr\/wp-json\/wp\/v2\/media?parent=209814"}],"wp:term":[{"taxonomy":"category","embeddable":true,"href":"https:\/\/www.europesays.com\/fr\/wp-json\/wp\/v2\/categories?post=209814"},{"taxonomy":"post_tag","embeddable":true,"href":"https:\/\/www.europesays.com\/fr\/wp-json\/wp\/v2\/tags?post=209814"}],"curies":[{"name":"wp","href":"https:\/\/api.w.org\/{rel}","templated":true}]}}