{"id":209818,"date":"2025-06-28T02:11:09","date_gmt":"2025-06-28T02:11:09","guid":{"rendered":"https:\/\/www.europesays.com\/fr\/209818\/"},"modified":"2025-06-28T02:11:09","modified_gmt":"2025-06-28T02:11:09","slug":"f1-retrouvailles-attendues-entre-les-pilotes-mclaren-en-autriche","status":"publish","type":"post","link":"https:\/\/www.europesays.com\/fr\/209818\/","title":{"rendered":"F1: retrouvailles attendues entre les pilotes McLaren en Autriche"},"content":{"rendered":"<p class=\"wysiwyg-h2\">Deux semaines apr\u00e8s leur accrochage au Canada, le duel entre Oscar Piastri et Lando Norris, les deux pilotes McLaren favoris pour le titre, sera scrut\u00e9 de pr\u00e8s ce week-end en Autriche.<\/p>\n<p>T\u00e9moin l&rsquo;an dernier du premier accident de la saison entre Norris et le N\u00e9erlandais Max Verstappen (Red Bull), alors \u00e0 la lutte pour la couronne, le magnifique Red Bull Ring, nich\u00e9 dans les montagnes de Styrie, \u00e0 deux heures de route \u00e0 l&rsquo;ouest de la capitale, Vienne, ne pourra pas autant attirer les projecteurs cette ann\u00e9e sur les deux premiers du championnat.<\/p>\n<p>En effet, les deux co\u00e9quipiers de l&rsquo;\u00e9curie McLaren ont d\u00e9j\u00e0 fait couler beaucoup d&rsquo;encre lors du dernier Grand Prix \u00e0 Montr\u00e9al, apr\u00e8s que Norris, \u00e0 la lutte avec Piastri pour la quatri\u00e8me place, a percut\u00e9 l&rsquo;Australien \u00e0 quelques tours de l&rsquo;arriv\u00e9e et a \u00e9t\u00e9 contraint \u00e0 l&rsquo;abandon, c\u00e9dant encore 12 points \u00e0 son rival, qui en compte d\u00e9sormais 22 d&rsquo;avance sur lui.<\/p>\n<p>&lsquo;Je suis d\u00e9sol\u00e9, tout est de ma faute, c&rsquo;est malheureux et c&rsquo;\u00e9tait stupide&rsquo;, avait tout de suite d\u00e9clar\u00e9 Norris \u00e0 la radio. Cet accrochage va-t-il laisser des traces chez McLaren, qui a d\u00e9cid\u00e9 de laisser ses deux pilotes se battre? Pas s\u00fbr tant la s\u00e9r\u00e9nit\u00e9 r\u00e8gne au sein de l&rsquo;\u00e9curie britannique.<\/p>\n<p>Le GP d&rsquo;Autriche pourrait d\u00e9j\u00e0 donner un aper\u00e7u de la r\u00e9ponse, m\u00eame si le duel entre les deux pilotes risque de se prolonger encore longtemps puisque la mi-saison n&rsquo;est pas encore atteinte et que les monoplaces de couleur papaye sont bien sup\u00e9rieures \u00e0 leurs adversaires.<\/p>\n<p><strong>Pilotes trait\u00e9s de la m\u00eame mani\u00e8re<\/strong><\/p>\n<p>Les consignes d&rsquo;\u00e9quipe ne vont pas changer apr\u00e8s cet accrochage et les deux pilotes continueront \u00e0 \u00eatre trait\u00e9s \u00e9quitablement selon l&rsquo;Australien: &lsquo;Ce qui s&rsquo;est produit n&rsquo;\u00e9tait pas id\u00e9al, mais nous avons le droit de continuer \u00e0 nous battre en s&rsquo;assurant d&rsquo;\u00e9viter tout autre contact \u00e0 l&rsquo;avenir. C&rsquo;est la bonne approche, ce qu&rsquo;on a fait jusque-l\u00e0 \u00e9tait bien et juste pour tout le monde.&rsquo;<\/p>\n<p>Dans son jardin, Red Bull tentera de son c\u00f4t\u00e9 de prolonger ses superbes statistiques puisque Verstappen reste sur quatre pole positions cons\u00e9cutives et a d\u00e9j\u00e0 gagn\u00e9 quatre fois sur le trac\u00e9 autrichien.<\/p>\n<p>&lsquo;Je me suis toujours senti bien ici. Il y a toujours des trac\u00e9s qui vous conviennent mieux que d&rsquo;autres et c&rsquo;est le cas ici pour moi. On a toujours \u00e9t\u00e9 tr\u00e8s solide ces derni\u00e8res ann\u00e9es. Nous ne sommes pas les favoris mais on va essayer de maximiser le potentiel de la voiture pour d\u00e9crocher un nouveau podium&rsquo;, a expliqu\u00e9 le quadruple champion du monde.<\/p>\n<p>Mercedes, qui reste sur une victoire au Canada gr\u00e2ce \u00e0 George Russell, voudra r\u00e9it\u00e9rer son succ\u00e8s heureux de l&rsquo;ann\u00e9e pass\u00e9e, quand le Britannique avait profit\u00e9 de l&rsquo;accrochage entre Verstappen et Norris pour l&#8217;emporter. La chaleur attendue ce week-end ne devrait toutefois pas favoriser les inconstantes Fl\u00e8ches d&rsquo;Argent.<\/p>\n<p>Ferrari, qui arrive en Autriche avec des nouvelles pi\u00e8ces, notamment un nouveau fond plat, esp\u00e8re que cela am\u00e9liorera ses performances insuffisantes en qualifications alors que la voiture se comporte plut\u00f4t bien en course, \u00e0 l&rsquo;inverse de la plupart des autres \u00e9quipes.<\/p>\n<p> \/ATS<\/p>\n","protected":false},"excerpt":{"rendered":"Deux semaines apr\u00e8s leur accrochage au Canada, le duel entre Oscar Piastri et Lando Norris, les deux pilotes&hellip;\n","protected":false},"author":2,"featured_media":209819,"comment_status":"","ping_status":"","sticky":false,"template":"","format":"standard","meta":{"footnotes":""},"categories":[1412],"tags":[1829,1832,1836,1827,1451,1452,1453,1454,1455,1011,27,1830,1831,1826,1844,1840,1839,1841,1838,1843,1828,1834,1825,1833,1822,1823,1824,60,1837,1835,1842],"class_list":{"0":"post-209818","1":"post","2":"type-post","3":"status-publish","4":"format-standard","5":"has-post-thumbnail","7":"category-f1","8":"tag-ajoie","9":"tag-animation","10":"tag-bienne","11":"tag-delemont","12":"tag-f1","13":"tag-formula-1","14":"tag-formula1","15":"tag-formule-1","16":"tag-formule1","17":"tag-fr","18":"tag-france","19":"tag-franches-montagnes","20":"tag-frequence","21":"tag-jura","22":"tag-jura-bernois","23":"tag-la-chaux-de-fonds","24":"tag-moutier","25":"tag-neuchatel","26":"tag-neuveville","27":"tag-payerne","28":"tag-porrentruy","29":"tag-publicite","30":"tag-radio","31":"tag-redaction","32":"tag-rfj","33":"tag-rjb","34":"tag-rtn","35":"tag-sports","36":"tag-tavannes","37":"tag-vallon-de-st-imier","38":"tag-yverdon"},"share_on_mastodon":{"url":"https:\/\/pubeurope.com\/@fr\/114758568140743098","error":""},"_links":{"self":[{"href":"https:\/\/www.europesays.com\/fr\/wp-json\/wp\/v2\/posts\/209818","targetHints":{"allow":["GET"]}}],"collection":[{"href":"https:\/\/www.europesays.com\/fr\/wp-json\/wp\/v2\/posts"}],"about":[{"href":"https:\/\/www.europesays.com\/fr\/wp-json\/wp\/v2\/types\/post"}],"author":[{"embeddable":true,"href":"https:\/\/www.europesays.com\/fr\/wp-json\/wp\/v2\/users\/2"}],"replies":[{"embeddable":true,"href":"https:\/\/www.europesays.com\/fr\/wp-json\/wp\/v2\/comments?post=209818"}],"version-history":[{"count":0,"href":"https:\/\/www.europesays.com\/fr\/wp-json\/wp\/v2\/posts\/209818\/revisions"}],"wp:featuredmedia":[{"embeddable":true,"href":"https:\/\/www.europesays.com\/fr\/wp-json\/wp\/v2\/media\/209819"}],"wp:attachment":[{"href":"https:\/\/www.europesays.com\/fr\/wp-json\/wp\/v2\/media?parent=209818"}],"wp:term":[{"taxonomy":"category","embeddable":true,"href":"https:\/\/www.europesays.com\/fr\/wp-json\/wp\/v2\/categories?post=209818"},{"taxonomy":"post_tag","embeddable":true,"href":"https:\/\/www.europesays.com\/fr\/wp-json\/wp\/v2\/tags?post=209818"}],"curies":[{"name":"wp","href":"https:\/\/api.w.org\/{rel}","templated":true}]}}