{"id":209824,"date":"2025-06-28T02:14:10","date_gmt":"2025-06-28T02:14:10","guid":{"rendered":"https:\/\/www.europesays.com\/fr\/209824\/"},"modified":"2025-06-28T02:14:10","modified_gmt":"2025-06-28T02:14:10","slug":"marion-cotillard-soffre-une-maison-de-luxe-a-6-millions-guillaume-canet-craque-et-balance","status":"publish","type":"post","link":"https:\/\/www.europesays.com\/fr\/209824\/","title":{"rendered":"Marion Cotillard s\u2019offre une maison de luxe \u00e0 6 millions\u2026 Guillaume Canet craque et balance !"},"content":{"rendered":"<p>Depuis 2021, Marion Cotillard est propri\u00e9taire d&rsquo;une immense demeure \u00e0 Los Angeles. Un pied-\u00e0-terre quand elle se rend aux Etats-Unis.<\/p>\n<p>Connue \u00e0 l&rsquo;international depuis sa brillante interpr\u00e9tation de la chanteuse Edith Piaf dans le biopic La M\u00f4me, Marion Cotillard alterne films fran\u00e7ais et films \u00e9trangers. Selon le site <a href=\"https:\/\/www.dirt.com\/gallery\/entertainers\/actors\/marion-cotillard-house-los-angeles-1203594989\/marion1\/\" target=\"_blank\" rel=\"noopener nofollow\">Robb Report<\/a> &#8211; anciennement connu sous le nom de Dirt &#8211; la compagne de <a href=\"https:\/\/www.pleinevie.fr\/loisirs\/celebrites\/guillaume-canet-et-marion-cotillard-voici-leur-maison-au-cap-ferret-veritable-refuge-du-couple-111178.html\" rel=\"nofollow noopener\" target=\"_blank\">Guillaume Canet<\/a> a achet\u00e9 une sublime maison \u00e0 Los Angeles en 2021. On vous en dit plus.<\/p>\n<p> \t\t\t  La maison de Marion Cotillard \u00e0 Los Angeles \u00e0 plus de 5 millions d&rsquo;euros  <\/p>\n<p>Il y a quelques ann\u00e9es, Marion Cotillard a achet\u00e9 une immense propri\u00e9t\u00e9 dans le quartier de Los Feliz, \u00e0 Los Angeles &#8211; l&rsquo;animateur <a href=\"https:\/\/www.pleinevie.fr\/loisirs\/celebrites\/olivier-minne-a-56-ans-le-seduisant-animateur-vit-entre-paris-et-los-angeles-110458.html\" rel=\"nofollow noopener\" target=\"_blank\">Olivier Minne<\/a> a aussi \u00e9t\u00e9 s\u00e9duit par cette ville am\u00e9ricaine. \u00c0 l&rsquo;origine, ce bien \u00e9tait propos\u00e9 au prix de 7 millions de dollars, ce qui \u00e9quivaut \u00e0 environ 7,1 millions d&rsquo;euros. L&rsquo;actrice l&rsquo;a finalement achet\u00e9 pour 5,4 millions de dollars, soit pr\u00e8s de 6 millions d&rsquo;euros.<\/p>\n<p>Cette maison a \u00e9t\u00e9 construire dans les ann\u00e9es 1930 et poss\u00e8de une surface de 372 m\u00b2, comme le rapporte le site sp\u00e9cialis\u00e9 dans l&rsquo;immobilier. Cette immense surface s&rsquo;\u00e9tend sur deux \u00e9tages, dans un style m\u00e9diterran\u00e9en. Marion Cotillard peut y avoir un peu d&rsquo;intimit\u00e9, car elle est dissimul\u00e9e derri\u00e8re des arbres et des feuillages denses. Parfait alors pour se baigner dans sa piscine en toute tranquillit\u00e9 !<\/p>\n<p>Par ailleurs, on trouve aussi dans sa maison une salle de sport, une biblioth\u00e8que, un salon avec chemin\u00e9e ainsi qu&rsquo;une salle \u00e0 manger avec acc\u00e8s sur un patio. \u00c0 l&rsquo;\u00e9tage, il y a \u00e9galement deux suites parentales, qui poss\u00e8dent chacune leur propre salle bain ainsi qu&rsquo;une vue incroyable sur Los Angeles.<\/p>\n<p><img loading=\"lazy\" decoding=\"async\" itemprop=\"thumbnailUrl\" class=\"aligncenter size-full wp-image-111466 img-responsive \" src=\"data:image\/svg+xml,%3Csvg%20xmlns=\" http:=\"\" alt=\"marion cotillard\" width=\"1200\" height=\"814\" data-lazy-src=\"https:\/\/www.europesays.com\/fr\/wp-content\/uploads\/2025\/06\/shutterstock_editorial_13815994rr.jpg\"\/> \u00a9  Shutterstock<\/p>\n<p>  L&rsquo;actrice vit-elle vraiment \u00e0 Los Angeles ?  <\/p>\n<p>Depuis quelques ann\u00e9es, les rumeurs vont bon train sur le couple form\u00e9 par Marion Cotillard et Guillaume Canet. Pour rappel, ils sont ensemble depuis 2007 et ont eu deux enfants, Marcel, n\u00e9 en mai 2011, et Louise, n\u00e9e en mars 2017. De nombreux m\u00e9dias soup\u00e7onnent que le couple serait s\u00e9par\u00e9, mais le r\u00e9alisateur des Petits Mouchoirs a fermement d\u00e9menti cette information, \u00e0 l&rsquo;occasion d&rsquo;une interview accord\u00e9e \u00e0 <a href=\"https:\/\/www.pleinevie.fr\/loisirs\/celebrites\/audrey-crespo-mara-et-thierry-ardisson-le-couple-vit-separement-chacun-dans-un-appartement-parisien-luxueux-109730.html\" rel=\"nofollow noopener\" target=\"_blank\">Audrey Crespo-Mara<\/a>, sur le plateau de Sept \u00e0 Huit.<\/p>\n<p>La journaliste l&rsquo;a alors interrog\u00e9 sur sa vie priv\u00e9e, lui demandant s&rsquo;il est difficile de partager la vie d&rsquo;une star. \u00ab\u00a0C&rsquo;est \u00e0 la fois tr\u00e8s inspirant, tr\u00e8s motivant. C&rsquo;est quand m\u00eame un m\u00e9tier dans lequel on est d\u00e9sir\u00e9, dans lequel on est critiqu\u00e9 aussi. Du coup, de savoir ce que peut vivre l&rsquo;autre, il y a une complicit\u00e9, un \u00e9change et un partage qui peut se faire plus facilement. Mais peut-\u00eatre que je me trompe, puisque je n&rsquo;ai connu que \u00e7a\u00a0\u00bb, a r\u00e9pondu l&rsquo;acteur.<\/p>\n<p>Il a ensuite r\u00e9tabli la v\u00e9rit\u00e9 sur leur vie priv\u00e9e. \u00ab\u00a0C&rsquo;est compliqu\u00e9, le couple est mis en avant. Moi, j&rsquo;ai fait ce film, Rock&rsquo;n&rsquo;roll, \u00e0 cause de \u00e7a. \u00c0 un moment, il y avait un ras-le-bol que les gens se permettent de faire des raccourcis sur notre vie. Sur le fait que l&rsquo;on habite \u00e0 Los Angeles, alors que ce n&rsquo;est pas du tout le cas. \u00c7a n&rsquo;a jamais \u00e9t\u00e9 le cas. Et toutes les conneries qu&rsquo;on peut raconter autour\u00a0\u00bb, a ajout\u00e9 le compagnon de Marion Cotillard.<\/p>\n","protected":false},"excerpt":{"rendered":"Depuis 2021, Marion Cotillard est propri\u00e9taire d&rsquo;une immense demeure \u00e0 Los Angeles. Un pied-\u00e0-terre quand elle se rend&hellip;\n","protected":false},"author":2,"featured_media":209825,"comment_status":"","ping_status":"","sticky":false,"template":"","format":"standard","meta":{"footnotes":""},"categories":[1359],"tags":[1102,10281,58,59,1011,27,973],"class_list":{"0":"post-209824","1":"post","2":"type-post","3":"status-publish","4":"format-standard","5":"has-post-thumbnail","7":"category-people","8":"tag-breakingnews","9":"tag-buzz-nonli","10":"tag-divertissement","11":"tag-entertainment","12":"tag-fr","13":"tag-france","14":"tag-people"},"share_on_mastodon":{"url":"https:\/\/pubeurope.com\/@fr\/114758580009225739","error":""},"_links":{"self":[{"href":"https:\/\/www.europesays.com\/fr\/wp-json\/wp\/v2\/posts\/209824","targetHints":{"allow":["GET"]}}],"collection":[{"href":"https:\/\/www.europesays.com\/fr\/wp-json\/wp\/v2\/posts"}],"about":[{"href":"https:\/\/www.europesays.com\/fr\/wp-json\/wp\/v2\/types\/post"}],"author":[{"embeddable":true,"href":"https:\/\/www.europesays.com\/fr\/wp-json\/wp\/v2\/users\/2"}],"replies":[{"embeddable":true,"href":"https:\/\/www.europesays.com\/fr\/wp-json\/wp\/v2\/comments?post=209824"}],"version-history":[{"count":0,"href":"https:\/\/www.europesays.com\/fr\/wp-json\/wp\/v2\/posts\/209824\/revisions"}],"wp:featuredmedia":[{"embeddable":true,"href":"https:\/\/www.europesays.com\/fr\/wp-json\/wp\/v2\/media\/209825"}],"wp:attachment":[{"href":"https:\/\/www.europesays.com\/fr\/wp-json\/wp\/v2\/media?parent=209824"}],"wp:term":[{"taxonomy":"category","embeddable":true,"href":"https:\/\/www.europesays.com\/fr\/wp-json\/wp\/v2\/categories?post=209824"},{"taxonomy":"post_tag","embeddable":true,"href":"https:\/\/www.europesays.com\/fr\/wp-json\/wp\/v2\/tags?post=209824"}],"curies":[{"name":"wp","href":"https:\/\/api.w.org\/{rel}","templated":true}]}}