{"id":209828,"date":"2025-06-28T02:16:10","date_gmt":"2025-06-28T02:16:10","guid":{"rendered":"https:\/\/www.europesays.com\/fr\/209828\/"},"modified":"2025-06-28T02:16:10","modified_gmt":"2025-06-28T02:16:10","slug":"creteil-en-poche-attend-280-auteurs-ce-week-end-dans-les-coulisses-de-levenement-litteraire","status":"publish","type":"post","link":"https:\/\/www.europesays.com\/fr\/209828\/","title":{"rendered":"Cr\u00e9teil en poche attend 280 auteurs ce week-end : dans les coulisses de l\u2019\u00e9v\u00e9nement litt\u00e9raire"},"content":{"rendered":"<p class=\"paragraph text_align_left lp-f-body-02\">Le tracteur tondeuse circule sous les immenses arbres du parc Dupeyroux <a href=\"https:\/\/www.leparisien.fr\/val-de-marne-94\/\" target=\"_blank\" rel=\"noreferrer noopener\">(Val-de-Marne)<\/a> tout en tractant une remorque. Sous les grandes tentes, des montagnes de cartons. \u00c0 l\u2019int\u00e9rieur, des milliers de livres. \u00ab Nous avons entre 60 et 70 palettes de livres \u00e0 d\u00e9placer et \u00e0 installer. Nous ne devons pas \u00eatre loin des 70 000 exemplaires \u00bb, souffle litt\u00e9ralement Jean-Edgar Casel, cog\u00e9rant, avec G\u00e9rard Collard de la <a href=\"https:\/\/www.leparisien.fr\/val-de-marne-94\/saint-maur-les-cinq-raisons-du-succes-de-la-griffe-noire-16-03-2018-7612410.php\" target=\"_blank\" rel=\"noreferrer noopener\">librairie de Saint-Maur La griffe noire<\/a>, \u00e9cras\u00e9 de chaleur. <\/p>\n<p class=\"paragraph text_align_left lp-f-body-02\">Autour de lui, les cartons passent de main en main et se vident par piles de livres. Samedi et dimanche, les amateurs pourront croiser pr\u00e8s de 280 auteurs venus d\u00e9dicacer leurs derniers livres \u00e0 Cr\u00e9teil en poche.<\/p>\n","protected":false},"excerpt":{"rendered":"Le tracteur tondeuse circule sous les immenses arbres du parc Dupeyroux (Val-de-Marne) tout en tractant une remorque. Sous&hellip;\n","protected":false},"author":2,"featured_media":209829,"comment_status":"","ping_status":"","sticky":false,"template":"","format":"standard","meta":{"footnotes":""},"categories":[1357],"tags":[1379,872,58,59,1011,27,1380,1944,1125],"class_list":{"0":"post-209828","1":"post","2":"type-post","3":"status-publish","4":"format-standard","5":"has-post-thumbnail","7":"category-livres","8":"tag-books","9":"tag-culture-et-loisirs","10":"tag-divertissement","11":"tag-entertainment","12":"tag-fr","13":"tag-france","14":"tag-livres","15":"tag-ma-ville","16":"tag-val-de-marne"},"share_on_mastodon":{"url":"https:\/\/pubeurope.com\/@fr\/114758587791823748","error":""},"_links":{"self":[{"href":"https:\/\/www.europesays.com\/fr\/wp-json\/wp\/v2\/posts\/209828","targetHints":{"allow":["GET"]}}],"collection":[{"href":"https:\/\/www.europesays.com\/fr\/wp-json\/wp\/v2\/posts"}],"about":[{"href":"https:\/\/www.europesays.com\/fr\/wp-json\/wp\/v2\/types\/post"}],"author":[{"embeddable":true,"href":"https:\/\/www.europesays.com\/fr\/wp-json\/wp\/v2\/users\/2"}],"replies":[{"embeddable":true,"href":"https:\/\/www.europesays.com\/fr\/wp-json\/wp\/v2\/comments?post=209828"}],"version-history":[{"count":0,"href":"https:\/\/www.europesays.com\/fr\/wp-json\/wp\/v2\/posts\/209828\/revisions"}],"wp:featuredmedia":[{"embeddable":true,"href":"https:\/\/www.europesays.com\/fr\/wp-json\/wp\/v2\/media\/209829"}],"wp:attachment":[{"href":"https:\/\/www.europesays.com\/fr\/wp-json\/wp\/v2\/media?parent=209828"}],"wp:term":[{"taxonomy":"category","embeddable":true,"href":"https:\/\/www.europesays.com\/fr\/wp-json\/wp\/v2\/categories?post=209828"},{"taxonomy":"post_tag","embeddable":true,"href":"https:\/\/www.europesays.com\/fr\/wp-json\/wp\/v2\/tags?post=209828"}],"curies":[{"name":"wp","href":"https:\/\/api.w.org\/{rel}","templated":true}]}}