{"id":209830,"date":"2025-06-28T02:17:32","date_gmt":"2025-06-28T02:17:32","guid":{"rendered":"https:\/\/www.europesays.com\/fr\/209830\/"},"modified":"2025-06-28T02:17:32","modified_gmt":"2025-06-28T02:17:32","slug":"il-y-a-29-ans-lune-des-meilleures-series-de-tous-les-temps-arrivait-en-france-et-elle-na-pas-pris-une-ride","status":"publish","type":"post","link":"https:\/\/www.europesays.com\/fr\/209830\/","title":{"rendered":"Il y a 29 ans, l&rsquo;une des meilleures s\u00e9ries de tous les temps arrivait en France et elle n&rsquo;a pas pris une ride"},"content":{"rendered":"<p>C&rsquo;\u00e9tait il y a 29 ans jour pour jour&#8230; Le jeudi 27 juin 1996, cette s\u00e9rie arrivait enfin en France, et r\u00e9volutionnait le petit \u00e9cran. Et bonne nouvelle, elle est int\u00e9gralement disponible !<\/p>\n<p>\u00ab\u00a0NFS, chimie, iono\u00a0\u00bb, trois petits mots qui, d\u00e8s qu&rsquo;on les entend, nous entra\u00eenent directement dans les urgences du Cook County, l&rsquo;inoubliable h\u00f4pital d&rsquo;<b>Urgences<\/b>. Il y a 29 ans jour pour jour, France 2 d\u00e9butait la diffusion de la s\u00e9rie qui a fait de George Clooney une star, et que les abonn\u00e9s Prime peuvent voir en int\u00e9gralit\u00e9 sur la plateforme. 15 saisons, 331 \u00e9pisodes et plus de 230 heures d&rsquo;actes m\u00e9dicaux fous, d&rsquo;histoires d&rsquo;amour contrari\u00e9es, de morts marquantes, et tout ce qui a fait de cette fiction l&rsquo;une des trois plus prim\u00e9es de l&rsquo;histoire de la t\u00e9l\u00e9vision.<\/p>\n<p>Urgences : La s\u00e9rie avec George Clooney a rafl\u00e9 133 r\u00e9compenses pour 314 nominations<\/p>\n<p>En effet, lanc\u00e9e le 19 septembre 1994 aux \u00c9tats-Unis, la s\u00e9rie m\u00e9dicale cr\u00e9\u00e9e par l&rsquo;auteur \u00e0 succ\u00e8s <a href=\"https:\/\/www.programme-tv.net\/biographie\/21781-crichton-michael\/\" data-link-people=\"d70d1a53-867d-44bb-95d8-13996f64223d\" target=\"_blank\" rel=\"noopener\">Michael Crichton<\/a> a rafl\u00e9 pas moins de <b>133 r\u00e9compenses (pour 314 nominations, rien de moins !)<\/b> tout au long de son existence. On d\u00e9nombre notamment plusieurs Emmy Awards et Golden Globes, consid\u00e9r\u00e9s comme les troph\u00e9es les plus prestigieux du petit \u00e9cran. Seules <b>Les Simpson<\/b> (qui <a href=\"https:\/\/www.programme-tv.net\/news\/evenement\/disney-plus-streaming\/356670-la-saison-35-des-simpson-est-enfin-la-et-elle-a-tue-un-personnage-present-depuis-le-tout-debut\/\" data-api-deeplink=\"teleloisirs:\/\/news\/356670\" target=\"_blank\" rel=\"noopener\">compte d\u00e9j\u00e0 36 saisons<\/a> !) et Game of thrones font mieux.<\/p>\n<p>                        Urgences : Replongez dans le quotidien du Cook County !<\/p>\n<p>Elle raconte le quotidien du service des urgences du Cook County, un h\u00f4pital universitaire situ\u00e9 \u00e0 Chicago. C&rsquo;est dans cette s\u00e9rie que <a href=\"https:\/\/www.programme-tv.net\/news\/series-tv\/312385-ce-sont-de-tres-bons-amis-george-clooney-toujours-proche-de-ses-partenaires-durgences\/\" data-api-deeplink=\"teleloisirs:\/\/news\/312385\" target=\"_blank\" rel=\"noopener\">George Clooney a fait ses premi\u00e8res armes<\/a>, aux c\u00f4t\u00e9s de Noah Wyle, Julianna Margulies (la star de The Good Wife <a href=\"https:\/\/www.programme-tv.net\/news\/series-tv\/285958-julianna-margulies-repond-aux-critiques-sur-son-choix-de-jouer-un-personnage-homosexuel-dans-la-saison-2-de-the-morning-show-apple-tv\/\" data-api-deeplink=\"teleloisirs:\/\/news\/285958\" target=\"_blank\" rel=\"noopener\">vue r\u00e9cemment dans The Morning Show<\/a> avec <a href=\"https:\/\/www.programme-tv.net\/biographie\/261-aniston-jennifer\/\" data-link-people=\"8362be5b-054f-483f-b971-46636ae2c07d\" target=\"_blank\" rel=\"noopener\">Jennifer Aniston<\/a> et <a href=\"https:\/\/www.programme-tv.net\/biographie\/7319-witherspoon-reese\/\" data-link-people=\"3e4f626d-1878-4d16-842e-008b63c81266\" target=\"_blank\" rel=\"noopener\">Reese Witherspoon<\/a>), ou encore <a href=\"https:\/\/www.programme-tv.net\/biographie\/1241-tierney-maura\/\" data-link-people=\"c7b07382-40a5-4f01-8fc7-b624ab07ff2c\" target=\"_blank\" rel=\"noopener\">Maura Tierney<\/a> et, bien s\u00fbr, <a href=\"https:\/\/www.programme-tv.net\/biographie\/3512-edwards-anthony\/\" data-link-people=\"18ef0235-adec-4442-90ee-94ccecebb752\" target=\"_blank\" rel=\"noopener\">Anthony Edwards<\/a>, qui nous a fait pleurer des torrents de larmes lors de la mort de son personnage, Mark Greene (tout comme lors de la mort de Lucy, absolument d\u00e9chirante). <br \/>Outre son r\u00e9alisme &#8211; les sc\u00e9naristes se sont inspir\u00e9s de faits r\u00e9els et ont consult\u00e9 de vrais docteurs et infirmi\u00e8res &#8211; Urgences abordait \u00e9galement d&rsquo;importants sujets de soci\u00e9t\u00e9 comme la s\u00e9ropositivit\u00e9, l&rsquo;homosexualit\u00e9, l&rsquo;homoparentalit\u00e9, la guerre en Irak, toujours avec intelligence. Le tout port\u00e9 par un casting impeccable et une r\u00e9alisation inventive et r\u00e9aliste (l&rsquo;\u00e9pisode Direct aux urgences est un v\u00e9ritable bijou), qui n&rsquo;ont pas pris une ride&#8230;<\/p>\n","protected":false},"excerpt":{"rendered":"C&rsquo;\u00e9tait il y a 29 ans jour pour jour&#8230; Le jeudi 27 juin 1996, cette s\u00e9rie arrivait enfin&hellip;\n","protected":false},"author":2,"featured_media":209831,"comment_status":"","ping_status":"","sticky":false,"template":"","format":"standard","meta":{"footnotes":""},"categories":[1356],"tags":[4225,244,58,59,1011,27,6054,34898,34897,4224,129,252,1364],"class_list":{"0":"post-209830","1":"post","2":"type-post","3":"status-publish","4":"format-standard","5":"has-post-thumbnail","7":"category-television","8":"tag-amazon-prime-vidu00e9o","9":"tag-commentaire","10":"tag-divertissement","11":"tag-entertainment","12":"tag-fr","13":"tag-france","14":"tag-george-clooney","15":"tag-julianna-margulies","16":"tag-noah-wyle","17":"tag-pub-streaming-prime-video","18":"tag-svod","19":"tag-television","20":"tag-tv"},"share_on_mastodon":{"url":"https:\/\/pubeurope.com\/@fr\/114758591755145206","error":""},"_links":{"self":[{"href":"https:\/\/www.europesays.com\/fr\/wp-json\/wp\/v2\/posts\/209830","targetHints":{"allow":["GET"]}}],"collection":[{"href":"https:\/\/www.europesays.com\/fr\/wp-json\/wp\/v2\/posts"}],"about":[{"href":"https:\/\/www.europesays.com\/fr\/wp-json\/wp\/v2\/types\/post"}],"author":[{"embeddable":true,"href":"https:\/\/www.europesays.com\/fr\/wp-json\/wp\/v2\/users\/2"}],"replies":[{"embeddable":true,"href":"https:\/\/www.europesays.com\/fr\/wp-json\/wp\/v2\/comments?post=209830"}],"version-history":[{"count":0,"href":"https:\/\/www.europesays.com\/fr\/wp-json\/wp\/v2\/posts\/209830\/revisions"}],"wp:featuredmedia":[{"embeddable":true,"href":"https:\/\/www.europesays.com\/fr\/wp-json\/wp\/v2\/media\/209831"}],"wp:attachment":[{"href":"https:\/\/www.europesays.com\/fr\/wp-json\/wp\/v2\/media?parent=209830"}],"wp:term":[{"taxonomy":"category","embeddable":true,"href":"https:\/\/www.europesays.com\/fr\/wp-json\/wp\/v2\/categories?post=209830"},{"taxonomy":"post_tag","embeddable":true,"href":"https:\/\/www.europesays.com\/fr\/wp-json\/wp\/v2\/tags?post=209830"}],"curies":[{"name":"wp","href":"https:\/\/api.w.org\/{rel}","templated":true}]}}