{"id":209836,"date":"2025-06-28T02:20:11","date_gmt":"2025-06-28T02:20:11","guid":{"rendered":"https:\/\/www.europesays.com\/fr\/209836\/"},"modified":"2025-06-28T02:20:11","modified_gmt":"2025-06-28T02:20:11","slug":"la-vraie-raison-de-lexplosion-des-cas-enfin-revelee-par-les-chercheurs","status":"publish","type":"post","link":"https:\/\/www.europesays.com\/fr\/209836\/","title":{"rendered":"la vraie raison de l\u2019explosion des cas enfin r\u00e9v\u00e9l\u00e9e par les chercheurs"},"content":{"rendered":"<p>                    Le cancer du pancr\u00e9as progresse plus vite que pr\u00e9vu, et ce n\u2019est pas un hasard <\/p>\n<p data-start=\"140\" data-end=\"476\"><strong data-start=\"140\" data-end=\"173\">Il progresse vite, trop vite.<\/strong> Et personne ne l\u2019a vu venir. Depuis quelques ann\u00e9es, ce cancer discret gagne du terrain \u00e0 une vitesse inqui\u00e9tante. Silencieux, souvent diagnostiqu\u00e9 trop tard, il pourrait devenir d\u2019ici peu l\u2019un des plus meurtriers. Et les scientifiques l\u00e8vent enfin le voile sur ce qui pourrait expliquer cette flamb\u00e9e.<\/p>\n<p data-start=\"478\" data-end=\"969\"><strong data-start=\"478\" data-end=\"542\">Entre 1990 et 2018, les cas ont bondi de plus de 3 % par an.<\/strong> En France, on enregistre d\u00e9sormais pr\u00e8s de 15 000 nouveaux diagnostics par an, contre moins de 10 000 en 2010. Ce <a href=\"https:\/\/www.modesettravaux.fr\/beaute-bien-etre\/sante-beaute-bien-etre\/cancer-voici-le-symptome-qui-revient-dans-82-des-cas-detectes-trop-tard-141686.html\" rel=\"nofollow noopener\" target=\"_blank\">cancer<\/a>, longtemps consid\u00e9r\u00e9 comme rare, est en train de supplanter celui du c\u00f4lon-rectum, et pourrait devenir la deuxi\u00e8me cause de mortalit\u00e9 par cancer apr\u00e8s celui du poumon d\u2019ici 2030, selon plusieurs sp\u00e9cialistes. Alors pourquoi cette explosion soudaine ? Et surtout, pourquoi touche-t-elle autant les femmes ?<\/p>\n<p> Une hausse fulgurante\u2026 et un coupable trop longtemps ignor\u00e9 <\/p>\n<p data-start=\"1035\" data-end=\"1488\">Ce cancer frappe le <a href=\"https:\/\/www.modesettravaux.fr\/beaute-bien-etre\/sante-beaute-bien-etre\/cancer-du-pancreas-ce-changement-discret-dans-vos-selles-peut-etre-un-signal-dalerte-142198.html\" rel=\"nofollow noopener\" target=\"_blank\">pancr\u00e9as<\/a>, cette glande situ\u00e9e derri\u00e8re l\u2019estomac, indispensable \u00e0 la digestion et \u00e0 la r\u00e9gulation du sucre.<strong> Sa forme la plus fr\u00e9quente, l\u2019ad\u00e9nocarcinome canalaire, est aussi la plus agressive.<\/strong> Et surtout, elle reste longtemps silencieuse. \u00ab\u00a0La majorit\u00e9 des cas sont diagnostiqu\u00e9s trop tard, souvent \u00e0 un stade o\u00f9 il n\u2019est plus op\u00e9rable\u00a0\u00bb, explique le Dr Jean-Baptiste Lequeu, chirurgien au CHU de Dijon, interrog\u00e9 par Femme Actuelle.<\/p>\n<p data-start=\"1490\" data-end=\"1795\">Pendant longtemps, les facteurs de risque connus \u00e9taient relativement peu nombreux : le tabac, impliqu\u00e9 dans 20 \u00e0 30 % des cas, l\u2019alcool, la<a href=\"https:\/\/www.modesettravaux.fr\/beaute-bien-etre\/sante-beaute-bien-etre\/cancer-du-pancreas-ce-symptome-anodin-apparait-souvent-6-mois-avant-le-diagnostic-142005.html\" rel=\"nofollow noopener\" target=\"_blank\"> pancr\u00e9atite<\/a> chronique, le diab\u00e8te, le vieillissement, et dans 5 % des cas, des pr\u00e9dispositions g\u00e9n\u00e9tiques. Mais cela ne suffit plus \u00e0 expliquer la flamb\u00e9e actuelle.<\/p>\n<p data-start=\"1797\" data-end=\"1930\">Car depuis vingt ans, un autre ph\u00e9nom\u00e8ne s\u2019est impos\u00e9 en parall\u00e8le de la mont\u00e9e des chiffres : <strong>la transformation de nos modes de vie.<\/strong><\/p>\n<p>    <img loading=\"lazy\" decoding=\"async\" aria-describedby=\"caption-attachment-142202\" itemprop=\"thumbnailUrl\" class=\" wp-image-142202 img-responsive \" src=\"https:\/\/www.europesays.com\/fr\/wp-content\/uploads\/2025\/06\/shutterstock_2642799625-1-1024x576.jpg\" alt=\"\" width=\"700\" height=\"394\"\/> \u00a9  Shutterstock<\/p>\n<p id=\"caption-attachment-142202\" class=\"wp-caption-text\">Le cancer du pancr\u00e9as est souvent d\u00e9couvert trop tard, rendant les chances de r\u00e9mission tr\u00e8s faibles.<\/p>\n<p> Une alimentation transform\u00e9e point\u00e9e du doigt <\/p>\n<p data-start=\"1982\" data-end=\"2261\">\u00ab\u00a0Le probl\u00e8me, c\u2019est que personne ne conna\u00eet avec pr\u00e9cision les causes de l\u2019augmentation de ce <a href=\"https:\/\/www.modesettravaux.fr\/beaute-bien-etre\/sante-beaute-bien-etre\/cancer-du-pancreas-ce-marathonien-aujourdhui-en-phase-terminale-alerte-sur-ce-symptome-quil-a-ignore-141498.html\" rel=\"nofollow noopener\" target=\"_blank\">cancer<\/a>\u00ab\u00a0, confiait le Dr Antoine Hollebecque, oncologue m\u00e9dical \u00e0 l\u2019Institut Gustave-Roussy, au Parisien. Il ajoute que des pistes environnementales sont \u00e9tudi\u00e9es, mais sans certitude.<\/p>\n<p data-start=\"2263\" data-end=\"2663\">De son c\u00f4t\u00e9, la Pr Vinciane Rebours, cheffe du service de pancr\u00e9atologie \u00e0 l\u2019h\u00f4pital Beaujon, a soulign\u00e9 dans Femme Actuelle que le tabac \u00e0 lui seul ne suffit plus \u00e0 expliquer l\u2019explosion des cas : <strong>\u00ab\u00a0Le tabagisme a diminu\u00e9, or les cas continuent d\u2019augmenter\u00a0\u00bb<\/strong>. Elle \u00e9voque la responsabilit\u00e9 probable de la nourriture ultra-transform\u00e9e et d\u2019une mauvaise alimentation accumul\u00e9e sur plusieurs d\u00e9cennies.<\/p>\n<p data-start=\"2665\" data-end=\"2899\">En France, pr\u00e8s d\u2019un adulte sur deux est en exc\u00e8s de poids. Ce surpoids, combin\u00e9 \u00e0 la s\u00e9dentarit\u00e9, au diab\u00e8te de type 2 et \u00e0 la g\u00e9n\u00e9ralisation des plats industriels, pourrait former un terreau favorable au d\u00e9veloppement de la <a href=\"https:\/\/www.modesettravaux.fr\/beaute-bien-etre\/sante-beaute-bien-etre\/cancer-du-pancreas-ce-symptome-est-le-premier-a-apparaitre-alerte-un-medecin-141011.html\" rel=\"nofollow noopener\" target=\"_blank\">maladie<\/a>.<\/p>\n<p>    Un pronostic toujours sombre malgr\u00e9 les progr\u00e8s <\/p>\n<p data-start=\"2953\" data-end=\"3275\">Aujourd\u2019hui, moins de 30 % des patients sont diagnostiqu\u00e9s \u00e0 un stade op\u00e9rable. Et parmi eux, seuls 30 \u00e0 35 % atteignent une survie \u00e0 cinq ans. Pour les cas avanc\u00e9s, la m\u00e9diane de survie reste inf\u00e9rieure \u00e0 un an. <strong>\u00ab\u00a0Le taux de survie \u00e0 10 ans n\u2019a quasiment pas boug\u00e9 depuis les ann\u00e9es 70\u00a0\u00bb<\/strong>, indique l\u2019American Cancer Society.<\/p>\n<p data-start=\"3277\" data-end=\"3685\">Les traitements ont connu des am\u00e9liorations, notamment avec le protocole Folfirinox, mais les th\u00e9rapies cibl\u00e9es restent minoritaires. \u00ab\u00a0Aujourd\u2019hui en France, la majorit\u00e9 des th\u00e9rapies cibl\u00e9es pour <a href=\"https:\/\/www.modesettravaux.fr\/beaute-bien-etre\/sante-beaute-bien-etre\/cancer-du-pancreas-ces-5-symptomes-discrets-a-ne-jamais-ignorer-selon-le-dr-jimmy-mohamed-132133.html\" rel=\"nofollow noopener\" target=\"_blank\">le cancer du pancr\u00e9as<\/a> ne sont pas rembours\u00e9es\u00a0\u00bb, alerte le Pr Louis de Mestier dans Femme Actuelle. \u00ab\u00a0On fait des recherches, on identifie des cibles, mais les patients n\u2019ont pas toujours acc\u00e8s aux traitements\u00a0\u00bb.<\/p>\n<p data-start=\"3687\" data-end=\"3917\">Face \u00e0 une <a href=\"https:\/\/www.modesettravaux.fr\/beaute-bien-etre\/sante-beaute-bien-etre\/cancer-du-pancreas-cet-aliment-tres-consomme-lete-est-mis-en-cause-dans-les-cas-les-plus-graves-alerte-un-medecin-141856.html\" rel=\"nofollow noopener\" target=\"_blank\">maladie<\/a> aussi discr\u00e8te qu\u2019implacable, les m\u00e9decins s\u2019accordent \u00e0 dire que l\u2019urgence est r\u00e9elle. \u00ab\u00a0Si on ne consid\u00e8re pas aujourd\u2019hui que <strong>c\u2019est une priorit\u00e9 de sant\u00e9 publique<\/strong>, ce le sera demain\u00a0\u00bb, conclut le Pr de Mestier.<\/p>\n<p> <img loading=\"lazy\" decoding=\"async\" aria-describedby=\"caption-attachment-142008\" class=\" wp-image-142008 img-responsive \" src=\"https:\/\/www.europesays.com\/fr\/wp-content\/uploads\/2025\/06\/1751077211_675_shutterstock_2467015007-1-1-1024x683.jpg\" alt=\"\" width=\"699\" height=\"466\"\/> \u00a9  Shutterstock<\/p>\n<p id=\"caption-attachment-142008\" class=\"wp-caption-text\">En forte hausse, le cancer du pancr\u00e9as reste l\u2019un des plus mortels faute de d\u00e9pistage pr\u00e9coce et de traitements accessibles.<\/p>\n","protected":false},"excerpt":{"rendered":"Le cancer du pancr\u00e9as progresse plus vite que pr\u00e9vu, et ce n\u2019est pas un hasard Il progresse vite,&hellip;\n","protected":false},"author":2,"featured_media":209837,"comment_status":"","ping_status":"","sticky":false,"template":"","format":"standard","meta":{"footnotes":""},"categories":[10],"tags":[1011,27,72,71],"class_list":{"0":"post-209836","1":"post","2":"type-post","3":"status-publish","4":"format-standard","5":"has-post-thumbnail","7":"category-sante","8":"tag-fr","9":"tag-france","10":"tag-health","11":"tag-sante"},"share_on_mastodon":{"url":"https:\/\/pubeurope.com\/@fr\/114758603567748964","error":""},"_links":{"self":[{"href":"https:\/\/www.europesays.com\/fr\/wp-json\/wp\/v2\/posts\/209836","targetHints":{"allow":["GET"]}}],"collection":[{"href":"https:\/\/www.europesays.com\/fr\/wp-json\/wp\/v2\/posts"}],"about":[{"href":"https:\/\/www.europesays.com\/fr\/wp-json\/wp\/v2\/types\/post"}],"author":[{"embeddable":true,"href":"https:\/\/www.europesays.com\/fr\/wp-json\/wp\/v2\/users\/2"}],"replies":[{"embeddable":true,"href":"https:\/\/www.europesays.com\/fr\/wp-json\/wp\/v2\/comments?post=209836"}],"version-history":[{"count":0,"href":"https:\/\/www.europesays.com\/fr\/wp-json\/wp\/v2\/posts\/209836\/revisions"}],"wp:featuredmedia":[{"embeddable":true,"href":"https:\/\/www.europesays.com\/fr\/wp-json\/wp\/v2\/media\/209837"}],"wp:attachment":[{"href":"https:\/\/www.europesays.com\/fr\/wp-json\/wp\/v2\/media?parent=209836"}],"wp:term":[{"taxonomy":"category","embeddable":true,"href":"https:\/\/www.europesays.com\/fr\/wp-json\/wp\/v2\/categories?post=209836"},{"taxonomy":"post_tag","embeddable":true,"href":"https:\/\/www.europesays.com\/fr\/wp-json\/wp\/v2\/tags?post=209836"}],"curies":[{"name":"wp","href":"https:\/\/api.w.org\/{rel}","templated":true}]}}