{"id":209841,"date":"2025-06-28T02:23:12","date_gmt":"2025-06-28T02:23:12","guid":{"rendered":"https:\/\/www.europesays.com\/fr\/209841\/"},"modified":"2025-06-28T02:23:12","modified_gmt":"2025-06-28T02:23:12","slug":"comment-whatsapp-va-mettre-son-ia-a-votre-service-pour-vos-messages-non-lus","status":"publish","type":"post","link":"https:\/\/www.europesays.com\/fr\/209841\/","title":{"rendered":"Comment WhatsApp va mettre son IA \u00e0 votre service pour vos messages non-lus"},"content":{"rendered":"<p>        <img decoding=\"async\" loading=\"lazy\" src=\"https:\/\/www.europesays.com\/fr\/wp-content\/uploads\/2025\/06\/ab01b47_1658620557815-627b89e21e0000f1ba1b46b0.jpeg\"  width=\"728\" height=\"409\" alt=\"WhatsApp a annonc\u00e9 un nouvelle fonctionnalit\u00e9 sur sa plateforme.\"\/>  <\/p>\n<p>via Associated Press<\/p>\n<p>WhatsApp a annonc\u00e9 un nouvelle fonctionnalit\u00e9 sur sa plateforme.<\/p>\n<p class=\"asset asset-text\">TECH &amp;\u00a0FUTURS &#8211; Qui n\u2019a jamais souffl\u00e9 en voyant les notifications s\u2019accumuler dans une conversation de groupe sur <a href=\"https:\/\/www.huffingtonpost.fr\/tech-futurs\/article\/whatsapp-va-vous-permettre-d-utiliser-des-pseudos-pour-enfin-cacher-votre-numero-de-telephone_250846.html\" target=\"_blank\" rel=\"noopener\">WhatsApp<\/a> avec sa trentaine de messages non lus\u00a0? L\u2019id\u00e9e m\u00eame de devoir tout rattraper pouvant parfois d\u00e9j\u00e0 nous fatiguer.<\/p>\n<p class=\"asset asset-text\">C\u2019est pour cette raison que WhatsApp a annonc\u00e9 mercredi 25\u00a0juin le lancement d\u2019une nouvelle fonctionnalit\u00e9 permettant de r\u00e9sumer vos conversations gr\u00e2ce \u00e0 <a href=\"https:\/\/www.huffingtonpost.fr\/culture\/article\/meta-ia-arrive-sur-instagram-et-whatsapp-a-quoi-va-servir-cet-assistant-d-intelligence-artificielle_247705.html\" target=\"_blank\" rel=\"noopener\">Meta AI<\/a>, l\u2019i<a href=\"https:\/\/www.huffingtonpost.fr\/tech-futurs\/video\/cette-start-up-cachait-700-humains-derriere-son-intelligence-artificielle_250927.html\" target=\"_blank\" rel=\"noopener\">ntelligence artificielle<\/a> d\u00e9velopp\u00e9e par le groupe propri\u00e9taire de l\u2019appli de messagerie.<\/p>\n<p class=\"asset asset-text\">Appel\u00e9e Message Summaries, cette nouvelle fonctionnalit\u00e9 devra d\u2019abord \u00eatre activ\u00e9e depuis les param\u00e8tres, en allant d\u2019abord dans \u00ab\u00a0Confidentialit\u00e9\u00a0\u00bb, puis \u00ab\u00a0Param\u00e8tres avanc\u00e9s\u00a0\u00bb. Une fois que ce sera le cas, il vous suffira de cliquer sur \u00ab\u00a0messages non lus\u00a0\u00bb \u00e0 l\u2019int\u00e9rieur de la conversation pour que l\u2019IA vous fasse un r\u00e9sum\u00e9 sous forme de liste \u00e0 puces.<\/p>\n<p>         <img decoding=\"async\" loading=\"lazy\" src=\"https:\/\/www.europesays.com\/fr\/wp-content\/uploads\/2025\/06\/ce77733_upload-1-rwopaoiaorxs-500555225-747926471303218-5719020507084740834-n.png\"  width=\"728\" height=\"410\" alt=\"Vous messages non-lus sur WhatsApp pourront bient\u00f4t \u00eatre r\u00e9sum\u00e9s par Meta AI\"\/>  <\/p>\n<p>WhatsApp<\/p>\n<p>Vous messages non-lus sur WhatsApp pourront bient\u00f4t \u00eatre r\u00e9sum\u00e9s par Meta AI<\/p>\n<p>     Un risque pour la protection des donn\u00e9es\u00a0?    <\/p>\n<p class=\"asset asset-text\">Il faut \u00e9galement savoir que seule la personne ayant activ\u00e9 la fonctionnalit\u00e9 saura qu\u2019elle l\u2019utilise, les autres personnes du groupe n\u2019en seront pas inform\u00e9es. \u00c0 noter qu\u2019aucune pr\u00e9cision n\u2019est apport\u00e9e concernant les <a href=\"https:\/\/www.huffingtonpost.fr\/life\/article\/pour-les-messages-vocaux-whatsapp-lance-une-nouvelle-fonctionnalite-permettant-de-ne-plus-les-ecouter_242600.html\" target=\"_blank\" rel=\"noopener\">messages vocaux<\/a>, bien que WhatsApp propose d\u00e9j\u00e0 leur retranscription depuis plusieurs mois.<\/p>\n<p class=\"asset asset-text\">Quant \u00e0 la question de la <a href=\"https:\/\/www.huffingtonpost.fr\/tech-futurs\/video\/vos-donnees-publiques-facebook-et-instagram-vont-aider-meta-a-entrainer-son-ia-sauf-si-clx2_250296.html\" target=\"_blank\" rel=\"noopener\" title=\"Nouvelle fen\u00eatre\">protection des donn\u00e9es<\/a>, Meta assure dans <a href=\"https:\/\/blog.whatsapp.com\/catch-up-on-conversations-with-private-message-summaries\" target=\"_blank\" rel=\"noopener\" title=\"Nouvelle fen\u00eatre\">son communiqu\u00e9<\/a> que cette fonction \u00ab\u00a0utilise la technologie Private Processing, qui permet \u00e0 Meta AI de g\u00e9n\u00e9rer une r\u00e9ponse sans que Meta ou WhatsApp ne voient jamais vos messages ou les r\u00e9sum\u00e9s priv\u00e9s\u00a0\u00bb. N\u00e9anmoins, comme le fait remarquer le site <a href=\"https:\/\/www.lesnumeriques.com\/telephone-portable\/whatsapp-a-la-solution-pour-vous-permettre-de-rattraper-vos-conversations-de-groupe-sans-effort-n238740.html\" target=\"_blank\" rel=\"noopener\" title=\"Nouvelle fen\u00eatre\">Les Num\u00e9riques<\/a>, \u00ab\u00a0il est \u00e0 ce jour difficile de v\u00e9rifier ces propos\u00a0\u00bb.<\/p>\n<p class=\"asset asset-text\">Ces r\u00e9sum\u00e9s de messages par IA sont d\u00e9sormais disponibles pour les personnes anglophones aux \u00c9tats-Unis. Ils devraient arriver dans d\u2019autres langues et dans d\u2019autres pays au cours de l\u2019ann\u00e9e 2025.<\/p>\n","protected":false},"excerpt":{"rendered":"via Associated Press WhatsApp a annonc\u00e9 un nouvelle fonctionnalit\u00e9 sur sa plateforme. TECH &amp;\u00a0FUTURS &#8211; Qui n\u2019a jamais&hellip;\n","protected":false},"author":2,"featured_media":209842,"comment_status":"","ping_status":"","sticky":false,"template":"","format":"standard","meta":{"footnotes":""},"categories":[7],"tags":[1011,27,223,12889,43,40,41,39,24551,42,44,250],"class_list":{"0":"post-209841","1":"post","2":"type-post","3":"status-publish","4":"format-standard","5":"has-post-thumbnail","7":"category-sciences-et-technologies","8":"tag-fr","9":"tag-france","10":"tag-intelligence-artificielle","11":"tag-message","12":"tag-science","13":"tag-science-and-technology","14":"tag-sciences","15":"tag-sciences-et-technologies","16":"tag-tech-futurs","17":"tag-technologies","18":"tag-technology","19":"tag-whatsapp"},"share_on_mastodon":{"url":"https:\/\/pubeurope.com\/@fr\/114758615356677584","error":""},"_links":{"self":[{"href":"https:\/\/www.europesays.com\/fr\/wp-json\/wp\/v2\/posts\/209841","targetHints":{"allow":["GET"]}}],"collection":[{"href":"https:\/\/www.europesays.com\/fr\/wp-json\/wp\/v2\/posts"}],"about":[{"href":"https:\/\/www.europesays.com\/fr\/wp-json\/wp\/v2\/types\/post"}],"author":[{"embeddable":true,"href":"https:\/\/www.europesays.com\/fr\/wp-json\/wp\/v2\/users\/2"}],"replies":[{"embeddable":true,"href":"https:\/\/www.europesays.com\/fr\/wp-json\/wp\/v2\/comments?post=209841"}],"version-history":[{"count":0,"href":"https:\/\/www.europesays.com\/fr\/wp-json\/wp\/v2\/posts\/209841\/revisions"}],"wp:featuredmedia":[{"embeddable":true,"href":"https:\/\/www.europesays.com\/fr\/wp-json\/wp\/v2\/media\/209842"}],"wp:attachment":[{"href":"https:\/\/www.europesays.com\/fr\/wp-json\/wp\/v2\/media?parent=209841"}],"wp:term":[{"taxonomy":"category","embeddable":true,"href":"https:\/\/www.europesays.com\/fr\/wp-json\/wp\/v2\/categories?post=209841"},{"taxonomy":"post_tag","embeddable":true,"href":"https:\/\/www.europesays.com\/fr\/wp-json\/wp\/v2\/tags?post=209841"}],"curies":[{"name":"wp","href":"https:\/\/api.w.org\/{rel}","templated":true}]}}