{"id":209843,"date":"2025-06-28T02:24:10","date_gmt":"2025-06-28T02:24:10","guid":{"rendered":"https:\/\/www.europesays.com\/fr\/209843\/"},"modified":"2025-06-28T02:24:10","modified_gmt":"2025-06-28T02:24:10","slug":"comment-eric-ciotti-veut-transformer-le-pea","status":"publish","type":"post","link":"https:\/\/www.europesays.com\/fr\/209843\/","title":{"rendered":"comment \u00c9ric Ciotti veut transformer le PEA"},"content":{"rendered":"<p><strong>D\u00c9CRYPTAGE<\/strong> &#8211; L\u2019Union des droites pour la R\u00e9publique (UDR) a d\u00e9pos\u00e9 une proposition de loi pour rediriger l\u2019\u00e9pargne des particuliers vers le march\u00e9 des actions et le financement direct des entreprises. Une mesure applaudie par les influenceurs en investissement.<\/p>\n<p class=\"fig-paragraph\">La niche parlementaire du groupe Union des droites pour la R\u00e9publique (UDR), jeudi 27 juin,\u00a0<a href=\"http:\/\/www.lefigaro.fr\/politique\/ineligibilite-de-marine-le-pen-mariage-des-clandestins-a-l-assemblee-vifs-debats-entre-la-gauche-et-le-camp-nationaliste-20250626\" data-fig-type=\"Article\" data-gtm-custom-categorie=\"navigation\" data-gtm-custom-action=\"crossclick\" data-gtm-custom-label=\"Contextuel\" data-gtm-event=\"customEventSPE\" data-fig-domain=\"LEFIGARO\" target=\"_blank\" rel=\"noopener\">n\u2019a pas vraiment eu les r\u00e9sultats escompt\u00e9s<\/a>\u00a0pour \u00c9ric Ciotti et son camp. \u00c0 l\u2019issue une journ\u00e9e d\u2019affrontements tendus, le camp nationaliste a quitt\u00e9 l\u2019H\u00e9micycle en faisant chou blanc sur toutes les propositions inflammables qu\u2019il avait inscrites \u00e0 l\u2019ordre du jour\u00a0: d\u00e9nonciation de l\u2019accord franco-alg\u00e9rien de 1968, lutte contre les mariages des clandestins, retour sur l\u2019in\u00e9ligibilit\u00e9 de Marine Le\u00a0Pen, etc. Mais il aura peut-\u00eatre bient\u00f4t l\u2019occasion de se rattraper avec une proposition d\u2019un tout autre genre, portant sur l\u2019investissement et l\u2019\u00e9pargne.<\/p>\n<p class=\"fig-paragraph\">Mardi 24 juin, les ciottistes ont d\u00e9pos\u00e9 une proposition de loi visant \u00e0 \u00abrendre le plan d\u2019\u00e9pargne en action (PEA, ndlr) plus attractif\u00bb. Ils estiment que cette enveloppe de placement est trop souvent d\u00e9laiss\u00e9e par les Fran\u00e7ais au profit de\u00a0<a href=\"http:\/\/www.lefigaro.fr\/flash-eco\/l-assurance-vie-a-continue-d-enchainer-les-records-en-avril-20250528\" data-fig-type=\"NewsFlash\" data-gtm-custom-categorie=\"navigation\" data-gtm-custom-action=\"crossclick\" data-gtm-custom-label=\"Contextuel\" data-gtm-event=\"customEventSPE\" data-fig-domain=\"LEFIGARO\" target=\"_blank\" rel=\"noopener\">l\u2019assurance-vie<\/a>. S\u2019appuyant sur les donn\u00e9es de la F\u00e9d\u00e9ration bancaire fran\u00e7aise, ils assurent que 60% de l\u2019\u00e9pargne\u2026<\/p>\n<p class=\"fig-premium-paywall__infos\">\n        Cet article est r\u00e9serv\u00e9 aux abonn\u00e9s.        Il vous reste 79% \u00e0 d\u00e9couvrir.\n    <\/p>\n<p>                <img  data- alt=\"Le Figaro\" class=\"fig-img--complete fig-img\"\/><\/p>\n<p class=\"fig-premium-paywall__title\">Vente Flash : derniers jours<\/p>\n<p class=\"fig-premium-paywall__subtitle\">3,99\u20ac par mois pendant 12 mois. Sans engagement.<\/p>\n<p class=\"fig-premium-paywall__connect\">\n                D\u00e9j\u00e0 abonn\u00e9\u00a0?                <a class=\"fig-premium-paywall__connect-link\" href=\"https:\/\/connect.lefigaro.fr\/login?client=horizon_web&amp;type=main&amp;redirect_uri=https%3A%2F%2Fwww.lefigaro.fr%2Fconjoncture%2Fune-revolution-pour-l-epargne-des-francais-comment-eric-ciotti-veut-transformer-le-pea-20250627\" data-js-gtm=\"{&quot;customCategorie&quot;: &quot;conversion&quot;, &quot;customAction&quot;: &quot;before_Landing_Connexion_paywall_auto&quot;, &quot;customLabel&quot;: &quot;bGVmaWdhcm8uZnJfXzFmMDUzNjMyLTM2NmItNmI0NC1iZDNkLTMzYjMzODZlMThhM19fQXJ0aWNsZQ==_\u00abUne r\u00e9volution pour l\u2019\u00e9pargne des Fran\u00e7ais\u00bb\u00a0: comment \u00c9ric Ciotti veut transformer le PEA_349&quot;, &quot;customIDSPE&quot;: &quot;bGVmaWdhcm8uZnJfXzFmMDUzNjMyLTM2NmItNmI0NC1iZDNkLTMzYjMzODZlMThhM19fQXJ0aWNsZQ==&quot;, &quot;event&quot;: &quot;customEventSPE&quot;}\" target=\"_blank\" rel=\"noopener\"><br \/>\n                    Connectez-vous<br \/>\n                <\/a>\n            <\/p>\n","protected":false},"excerpt":{"rendered":"D\u00c9CRYPTAGE &#8211; L\u2019Union des droites pour la R\u00e9publique (UDR) a d\u00e9pos\u00e9 une proposition de loi pour rediriger l\u2019\u00e9pargne&hellip;\n","protected":false},"author":2,"featured_media":209844,"comment_status":"","ping_status":"","sticky":false,"template":"","format":"standard","meta":{"footnotes":""},"categories":[6],"tags":[339,11660,340,35,343,345,350,130,344,352,349,33,34,341,313,1011,27,346,342,353,351,347,7879,348,354],"class_list":{"0":"post-209843","1":"post","2":"type-post","3":"status-publish","4":"format-standard","5":"has-post-thumbnail","7":"category-economie","8":"tag-actualite-economique","9":"tag-assurance-vie","10":"tag-bourse","11":"tag-business","12":"tag-cac-40","13":"tag-chef-dentreprise","14":"tag-concurrence","15":"tag-consommation","16":"tag-creation-dentreprise","17":"tag-crise","18":"tag-delocalisations","19":"tag-economie","20":"tag-economy","21":"tag-emploi","22":"tag-entreprises","23":"tag-fr","24":"tag-france","25":"tag-grands-patrons","26":"tag-impots","27":"tag-licenciements","28":"tag-monopole","29":"tag-multinationales","30":"tag-pea","31":"tag-privatisation","32":"tag-unio"},"share_on_mastodon":{"url":"https:\/\/pubeurope.com\/@fr\/114758619355215358","error":""},"_links":{"self":[{"href":"https:\/\/www.europesays.com\/fr\/wp-json\/wp\/v2\/posts\/209843","targetHints":{"allow":["GET"]}}],"collection":[{"href":"https:\/\/www.europesays.com\/fr\/wp-json\/wp\/v2\/posts"}],"about":[{"href":"https:\/\/www.europesays.com\/fr\/wp-json\/wp\/v2\/types\/post"}],"author":[{"embeddable":true,"href":"https:\/\/www.europesays.com\/fr\/wp-json\/wp\/v2\/users\/2"}],"replies":[{"embeddable":true,"href":"https:\/\/www.europesays.com\/fr\/wp-json\/wp\/v2\/comments?post=209843"}],"version-history":[{"count":0,"href":"https:\/\/www.europesays.com\/fr\/wp-json\/wp\/v2\/posts\/209843\/revisions"}],"wp:featuredmedia":[{"embeddable":true,"href":"https:\/\/www.europesays.com\/fr\/wp-json\/wp\/v2\/media\/209844"}],"wp:attachment":[{"href":"https:\/\/www.europesays.com\/fr\/wp-json\/wp\/v2\/media?parent=209843"}],"wp:term":[{"taxonomy":"category","embeddable":true,"href":"https:\/\/www.europesays.com\/fr\/wp-json\/wp\/v2\/categories?post=209843"},{"taxonomy":"post_tag","embeddable":true,"href":"https:\/\/www.europesays.com\/fr\/wp-json\/wp\/v2\/tags?post=209843"}],"curies":[{"name":"wp","href":"https:\/\/api.w.org\/{rel}","templated":true}]}}