{"id":209845,"date":"2025-06-28T02:25:10","date_gmt":"2025-06-28T02:25:10","guid":{"rendered":"https:\/\/www.europesays.com\/fr\/209845\/"},"modified":"2025-06-28T02:25:10","modified_gmt":"2025-06-28T02:25:10","slug":"a-gaza-des-soldats-israeliens-sindignent-des-attaques-contre-les-civils-liberation","status":"publish","type":"post","link":"https:\/\/www.europesays.com\/fr\/209845\/","title":{"rendered":"\u00e0 Gaza, des soldats isra\u00e9liens s\u2019indignent des attaques contre les civils \u2013 Lib\u00e9ration"},"content":{"rendered":"<p class=\"sc-ksZaOG ehjQrN text-element\">\u00abPourquoi des gens qui cherchent simplement \u00e0 se nourrir sont-ils tu\u00e9s parce qu\u2019ils essayent de sortir de la file d\u2019attente [\u2026] ? Comment en est-on arriv\u00e9 \u00e0 un point o\u00f9 un adolescent est pr\u00eat \u00e0 risquer sa vie juste pour attraper un sac de riz distribu\u00e9 par un camion ? Et pourquoi tire-t-on sur lui \u00e0 l\u2019artillerie ?\u00bb Celui qui s\u2019exprime en ces termes, ce vendredi 27 juin <a href=\"https:\/\/www.haaretz.com\/israel-news\/2025-06-27\/ty-article-magazine\/.premium\/idf-soldiers-ordered-to-shoot-deliberately-at-unarmed-gazans-waiting-for-humanitarian-aid\/00000197-ad8e-de01-a39f-ffbe33780000\" target=\"_blank\" rel=\"noopener\" title=\"https:\/\/www.haaretz.com\/israel-news\/2025-06-27\/ty-article-magazine\/.premium\/idf-soldiers-ordered-to-shoot-deliberately-at-unarmed-gazans-waiting-for-humanitarian-aid\/00000197-ad8e-de01-a39f-ffbe33780000\">dans les pages du quotidien isra\u00e9lien Haaretz<\/a>, est un officier sup\u00e9rieur de l\u2019arm\u00e9e isra\u00e9lienne. Il est boulevers\u00e9 par la tournure tragique prise par la distribution d\u2019aide alimentaire dans la bande de Gaza depuis <a href=\"https:\/\/www.liberation.fr\/checknews\/comment-israel-a-transforme-laide-alimentaire-en-enfer-pour-les-gazaouis-20250614_OXD5G6J7LZBBNODAVZ4QBAMUSE\/?redirected=1\" target=\"_blank\" rel=\"noopener\" title=\"https:\/\/www.liberation.fr\/checknews\/comment-israel-a-transforme-laide-alimentaire-en-enfer-pour-les-gazaouis-20250614_OXD5G6J7LZBBNODAVZ4QBAMUSE\/?redirected=1\">la mise en place fin mai par le gouvernement de Benyamin N\u00e9tanyahou<\/a> d\u2019un nouveau syst\u00e8me d\u2019aide b\u00e2ti autour d\u2019une soci\u00e9t\u00e9 am\u00e9ricaine au financement opaque, la Gaza Humanitarian Foundation (GHF).<\/p>\n<p class=\"sc-ksZaOG ehjQrN text-element\">Des rassemblements monstres, des bousculades, des frappes isra\u00e9liennes r\u00e9currentes contre les foules terroris\u00e9es et des victimes par centaines. Au total, au moins 549 personnes ont \u00e9t\u00e9 tu\u00e9es aux abords des sites de distribution alimentaire en l\u2019espace d\u2019un mois, d\u2019apr\u00e8s le minist\u00e8re de la Sant\u00e9 \u00e0 Gaza (contr\u00f4l\u00e9 par le Hamas), et des milliers d\u2019autres ont \u00e9t\u00e9 bless\u00e9es. Ce vendredi encore, 10 Gazaouis ont perdu la vie alors qu\u2019ils attendaient de l\u2019aide, portant le total \u00e0 plus de 56 000 morts depuis le d\u00e9but de la guerre en octobre 2023. Une h\u00e9catombe racont\u00e9e par Haaretz sur la base de nombreux t\u00e9moignages recueillis aupr\u00e8s de soldats et d\u2019officiers de l\u2019arm\u00e9e isra\u00e9lienne, qui r\u00e9v\u00e8lent, sous couvert d\u2019anonymat, avoir re\u00e7u l\u2019ordre de tirer sur les groupes rassembl\u00e9s pour recueillir l\u2019aide alimentaire, m\u00eame quand ils ne repr\u00e9sentaient aucune menace.<\/p>\n<p class=\"sc-ksZaOG ehjQrN text-element\">Selon ces r\u00e9cits, les hommes de Tsahal utilisent le feu comme une mani\u00e8re de g\u00e9rer le monde qui afflue \u00e0 l\u2019entr\u00e9e <a href=\"https:\/\/www.liberation.fr\/international\/moyen-orient\/gaza-le-nebuleux-systeme-imagine-par-israel-pour-controler-laide-humanitaire-de-plus-en-plus-decrie-20250527_O645UPTKCJGXBOUCGDIJ4NIHFA\/\" target=\"_blank\" rel=\"noopener\" title=\"https:\/\/www.liberation.fr\/international\/moyen-orient\/gaza-le-nebuleux-systeme-imagine-par-israel-pour-controler-laide-humanitaire-de-plus-en-plus-decrie-20250527_O645UPTKCJGXBOUCGDIJ4NIHFA\/\">des quatre centres de distribution o\u00f9 op\u00e8re la GHF<\/a> \u2013 qui se trouvent tous \u00e0 proximit\u00e9 de forces arm\u00e9es isra\u00e9liennes. Souvent, les Gazaouis arrivent trop t\u00f4t, avant l\u2019ouverture des sites, et les militaires tirent pour les emp\u00eacher de s\u2019en approcher. D\u2019autres fois, apr\u00e8s la distribution des vivres, les militaires tirent dans la foule pour l\u2019encourager \u00e0 se disperser. \u00abL\u00e0 o\u00f9 j\u2019\u00e9tais en poste, entre une et cinq personnes \u00e9taient tu\u00e9es chaque jour. [Les Palestiniens] sont trait\u00e9s comme une force hostile [\u2026]. On leur tire dessus avec tout ce que l\u2019on peut imaginer : des mitrailleuses lourdes, des lance-grenades, des mortiers\u2026\u00bb confie un soldat, qui parle de \u00abchamp de bataille\u00bb.<\/p>\n<p class=\"sc-ksZaOG ehjQrN text-element\">Pourtant, poursuit le soldat, \u00abnos forces ne sont confront\u00e9es \u00e0 aucun danger\u00bb. \u00abJe n\u2019ai pas connaissance d\u2019un seul cas de riposte, dit-il. Il n\u2019y a pas d\u2019ennemi en face, pas d\u2019armes.\u00bb Un officier de r\u00e9serve rapporte avoir \u00e9t\u00e9 pr\u00e9sent sur le site d\u2019un autre drame, un jour o\u00f9 une dizaine de personnes ont \u00e9t\u00e9 tu\u00e9es par des tirs isra\u00e9liens en marge d\u2019une distribution alimentaire. \u00abLorsque nous avons demand\u00e9 pourquoi ils avaient ouvert le feu, on nous a r\u00e9pondu qu\u2019il s\u2019agissait d\u2019un ordre venu d\u2019en haut et que les civils avaient constitu\u00e9 une menace pour les troupes, explique-t-il. Mais je peux dire avec certitude que ces personnes n\u2019\u00e9taient pas proches des forces et ne les mettaient pas en danger. Ils ont \u00e9t\u00e9 tu\u00e9s pour rien. Ce qu\u2019on appelle tuer des innocents, c\u2019est devenu la norme.\u00bb<\/p>\n<p class=\"sc-ksZaOG ehjQrN text-element\">Dans un communiqu\u00e9 publi\u00e9 ce vendredi 27 juin, l\u2019ONG M\u00e9decins sans fronti\u00e8res d\u00e9nonce \u00abun simulacre de distribution alimentaire qui produit des massacres \u00e0 la cha\u00eene\u00bb <a href=\"https:\/\/www.liberation.fr\/international\/moyen-orient\/journal-dune-gazaouie-le-message-est-sans-equivoque-vous-ne-mangerez-que-si-vous-vous-inclinez-20250626_AOLTVDFRNRC2NIMO72NF7IV4KE\/\" target=\"_blank\" rel=\"noopener\" title=\"https:\/\/www.liberation.fr\/international\/moyen-orient\/journal-dune-gazaouie-le-message-est-sans-equivoque-vous-ne-mangerez-que-si-vous-vous-inclinez-20250626_AOLTVDFRNRC2NIMO72NF7IV4KE\/\">dans un territoire menac\u00e9 par la famine<\/a>. A Gaza, les militaires interrog\u00e9s par Haaretz se posent des questions, eux aussi. \u00abMa plus grande crainte est que les tirs contre les civils de Gaza ne soient pas le r\u00e9sultat d\u2019une n\u00e9cessit\u00e9 op\u00e9rationnelle ou d\u2019un manque de discernement, mais plut\u00f4t le fruit de l\u2019id\u00e9ologie partag\u00e9e par les commandants sur le terrain\u00bb, s\u2019inqui\u00e8te un officier sup\u00e9rieur. Nombreux sont ceux qui consid\u00e8rent que la mise sur pied de la GHF a permis \u00e0 Isra\u00ebl de poursuivre sa guerre dans l\u2019enclave palestinienne en s\u2019offrant un alibi humanitaire, apr\u00e8s deux mois de blocus total de l\u2019aide.<\/p>\n<p class=\"sc-ksZaOG ehjQrN text-element\">Selon les informations de Haaretz, la succession d\u2019attaques meurtri\u00e8res a conduit cette semaine \u00e0 la convocation d\u2019une r\u00e9union dans les locaux de l\u2019avocate g\u00e9n\u00e9rale de Tsahal, charg\u00e9e de d\u00e9fendre le respect du droit international au sein de l\u2019arm\u00e9e isra\u00e9lienne. L\u00e0, les responsables du Commandement r\u00e9gional du Sud de la bande de Gaza auraient plaid\u00e9 des cas \u00abisol\u00e9s\u00bb et des coups de feu contre \u00abdes suspects qui repr\u00e9sentaient une menace pour les troupes\u00bb. Sans convaincre leurs interlocuteurs. \u00abIl ne s\u2019agit pas de quelques personnes tu\u00e9es, mais de dizaines de victimes chaque jour\u00bb, auraient r\u00e9torqu\u00e9 les repr\u00e9sentants de l\u2019avocate g\u00e9n\u00e9rale, qui aurait r\u00e9clam\u00e9 une enqu\u00eate pour crimes de guerre concernant les sites de distribution alimentaire.<\/p>\n","protected":false},"excerpt":{"rendered":"\u00abPourquoi des gens qui cherchent simplement \u00e0 se nourrir sont-ils tu\u00e9s parce qu\u2019ils essayent de sortir de la&hellip;\n","protected":false},"author":2,"featured_media":209846,"comment_status":"","ping_status":"","sticky":false,"template":"","format":"standard","meta":{"footnotes":""},"categories":[5],"tags":[11,1011,27,3517,3522,14,664,3523,12,28],"class_list":{"0":"post-209845","1":"post","2":"type-post","3":"status-publish","4":"format-standard","5":"has-post-thumbnail","7":"category-international","8":"tag-actualites","9":"tag-fr","10":"tag-france","11":"tag-gaza-l-escalade","12":"tag-guerre-hamas-israel","13":"tag-international","14":"tag-israel","15":"tag-israel-palestine-conflit","16":"tag-news","17":"tag-world"},"share_on_mastodon":{"url":"https:\/\/pubeurope.com\/@fr\/114758623352793864","error":""},"_links":{"self":[{"href":"https:\/\/www.europesays.com\/fr\/wp-json\/wp\/v2\/posts\/209845","targetHints":{"allow":["GET"]}}],"collection":[{"href":"https:\/\/www.europesays.com\/fr\/wp-json\/wp\/v2\/posts"}],"about":[{"href":"https:\/\/www.europesays.com\/fr\/wp-json\/wp\/v2\/types\/post"}],"author":[{"embeddable":true,"href":"https:\/\/www.europesays.com\/fr\/wp-json\/wp\/v2\/users\/2"}],"replies":[{"embeddable":true,"href":"https:\/\/www.europesays.com\/fr\/wp-json\/wp\/v2\/comments?post=209845"}],"version-history":[{"count":0,"href":"https:\/\/www.europesays.com\/fr\/wp-json\/wp\/v2\/posts\/209845\/revisions"}],"wp:featuredmedia":[{"embeddable":true,"href":"https:\/\/www.europesays.com\/fr\/wp-json\/wp\/v2\/media\/209846"}],"wp:attachment":[{"href":"https:\/\/www.europesays.com\/fr\/wp-json\/wp\/v2\/media?parent=209845"}],"wp:term":[{"taxonomy":"category","embeddable":true,"href":"https:\/\/www.europesays.com\/fr\/wp-json\/wp\/v2\/categories?post=209845"},{"taxonomy":"post_tag","embeddable":true,"href":"https:\/\/www.europesays.com\/fr\/wp-json\/wp\/v2\/tags?post=209845"}],"curies":[{"name":"wp","href":"https:\/\/api.w.org\/{rel}","templated":true}]}}