{"id":209847,"date":"2025-06-28T02:26:11","date_gmt":"2025-06-28T02:26:11","guid":{"rendered":"https:\/\/www.europesays.com\/fr\/209847\/"},"modified":"2025-06-28T02:26:11","modified_gmt":"2025-06-28T02:26:11","slug":"plus-de-41-c-attendus-la-fcpe-demande-durgence-des-consignes-pour-laccueil-des-eleves","status":"publish","type":"post","link":"https:\/\/www.europesays.com\/fr\/209847\/","title":{"rendered":"Plus de 41\u00a0\u00b0C attendus, la FCPE demande d\u2019urgence des \u00ab\u00a0consignes\u00a0\u00bb pour l\u2019accueil des \u00e9l\u00e8ves"},"content":{"rendered":"<p>Il y a \u00ab\u00a0urgence\u00a0\u00bb pour la <a href=\"https:\/\/www.20minutes.fr\/dossier\/fcpe\" class=\"color-ultramarine c-link\" target=\"_blank\" rel=\"noopener\">FCPE<\/a>. Face aux temp\u00e9ratures <a href=\"https:\/\/www.20minutes.fr\/dossier\/canicule\" class=\"color-ultramarine c-link\" target=\"_blank\" rel=\"noopener\">caniculaires<\/a>, l\u2019association de parents d\u2019\u00e9l\u00e8ves demande \u00e0 la ministre de l\u2019<a href=\"https:\/\/www.20minutes.fr\/dossier\/education_nationale\" class=\"color-ultramarine c-link\" target=\"_blank\" rel=\"noopener\">Education<\/a> <a href=\"https:\/\/www.20minutes.fr\/politique\/elisabeth-borne\/\" class=\"color-ultramarine c-link\" target=\"_blank\" rel=\"noopener\">\u00c9lisabeth Borne<\/a> de donner, \u00ab\u00a0des consignes claires\u00a0\u00bb aux personnels des \u00e9tablissements scolaires afin d\u2019adapter l\u2019accueil des \u00e9l\u00e8ves.<\/p>\n<p>Selon le b\u00e2ti scolaire, les transports, la pr\u00e9sence d\u2019arbres ou de locaux frais, \u00ab\u00a0des solutions concr\u00e8tes doivent \u00eatre mises en \u0153uvre\u00a0\u00bb, \u00ab\u00a0en concertation\u00a0\u00bb avec les repr\u00e9sentants des parents d\u2019\u00e9l\u00e8ves et les \u00e9lus locaux, argumente la FCPE. \u00ab\u00a0On a des temp\u00e9ratures encore beaucoup plus fortes que ces derniers jours attendues pour lundi et mardi, jusqu\u2019\u00e0 41\u00a0\u00b0C\u00a0\u00bb, pendant la derni\u00e8re semaine de classe des \u00e9l\u00e8ves de primaire, explique Gr\u00e9goire Ensel, vice-pr\u00e9sident de la FCPE, interrog\u00e9 par l\u2019AFP.<\/p>\n<\/p>\n<p>Au parc ou dans une salle polyvalente<\/p>\n<p>Estimant qu\u2019une grande partie du b\u00e2ti scolaire \u00ab\u00a0est inadapt\u00e9e\u00a0\u00bb aux fortes chaleurs, Gr\u00e9goire Ensel demande de \u00ab\u00a0donner aux \u00e9quipes des consignes claires pour que lors des derniers jours d\u2019\u00e9cole elles puissent s\u2019adapter, utiliser une salle polyvalente de la commune disponible, prioriser une visite, aller au parc\u2026\u00a0\u00bb.<\/p>\n<p>L\u2019association de parents \u00ab\u00a0plaide notamment pour un b\u00e2ti scolaire repens\u00e9 face au changement climatique\u00a0\u00bb, rappelle son communiqu\u00e9. Une vague de chaleur s\u00e9vit en France et dans l\u2019Europe du sud avec des temp\u00e9ratures qui devraient d\u00e9passer les 40 degr\u00e9s dans plusieurs r\u00e9gions.<\/p>\n","protected":false},"excerpt":{"rendered":"Il y a \u00ab\u00a0urgence\u00a0\u00bb pour la FCPE. Face aux temp\u00e9ratures caniculaires, l\u2019association de parents d\u2019\u00e9l\u00e8ves demande \u00e0 la&hellip;\n","protected":false},"author":2,"featured_media":209848,"comment_status":"","ping_status":"","sticky":false,"template":"","format":"standard","meta":{"footnotes":""},"categories":[4],"tags":[47,11,6698,1122,1126,1121,1011,27,12,25,104],"class_list":{"0":"post-209847","1":"post","2":"type-post","3":"status-publish","4":"format-standard","5":"has-post-thumbnail","7":"category-france","8":"tag-actualite","9":"tag-actualites","10":"tag-canicule","11":"tag-ecole","12":"tag-education-nationale","13":"tag-eleves","14":"tag-fr","15":"tag-france","16":"tag-news","17":"tag-republique-francaise","18":"tag-societe"},"share_on_mastodon":{"url":"https:\/\/pubeurope.com\/@fr\/114758627187523500","error":""},"_links":{"self":[{"href":"https:\/\/www.europesays.com\/fr\/wp-json\/wp\/v2\/posts\/209847","targetHints":{"allow":["GET"]}}],"collection":[{"href":"https:\/\/www.europesays.com\/fr\/wp-json\/wp\/v2\/posts"}],"about":[{"href":"https:\/\/www.europesays.com\/fr\/wp-json\/wp\/v2\/types\/post"}],"author":[{"embeddable":true,"href":"https:\/\/www.europesays.com\/fr\/wp-json\/wp\/v2\/users\/2"}],"replies":[{"embeddable":true,"href":"https:\/\/www.europesays.com\/fr\/wp-json\/wp\/v2\/comments?post=209847"}],"version-history":[{"count":0,"href":"https:\/\/www.europesays.com\/fr\/wp-json\/wp\/v2\/posts\/209847\/revisions"}],"wp:featuredmedia":[{"embeddable":true,"href":"https:\/\/www.europesays.com\/fr\/wp-json\/wp\/v2\/media\/209848"}],"wp:attachment":[{"href":"https:\/\/www.europesays.com\/fr\/wp-json\/wp\/v2\/media?parent=209847"}],"wp:term":[{"taxonomy":"category","embeddable":true,"href":"https:\/\/www.europesays.com\/fr\/wp-json\/wp\/v2\/categories?post=209847"},{"taxonomy":"post_tag","embeddable":true,"href":"https:\/\/www.europesays.com\/fr\/wp-json\/wp\/v2\/tags?post=209847"}],"curies":[{"name":"wp","href":"https:\/\/api.w.org\/{rel}","templated":true}]}}