{"id":209851,"date":"2025-06-28T02:28:10","date_gmt":"2025-06-28T02:28:10","guid":{"rendered":"https:\/\/www.europesays.com\/fr\/209851\/"},"modified":"2025-06-28T02:28:10","modified_gmt":"2025-06-28T02:28:10","slug":"saint-etienne-un-automobiliste-fait-son-show-devant-les-forces-de-lordre","status":"publish","type":"post","link":"https:\/\/www.europesays.com\/fr\/209851\/","title":{"rendered":"SAINT-\u00c9TIENNE : UN AUTOMOBILISTE FAIT SON SHOW DEVANT LES FORCES DE L&rsquo;ORDRE"},"content":{"rendered":"<p>Cette strat\u00e9gie pr\u00e9ventive vise \u00e0 dissuader toute tentative de reconstitution d\u2019activit\u00e9s illicites dans le secteur. Dans la nuit du jeudi 26 juin, aux alentours d\u20191h30, les policiers en faction ont \u00e9t\u00e9 t\u00e9moins d\u2019une infraction routi\u00e8re particuli\u00e8rement visible. Un conducteur de 49 ans, au volant de son v\u00e9hicule, a choisi d\u2019ignorer compl\u00e8tement la signalisation routi\u00e8re en franchissant un panneau stop sans marquer l\u2019arr\u00eat r\u00e9glementaire.<\/p>\n<p>Quand l\u2019\u00e9vidence saute aux yeux<\/p>\n<p>L\u2019intervention imm\u00e9diate des fonctionnaires a rapidement r\u00e9v\u00e9l\u00e9 l\u2019\u00e9tat du conducteur st\u00e9phanois. Selon les sources polici\u00e8res, l\u2019homme pr\u00e9sentait des signes caract\u00e9ristiques d\u2019une conduite sous influence alcoolique, rendant son comportement au volant particuli\u00e8rement dangereux.<\/p>\n<p>L\u2019automobiliste a \u00e9t\u00e9 imm\u00e9diatement interpell\u00e9 et conduit au commissariat. La proc\u00e9dure standard a \u00e9t\u00e9 appliqu\u00e9e : passage par la case d\u00e9grisement avant placement en garde \u00e0 vue. Cette \u00e9tape permet de s\u2019assurer que l\u2019individu retrouve ses facult\u00e9s avant tout interrogatoire.<\/p>\n<p>Rendez-vous avec la justice<\/p>\n<p>Les suites judiciaires ne se sont pas fait attendre. Le quadrag\u00e9naire devra prochainement compara\u00eetre devant le tribunal correctionnel pour r\u00e9pondre de ses actes. Il fait face \u00e0 deux chefs d\u2019accusation : conduite en \u00e9tat d\u2019\u00e9bri\u00e9t\u00e9 et non-respect de la signalisation routi\u00e8re.<\/p>\n","protected":false},"excerpt":{"rendered":"Cette strat\u00e9gie pr\u00e9ventive vise \u00e0 dissuader toute tentative de reconstitution d\u2019activit\u00e9s illicites dans le secteur. Dans la nuit&hellip;\n","protected":false},"author":2,"featured_media":209852,"comment_status":"","ping_status":"","sticky":false,"template":"","format":"standard","meta":{"footnotes":""},"categories":[9653],"tags":[1111,11,2430,1777,674,118,1011,27,303,3367,12,1072,25,4001],"class_list":{"0":"post-209851","1":"post","2":"type-post","3":"status-publish","4":"format-standard","5":"has-post-thumbnail","7":"category-saint-etienne","8":"tag-actu","9":"tag-actualites","10":"tag-auvergne-rhone-alpes","11":"tag-eu","12":"tag-europe","13":"tag-faits-divers","14":"tag-fr","15":"tag-france","16":"tag-justice","17":"tag-loire","18":"tag-news","19":"tag-police","20":"tag-republique-francaise","21":"tag-saint-etienne"},"share_on_mastodon":{"url":"https:\/\/pubeurope.com\/@fr\/114758634951774430","error":""},"_links":{"self":[{"href":"https:\/\/www.europesays.com\/fr\/wp-json\/wp\/v2\/posts\/209851","targetHints":{"allow":["GET"]}}],"collection":[{"href":"https:\/\/www.europesays.com\/fr\/wp-json\/wp\/v2\/posts"}],"about":[{"href":"https:\/\/www.europesays.com\/fr\/wp-json\/wp\/v2\/types\/post"}],"author":[{"embeddable":true,"href":"https:\/\/www.europesays.com\/fr\/wp-json\/wp\/v2\/users\/2"}],"replies":[{"embeddable":true,"href":"https:\/\/www.europesays.com\/fr\/wp-json\/wp\/v2\/comments?post=209851"}],"version-history":[{"count":0,"href":"https:\/\/www.europesays.com\/fr\/wp-json\/wp\/v2\/posts\/209851\/revisions"}],"wp:featuredmedia":[{"embeddable":true,"href":"https:\/\/www.europesays.com\/fr\/wp-json\/wp\/v2\/media\/209852"}],"wp:attachment":[{"href":"https:\/\/www.europesays.com\/fr\/wp-json\/wp\/v2\/media?parent=209851"}],"wp:term":[{"taxonomy":"category","embeddable":true,"href":"https:\/\/www.europesays.com\/fr\/wp-json\/wp\/v2\/categories?post=209851"},{"taxonomy":"post_tag","embeddable":true,"href":"https:\/\/www.europesays.com\/fr\/wp-json\/wp\/v2\/tags?post=209851"}],"curies":[{"name":"wp","href":"https:\/\/api.w.org\/{rel}","templated":true}]}}