{"id":209865,"date":"2025-06-28T02:37:07","date_gmt":"2025-06-28T02:37:07","guid":{"rendered":"https:\/\/www.europesays.com\/fr\/209865\/"},"modified":"2025-06-28T02:37:07","modified_gmt":"2025-06-28T02:37:07","slug":"la-soiree-les-etrangers-dehors-autorisee-par-la-justice-mais-les-organisateurs-renoncent-finalement-liberation","status":"publish","type":"post","link":"https:\/\/www.europesays.com\/fr\/209865\/","title":{"rendered":"la soir\u00e9e \u00ables \u00e9trangers dehors\u00bb autoris\u00e9e par la justice, mais les organisateurs renoncent finalement \u2013 Lib\u00e9ration"},"content":{"rendered":"<p class=\"sc-ksZaOG ehjQrN text-element\">Cela fait au moins une victoire dans le week-end. Les organisateurs <a href=\"https:\/\/www.liberation.fr\/politique\/elections\/les-etrangers-dehors-a-rouen-le-maire-saisit-le-parquet-pour-une-soiree-xenophobe-20240622_WZSFRUILNBAVZGRM7T7TC6ZH4U\/\" target=\"_blank\" rel=\"nofollow noopener\">d\u2019une soir\u00e9e x\u00e9nophobe intitul\u00e9e \u00abAusl\u00e4nder Raus\u00bb <\/a>(\u00abLes \u00e9trangers dehors\u00bb, en allemand), qui devait se tenir vendredi 28\u00a0juin dans un bar identitaire de\u00a0Rouen, ont finalement annonc\u00e9 son annulation malgr\u00e9 le feu vert de la justice saisie en urgence.<\/p>\n<p class=\"sc-ksZaOG ehjQrN text-element\">\u00abPour tenir compte d\u2019une certaine \u00e9motion r\u00e9sultant <a href=\"https:\/\/www.liberation.fr\/societe\/immigration\/racisme-pour-beaucoup-de-francais-les-consequences-vertigineuses-du-programme-rn-20240625_WKMFVISMABCCVLYXC5J73U74FQ\/\" target=\"_blank\" rel=\"nofollow noopener\">du caract\u00e8re provocateur<\/a> de l\u2019intitul\u00e9 de la soir\u00e9e, intitul\u00e9 susceptible de pr\u00eater aux membres de l\u2019association des sentiments ou des intentions qui ne sont pas les leurs, quand cette soir\u00e9e n\u2019avait d\u2019autre but que d\u2019engager un d\u00e9bat sur l\u2019immigration en France, l\u2019association a d\u00e9cid\u00e9 de sa propre initiative d\u2019annuler la soir\u00e9e\u00bb, \u00e9crivent-ils sur les r\u00e9seaux sociaux. Un \u00abd\u00e9bat\u00bb <a href=\"https:\/\/www.liberation.fr\/politique\/elections\/legislatives-candidats-racistes-agressions-contre-la-gauche-et-les-bougnoules-lextreme-droite-en-roue-libre-avant-le-premier-tour-20240628_VUKMRRIW4BD45FXAPEXKHJFBJY\/\" target=\"_blank\" rel=\"nofollow noopener\">dans le respect des valeurs de la R\u00e9publique<\/a>, \u00e0 n\u2019en pas douter\u2026<\/p>\n<p class=\"sc-ksZaOG ehjQrN text-element\">Jeudi, le maire socialiste de\u00a0Rouen, Nicolas Mayer-Rossignol, avait pris un arr\u00eat\u00e9 municipal interdisant cette soir\u00e9e organis\u00e9e par le bar identitaire de droite \u00abLe Mora\u00bb. L\u2019association organisant la soir\u00e9e avait dans la foul\u00e9e d\u00e9pos\u00e9 un r\u00e9f\u00e9r\u00e9 libert\u00e9 aupr\u00e8s du tribunal administratif de\u00a0Rouen\u00a0pour demander la suspension de l\u2019arr\u00eat\u00e9 municipal.<\/p>\n<p class=\"sc-ksZaOG ehjQrN text-element\">Le tribunal leur a donn\u00e9 gain de cause vendredi en fin d\u2019apr\u00e8s-midi, selon la d\u00e9cision consult\u00e9e par Lib\u00e9ration. \u00abLe trouble \u00e0 l\u2019ordre public r\u00e9sultant d\u2019une atteinte\u00bb \u00e0 la dignit\u00e9 humaine qui permettrait au maire de\u00a0Rouen\u00a0d\u2019interdire la soir\u00e9e \u00abn\u2019est pas caract\u00e9ris\u00e9 dans les circonstances\u00bb, \u00e9crit le juge des r\u00e9f\u00e9r\u00e9s dans son ordonnance.<\/p>\n<p class=\"sc-ksZaOG ehjQrN text-element\">Selon le juge, il n\u2019a pas \u00e9t\u00e9 \u00e9tabli \u00e0 ce stade que \u00able slogan Ausl\u00e4nder Raus ayant donn\u00e9 son titre \u00e0 la soir\u00e9e organis\u00e9e le 28\u00a0juin 2024 par l\u2019association Union normande de France provienne, m\u00eame de fa\u00e7on probable, de la propagande ou de chants diffus\u00e9s pendant le r\u00e9gime national-socialiste [nazi, ndlr].\u00bb<\/p>\n<p class=\"sc-ksZaOG ehjQrN text-element\">\u00abAusl\u00e4nder Raus\u00bb est un slogan x\u00e9nophobe devenu viral apr\u00e8s avoir \u00e9t\u00e9 d\u00e9tourn\u00e9 par des jeunes <a href=\"https:\/\/www.liberation.fr\/politique\/un-chant-raciste-fait-fureur-en-allemagne-lextreme-droite-francaise-veut-limporter-20240527_QCXZ27FOX5EQ5EZZSRTIUOPI3Y\/\" target=\"_blank\" rel=\"nofollow noopener\">qui le chantent sur l\u2019air techno de \u00abL\u2019Amour toujours\u00bb, du DJ Gigi D\u2019Agostino<\/a>, parfois agr\u00e9ment\u00e9 de saluts nazis comme on peut le voir sur certaines vid\u00e9os.<\/p>\n<p class=\"sc-ksZaOG ehjQrN text-element\">Mais selon le tribunal administratif, \u00ables autorit\u00e9s allemandes n\u2019ont pas donn\u00e9 de suite p\u00e9nale \u00e0 l\u2019utilisation de ces mots chant\u00e9s par des bacheliers\u00bb en mai\u00a02024. \u00abLe signalement fait au procureur de la R\u00e9publique par le maire de\u00a0Rouen\u00a0le 21\u00a0juin 2024 est, huit jours plus tard, \u00e0 la date de ce jour, laiss\u00e9 sans r\u00e9ponse\u00bb, rel\u00e8ve encore le tribunal.<\/p>\n<p class=\"sc-ksZaOG ehjQrN text-element\">Nicolas\u00a0Mayer-Rossignol a imm\u00e9diatement annonc\u00e9 son intention de faire appel de cette d\u00e9cision aupr\u00e8s du Conseil d\u2019Etat. \u00abJe maintiens qu\u2019un appel \u00e0 la x\u00e9nophobie tel que \u00abLes \u00e9trangers dehors\u00bb\u00bb (Ausl\u00e4nder Raus, slogan nazi allemand) n\u2019a sa place ni \u00e0\u00a0Rouen, ni nulle part dans notre R\u00e9publique\u00bb, souligne le maire de\u00a0Rouen.<\/p>\n<p class=\"sc-ksZaOG ehjQrN text-element\">Le pr\u00e9fet de Seine-Maritime avait interdit toute manifestation dans un p\u00e9rim\u00e8tre autour du bar situ\u00e9 dans une rue pi\u00e9tonne du centre ville, de vendredi\u00a017 heures au samedi\u00a04 heures. \u00abDes risques de troubles \u00e0 l\u2019ordre public et d\u2019affrontements opposant des manifestants antagonistes sur la voie publique sont identifi\u00e9s\u00bb, avait estim\u00e9 le pr\u00e9fet, dont l\u2019arr\u00eat\u00e9 n\u2019est pas concern\u00e9 par la d\u00e9cision du tribunal administratif.<\/p>\n<p class=\"sc-ksZaOG ehjQrN text-element\">En dehors du p\u00e9rim\u00e8tre concern\u00e9 par l\u2019interdiction pr\u00e9fectorale, environ 300 personnes ont manifest\u00e9 vendredi soir pour s\u2019opposer \u00e0 \u00abla soir\u00e9e raciste et anti-\u00e9trangers organis\u00e9e par le bar \u00abLe Mora\u00bb. Aupr\u00e8s de <a href=\"https:\/\/www.francebleu.fr\/infos\/societe\/une-centaine-de-personnes-rassemblees-en-centre-ville-de-rouen-contre-le-racisme-et-la-xenophobie-4794165\" target=\"_blank\" rel=\"nofollow noopener\">France Bleu<\/a>, l\u2019un des participants \u00e0 ce rassemblement dans le centre de Rouen r\u00e9pond : \u00abPlein de gens se sont sentis insult\u00e9s\u00bb par cette soir\u00e9e, \u00abce qu\u2019on aimerait voir dehors ce ne sont pas les \u00e9trangers mais les personnes qui font de la discrimination et du d\u00e9nigrement juste par rapport \u00e0 une origine ou une religion\u00bb.<\/p>\n","protected":false},"excerpt":{"rendered":"Cela fait au moins une victoire dans le week-end. Les organisateurs d\u2019une soir\u00e9e x\u00e9nophobe intitul\u00e9e \u00abAusl\u00e4nder Raus\u00bb (\u00abLes&hellip;\n","protected":false},"author":2,"featured_media":209866,"comment_status":"","ping_status":"","sticky":false,"template":"","format":"standard","meta":{"footnotes":""},"categories":[9587],"tags":[1111,11,1777,674,1076,1011,27,12,5161,10162,25,9590],"class_list":{"0":"post-209865","1":"post","2":"type-post","3":"status-publish","4":"format-standard","5":"has-post-thumbnail","7":"category-rouen","8":"tag-actu","9":"tag-actualites","10":"tag-eu","11":"tag-europe","12":"tag-extreme-droite","13":"tag-fr","14":"tag-france","15":"tag-news","16":"tag-normandie","17":"tag-racisme","18":"tag-republique-francaise","19":"tag-rouen"},"share_on_mastodon":{"url":"https:\/\/pubeurope.com\/@fr\/114758670263073398","error":""},"_links":{"self":[{"href":"https:\/\/www.europesays.com\/fr\/wp-json\/wp\/v2\/posts\/209865","targetHints":{"allow":["GET"]}}],"collection":[{"href":"https:\/\/www.europesays.com\/fr\/wp-json\/wp\/v2\/posts"}],"about":[{"href":"https:\/\/www.europesays.com\/fr\/wp-json\/wp\/v2\/types\/post"}],"author":[{"embeddable":true,"href":"https:\/\/www.europesays.com\/fr\/wp-json\/wp\/v2\/users\/2"}],"replies":[{"embeddable":true,"href":"https:\/\/www.europesays.com\/fr\/wp-json\/wp\/v2\/comments?post=209865"}],"version-history":[{"count":0,"href":"https:\/\/www.europesays.com\/fr\/wp-json\/wp\/v2\/posts\/209865\/revisions"}],"wp:featuredmedia":[{"embeddable":true,"href":"https:\/\/www.europesays.com\/fr\/wp-json\/wp\/v2\/media\/209866"}],"wp:attachment":[{"href":"https:\/\/www.europesays.com\/fr\/wp-json\/wp\/v2\/media?parent=209865"}],"wp:term":[{"taxonomy":"category","embeddable":true,"href":"https:\/\/www.europesays.com\/fr\/wp-json\/wp\/v2\/categories?post=209865"},{"taxonomy":"post_tag","embeddable":true,"href":"https:\/\/www.europesays.com\/fr\/wp-json\/wp\/v2\/tags?post=209865"}],"curies":[{"name":"wp","href":"https:\/\/api.w.org\/{rel}","templated":true}]}}