{"id":209867,"date":"2025-06-28T02:41:14","date_gmt":"2025-06-28T02:41:14","guid":{"rendered":"https:\/\/www.europesays.com\/fr\/209867\/"},"modified":"2025-06-28T02:41:14","modified_gmt":"2025-06-28T02:41:14","slug":"recours-contre-les-modalites-dorganisation-du-guda-de-grenoble-%e2%8b%85-gisti","status":"publish","type":"post","link":"https:\/\/www.europesays.com\/fr\/209867\/","title":{"rendered":"Recours contre les modalit\u00e9s d&rsquo;organisation du Guda de Grenoble \u22c5 GISTI"},"content":{"rendered":"<p>L\u2019ADA (Accueil des demandeurs d\u2019asile), la Cimade, la LdH, le Gisti, le Secours catholique et l\u2019institut des droits de l\u2019homme du barreau de Grenoble ont d\u00e9pos\u00e9, en juin 2025, un recours en annulation accompagn\u00e9 d\u2019un r\u00e9f\u00e9r\u00e9-suspension contre la d\u00e9cision d\u2019organisation de la pr\u00e9f\u00e8te de l\u2019Is\u00e8re du guichet unique des demandeurs d\u2019asile de Grenoble qui a pour effet d\u2019entraver l\u2019enregistrement des demandes d\u2019asile et emp\u00eache qu\u2019elles soient d\u00e9pos\u00e9es dans les d\u00e9lais l\u00e9gaux.<\/p>\n<p>Les associations requ\u00e9rantes d\u00e9montrent, documents et constats \u00e0 l\u2019appui, l\u2019existence d\u2019une carence syst\u00e9mique de la part de l\u2019administration et demandent au juge d\u2019enjoindre \u00e0 la pr\u00e9f\u00e8te de prendre toutes mesures n\u00e9cessaires pour que soient respect\u00e9s les d\u00e9lais d\u2019enregistrement des demandes d\u2019asile fix\u00e9s par la loi.<\/p>\n<p><a href=\"https:\/\/www.gisti.org\/IMG\/pdf\/mem_rs_guda_grenoble.pdf\" class=\" spip_doc_lien\" title=\"PDF - 416.1 kio\" type=\"application\/pdf\" rel=\"nofollow noopener\" target=\"_blank\"><img loading=\"lazy\" decoding=\"async\" src=\"https:\/\/www.gisti.org\/local\/cache-vignettes\/L64xH64\/pdf-b8aed.svg?1750077145\" width=\"64\" height=\"64\" alt=\"\"\/><\/a><\/p>\n<p><strong>M\u00e9moire r\u00e9f\u00e9r\u00e9-suspension ADA et autres<\/strong><\/p>\n<p><a href=\"#top\"><img decoding=\"async\" src=\"https:\/\/www.europesays.com\/fr\/wp-content\/uploads\/2025\/06\/haut-page.gif\" alt=\"[retour en haut de page]\" class=\"top\"\/><\/a><\/p>\n<p>Dernier ajout : vendredi 27 juin 2025, 14:26<\/p>\n<p>URL de cette page : www.gisti.org\/article7534<\/p>\n","protected":false},"excerpt":{"rendered":"L\u2019ADA (Accueil des demandeurs d\u2019asile), la Cimade, la LdH, le Gisti, le Secours catholique et l\u2019institut des droits&hellip;\n","protected":false},"author":2,"featured_media":209868,"comment_status":"","ping_status":"","sticky":false,"template":"","format":"standard","meta":{"footnotes":""},"categories":[9566],"tags":[1111,11,10443,2430,34901,2483,3331,1777,674,1011,27,2731,1061,17986,34902,1251,9112,12,34900,2495,25,25950],"class_list":{"0":"post-209867","1":"post","2":"type-post","3":"status-publish","4":"format-standard","5":"has-post-thumbnail","7":"category-grenoble","8":"tag-actu","9":"tag-actualites","10":"tag-asile","11":"tag-auvergne-rhone-alpes","12":"tag-clandestins","13":"tag-droits","14":"tag-etrangers","15":"tag-eu","16":"tag-europe","17":"tag-fr","18":"tag-france","19":"tag-grenoble","20":"tag-immigration","21":"tag-immigres","22":"tag-liberte-de-circulation","23":"tag-migrants","24":"tag-nationalite","25":"tag-news","26":"tag-politiques-migratoires","27":"tag-refugies","28":"tag-republique-francaise","29":"tag-sans-papiers"},"share_on_mastodon":{"url":"https:\/\/pubeurope.com\/@fr\/114758686014571281","error":""},"_links":{"self":[{"href":"https:\/\/www.europesays.com\/fr\/wp-json\/wp\/v2\/posts\/209867","targetHints":{"allow":["GET"]}}],"collection":[{"href":"https:\/\/www.europesays.com\/fr\/wp-json\/wp\/v2\/posts"}],"about":[{"href":"https:\/\/www.europesays.com\/fr\/wp-json\/wp\/v2\/types\/post"}],"author":[{"embeddable":true,"href":"https:\/\/www.europesays.com\/fr\/wp-json\/wp\/v2\/users\/2"}],"replies":[{"embeddable":true,"href":"https:\/\/www.europesays.com\/fr\/wp-json\/wp\/v2\/comments?post=209867"}],"version-history":[{"count":0,"href":"https:\/\/www.europesays.com\/fr\/wp-json\/wp\/v2\/posts\/209867\/revisions"}],"wp:featuredmedia":[{"embeddable":true,"href":"https:\/\/www.europesays.com\/fr\/wp-json\/wp\/v2\/media\/209868"}],"wp:attachment":[{"href":"https:\/\/www.europesays.com\/fr\/wp-json\/wp\/v2\/media?parent=209867"}],"wp:term":[{"taxonomy":"category","embeddable":true,"href":"https:\/\/www.europesays.com\/fr\/wp-json\/wp\/v2\/categories?post=209867"},{"taxonomy":"post_tag","embeddable":true,"href":"https:\/\/www.europesays.com\/fr\/wp-json\/wp\/v2\/tags?post=209867"}],"curies":[{"name":"wp","href":"https:\/\/api.w.org\/{rel}","templated":true}]}}