{"id":209877,"date":"2025-06-28T02:46:11","date_gmt":"2025-06-28T02:46:11","guid":{"rendered":"https:\/\/www.europesays.com\/fr\/209877\/"},"modified":"2025-06-28T02:46:11","modified_gmt":"2025-06-28T02:46:11","slug":"parkings-jardin-partage-local-associatif-ou-en-sont-les-projets-damenagements-du-quartier-de-la-madeleine-a-nice","status":"publish","type":"post","link":"https:\/\/www.europesays.com\/fr\/209877\/","title":{"rendered":"Parkings, jardin partag\u00e9, local associatif: o\u00f9 en sont les projets d\u2019am\u00e9nagements du quartier de la Madeleine \u00e0 Nice?"},"content":{"rendered":"<p>En novembre, d<a href=\"https:\/\/www.nicematin.com\/vie-locale\/vegetalisation-parking-jardins-ce-que-prevoit-la-ville-de-nice-pour-le-quartier-de-la-madeleine-958464\" target=\"_blank\" rel=\"noopener\">e nombreux projets \u00e9taient annonc\u00e9s pour le quartier de la Madeleine<\/a>, \u00e0 Nice. Jeudi 26 juin 2025, lors d\u2019une grande d\u00e9ambulation sur le boulevard, Christian Estrosi, maire de Nice, a pr\u00e9cis\u00e9, dans le d\u00e9tail, la feuille de route pens\u00e9e pour ce quartier \u00e0 l\u2019ouest de la ville.<\/p>\n<p>1. Le verdissement du terre-plein central sur le boulevard<\/p>\n<p>Cela fait partie des gros projets pour le quartier: mettre fin aux voitures tampon et au stationnement sauvage sur le terre-plein du boulevard. \u00ab\u00a0Il y a actuellement des voitures abandonn\u00e9es, des voitures stock\u00e9es par les carrossiers. Parfois, \u00e7a g\u00eane la circulation\u00a0\u00bb, argumente Christian Estrosi. La solution, pour lui, a donc \u00e9t\u00e9 d\u2019entamer la v\u00e9g\u00e9talisation de cet endroit. Les travaux ont \u00e9t\u00e9 lanc\u00e9s au mois de mai. Dans un premier temps, 300m\u00e8tres de terre-plein vont \u00eatre v\u00e9g\u00e9talis\u00e9s, approximativement de l\u2019\u00e9cole maternelle Ch\u00e2let des Roses jusqu\u2019au coll\u00e8ge Jean Rostand. \u00ab\u00a0Cela permettra de supprimer 36 places non officielles\u00a0\u00bb, pr\u00e9cise la Ville. Aussi, 14 arbres vont \u00eatre plant\u00e9s. Co\u00fbt: 250.000 euros. Par la suite, la v\u00e9g\u00e9talisation du terre-plein sera \u00e9tendue.<\/p>\n<p>2. La construction d\u2019un parking couvert de 320 places<\/p>\n<p>Au 169 du boulevard de la Madeleine, un imposant parking de 320 places va \u00eatre construit. Les travaux seront lanc\u00e9s d\u00e9but 2026, avec une fin pr\u00e9visionnelle \u00e0 la fin 2026.<\/p>\n<p>3. L\u2019am\u00e9nagement de deux autres petits parkings<\/p>\n<p>Un parking de 40 places commencera \u00e0 \u00eatre am\u00e9nag\u00e9 au 2 rue d\u2019Arm\u00e9nie dans le courant du mois de septembre, pour une livraison en novembre. Des arbres y seront plant\u00e9s. Co\u00fbt total du projet: 450.000 euros.<\/p>\n<p>Un peu plus bas, au 160 du boulevard, un deuxi\u00e8me parking de 19 places, termin\u00e9 depuis le mois de mai, a \u00e9t\u00e9 officiellement inaugur\u00e9 ce jeudi Co\u00fbt: 260.000 euros.<\/p>\n<p>Ces deux parkings seront payants, mais b\u00e9n\u00e9ficieront, comme tous les parkings de Nice,<a href=\"https:\/\/www.nicematin.com\/vie-locale\/il-y-aura-bientot-une-heure-de-stationnement-gratuit-dans-les-rues-de-nice-978806\" target=\"_blank\" rel=\"noopener\"> d\u2019une heure de gratuit\u00e9 \u00e0 partir du 1er juillet<\/a> (c\u2019\u00e9tait 30 minutes jusqu\u2019\u00e0 maintenant).<\/p>\n<p>4. Un projet de jardin partag\u00e9<\/p>\n<p>Autre nouveaut\u00e9: les habitants du quartier pourront avoir leur propre production de fruits et de l\u00e9gumes gr\u00e2ce \u00e0 un nouveau jardin partag\u00e9. \u00ab\u00a0Il y avait un projet immobilier \u00e0 cet endroit. Nous l\u2019avons fait annuler et modifi\u00e9 le plan local d\u2019urbanisme pour que ce terrain soit class\u00e9 en terres agricoles\u00a0\u00bb, explique Christian Estrosi. Au 239 du boulevard, 26 parcelles individuelles de terre sont donc \u00e0 attribuer \u00e0 ceux qui en font la demande. Une des parcelles est r\u00e9serv\u00e9e \u00e0 l\u2019\u00e9cole Barsamian.<\/p>\n<p>5. La construction d\u2019une maison de service public<\/p>\n<p>D\u00e8s septembre, les travaux d\u2019une nouvelle maison de service public commenceront \u00e0 la place de l\u2019ancienne station-service au bas du boulevard. Sa livraison est pr\u00e9vue en septembre 2026. \u00ab\u00a0Elle permettra de faire votre passeport, votre carte d\u2019identit\u00e9, d\u2019inscrire vos enfants \u00e0 la cr\u00e8che ou de faire vos d\u00e9marches d\u2019allocations familiales, directement dans le quartier\u00a0\u00bb, pr\u00e9cise Christian Estrosi.<\/p>\n<p>6. Ouverture d\u2019un p\u00f4le associatif<\/p>\n<p>Enfin, ce lundi 30 juin, un local associatif \u2013 inaugur\u00e9 ce jeudi \u2013 sera ouvert au num\u00e9ro 162. Il sera \u00e0 disposition des associations pour se r\u00e9unir et r\u00e9aliser leurs projets. Selon la Ville, une dizaine d\u2019associations ont d\u00e9j\u00e0 manifest\u00e9 leur volont\u00e9 de r\u00e9server des cr\u00e9neaux d\u2019occupation \u00e0 des tarifs avantageux.<\/p>\n","protected":false},"excerpt":{"rendered":"En novembre, de nombreux projets \u00e9taient annonc\u00e9s pour le quartier de la Madeleine, \u00e0 Nice. Jeudi 26 juin&hellip;\n","protected":false},"author":2,"featured_media":209878,"comment_status":"","ping_status":"","sticky":false,"template":"","format":"standard","meta":{"footnotes":""},"categories":[2819],"tags":[1111,11,1777,674,1011,27,12,2401,882,25,3366],"class_list":{"0":"post-209877","1":"post","2":"type-post","3":"status-publish","4":"format-standard","5":"has-post-thumbnail","7":"category-nice","8":"tag-actu","9":"tag-actualites","10":"tag-eu","11":"tag-europe","12":"tag-fr","13":"tag-france","14":"tag-news","15":"tag-nice","16":"tag-provence-alpes-cote-dazur","17":"tag-republique-francaise","18":"tag-vie-locale"},"share_on_mastodon":{"url":"https:\/\/pubeurope.com\/@fr\/114758705744272458","error":""},"_links":{"self":[{"href":"https:\/\/www.europesays.com\/fr\/wp-json\/wp\/v2\/posts\/209877","targetHints":{"allow":["GET"]}}],"collection":[{"href":"https:\/\/www.europesays.com\/fr\/wp-json\/wp\/v2\/posts"}],"about":[{"href":"https:\/\/www.europesays.com\/fr\/wp-json\/wp\/v2\/types\/post"}],"author":[{"embeddable":true,"href":"https:\/\/www.europesays.com\/fr\/wp-json\/wp\/v2\/users\/2"}],"replies":[{"embeddable":true,"href":"https:\/\/www.europesays.com\/fr\/wp-json\/wp\/v2\/comments?post=209877"}],"version-history":[{"count":0,"href":"https:\/\/www.europesays.com\/fr\/wp-json\/wp\/v2\/posts\/209877\/revisions"}],"wp:featuredmedia":[{"embeddable":true,"href":"https:\/\/www.europesays.com\/fr\/wp-json\/wp\/v2\/media\/209878"}],"wp:attachment":[{"href":"https:\/\/www.europesays.com\/fr\/wp-json\/wp\/v2\/media?parent=209877"}],"wp:term":[{"taxonomy":"category","embeddable":true,"href":"https:\/\/www.europesays.com\/fr\/wp-json\/wp\/v2\/categories?post=209877"},{"taxonomy":"post_tag","embeddable":true,"href":"https:\/\/www.europesays.com\/fr\/wp-json\/wp\/v2\/tags?post=209877"}],"curies":[{"name":"wp","href":"https:\/\/api.w.org\/{rel}","templated":true}]}}