{"id":209897,"date":"2025-06-28T02:56:11","date_gmt":"2025-06-28T02:56:11","guid":{"rendered":"https:\/\/www.europesays.com\/fr\/209897\/"},"modified":"2025-06-28T02:56:11","modified_gmt":"2025-06-28T02:56:11","slug":"panne-du-reseau-bouygues-telecom-contactez-le-112-en-cas-durgence","status":"publish","type":"post","link":"https:\/\/www.europesays.com\/fr\/209897\/","title":{"rendered":"Panne du r\u00e9seau Bouygues Telecom, contactez le 112 en cas d&rsquo;urgence"},"content":{"rendered":"<p>Le r\u00e9seau mobile de <a href=\"https:\/\/www.laprovence.com\/article\/societe\/6967245857682614\/le-reseau-bouygues-touche-par-une-vaste-panne-en-france\" target=\"_blank\" rel=\"noopener\">Bouygues Telecom<\/a> subit, ce vendredi 27\u00a0juin, une panne importante. De nombreux abonn\u00e9s n&rsquo;ont plus de connexion, selon la centaine de rapports signal\u00e9s sur le site <a href=\"https:\/\/downdetector.fr\/statut\/bouygues-telecom\/\" target=\"_blank\" rel=\"noopener\">Downdetector<\/a>.\u00a0<\/p>\n<p>Les <strong>pannes sont principalement signal\u00e9es \u00e0 Marseille<\/strong>. Bouygues n&rsquo;a, pour l&rsquo;instant, pas communiqu\u00e9 sur cet incident.\u00a0<\/p>\n<p>Dans une publication sur X, les marins-pompiers de Marseille \u00e9crivent : \u00ab\u00a0Les abonn\u00e9s Bouygues peuvent avoir des difficult\u00e9s \u00e0 joindre les secours au 18\u00a0\u00bb.<\/p>\n","protected":false},"excerpt":{"rendered":"Le r\u00e9seau mobile de Bouygues Telecom subit, ce vendredi 27\u00a0juin, une panne importante. De nombreux abonn\u00e9s n&rsquo;ont plus&hellip;\n","protected":false},"author":2,"featured_media":209898,"comment_status":"","ping_status":"","sticky":false,"template":"","format":"standard","meta":{"footnotes":""},"categories":[2814],"tags":[34912,17,1111,11,734,14362,34911,1777,674,1011,27,884,12,10899,882,25,2421,104,20253],"class_list":{"0":"post-209897","1":"post","2":"type-post","3":"status-publish","4":"format-standard","5":"has-post-thumbnail","7":"category-marseille","8":"tag-34912","9":"tag-17","10":"tag-actu","11":"tag-actualites","12":"tag-bouygues","13":"tag-cas","14":"tag-contactez","15":"tag-eu","16":"tag-europe","17":"tag-fr","18":"tag-france","19":"tag-marseille","20":"tag-news","21":"tag-panne","22":"tag-provence-alpes-cote-dazur","23":"tag-republique-francaise","24":"tag-reseau","25":"tag-societe","26":"tag-telecom"},"share_on_mastodon":{"url":"https:\/\/pubeurope.com\/@fr\/114758745001689885","error":""},"_links":{"self":[{"href":"https:\/\/www.europesays.com\/fr\/wp-json\/wp\/v2\/posts\/209897","targetHints":{"allow":["GET"]}}],"collection":[{"href":"https:\/\/www.europesays.com\/fr\/wp-json\/wp\/v2\/posts"}],"about":[{"href":"https:\/\/www.europesays.com\/fr\/wp-json\/wp\/v2\/types\/post"}],"author":[{"embeddable":true,"href":"https:\/\/www.europesays.com\/fr\/wp-json\/wp\/v2\/users\/2"}],"replies":[{"embeddable":true,"href":"https:\/\/www.europesays.com\/fr\/wp-json\/wp\/v2\/comments?post=209897"}],"version-history":[{"count":0,"href":"https:\/\/www.europesays.com\/fr\/wp-json\/wp\/v2\/posts\/209897\/revisions"}],"wp:featuredmedia":[{"embeddable":true,"href":"https:\/\/www.europesays.com\/fr\/wp-json\/wp\/v2\/media\/209898"}],"wp:attachment":[{"href":"https:\/\/www.europesays.com\/fr\/wp-json\/wp\/v2\/media?parent=209897"}],"wp:term":[{"taxonomy":"category","embeddable":true,"href":"https:\/\/www.europesays.com\/fr\/wp-json\/wp\/v2\/categories?post=209897"},{"taxonomy":"post_tag","embeddable":true,"href":"https:\/\/www.europesays.com\/fr\/wp-json\/wp\/v2\/tags?post=209897"}],"curies":[{"name":"wp","href":"https:\/\/api.w.org\/{rel}","templated":true}]}}