{"id":209905,"date":"2025-06-28T03:01:22","date_gmt":"2025-06-28T03:01:22","guid":{"rendered":"https:\/\/www.europesays.com\/fr\/209905\/"},"modified":"2025-06-28T03:01:22","modified_gmt":"2025-06-28T03:01:22","slug":"ile-de-france-votre-arbre-prefere-deviendra-peut-etre-larbre-de-lannee-2025","status":"publish","type":"post","link":"https:\/\/www.europesays.com\/fr\/209905\/","title":{"rendered":"\u00cele-de-France\u00a0: votre arbre pr\u00e9f\u00e9r\u00e9 deviendra peut-\u00eatre l&rsquo;Arbre de l&rsquo;ann\u00e9e 2025"},"content":{"rendered":"\n<p lang=\"fr-FR\" style=\"margin-bottom: 0cm; font-style: normal;\">Le concours organis\u00e9 par l&rsquo;Office national des for\u00eats (avec le magazine Terre Sauvage), revient pour sa quatorzi\u00e8me \u00e9dition. Les Franciliens peuvent donc proposer la candidature du v\u00e9g\u00e9tal qu&rsquo;ils pr\u00e9f\u00e8rent jusqu&rsquo;au 31 juillet 2025. Le principe est simple\u00a0: seul ou en groupe, prenez des clich\u00e9s de votre arbre, puis d\u00e9crivez-le en quelques phrases. Cela peut aller de son aspect jusqu&rsquo;\u00e0 des r\u00e9f\u00e9rences historiques et peut-\u00eatre m\u00eame le lien personnel qui vous y lie. Cliquez sur <a href=\"https:\/\/www.arbredelannee.com\/\" target=\"_blank\" rel=\"noopener\">www.arbredelannee.com<\/a>. Un arbre sera s\u00e9lectionn\u00e9 par r\u00e9gion. Le public votera pour le sien en novembre. <\/p>\n<p lang=\"fr-FR\" style=\"margin-bottom: 0cm; font-style: normal;\">\u00a0<\/p>\n<p lang=\"fr-FR\" style=\"margin-bottom: 0cm;\">Nicolas Chacun<\/p>\n<p>!function(f,b,e,v,n,t,s){if(f.fbq)return;n=f.fbq=function(){n.callMethod?<br \/>\nn.callMethod.apply(n,arguments):n.queue.push(arguments)};if(!f._fbq)f._fbq=n;<br \/>\nn.push=n;n.loaded=!0;n.version=&rsquo;2.0&prime;;n.queue=[];t=b.createElement(e);t.async=!0;<br \/>\nt.src=v;s=b.getElementsByTagName(e)[0];s.parentNode.insertBefore(t,s)}(window,<br \/>\ndocument,&rsquo;script&rsquo;,&rsquo;https:\/\/connect.facebook.net\/en_US\/fbevents.js&rsquo;);<br \/>\nfbq(&lsquo;init&rsquo;, &lsquo;278974969201861&rsquo;); \/\/ Insert your pixel ID here.<br \/>\nfbq(&lsquo;track&rsquo;, &lsquo;PageView&rsquo;);<\/p>\n","protected":false},"excerpt":{"rendered":"Le concours organis\u00e9 par l&rsquo;Office national des for\u00eats (avec le magazine Terre Sauvage), revient pour sa quatorzi\u00e8me \u00e9dition.&hellip;\n","protected":false},"author":2,"featured_media":209906,"comment_status":"","ping_status":"","sticky":false,"template":"","format":"standard","meta":{"footnotes":""},"categories":[1592],"tags":[1111,11,1933,1936,1777,1939,674,1011,27,662,1934,12,1940,626,1935,25,1937,1941,1938],"class_list":{"0":"post-209905","1":"post","2":"type-post","3":"status-publish","4":"format-standard","5":"has-post-thumbnail","7":"category-ile-de-france","8":"tag-actu","9":"tag-actualites","10":"tag-actualites-locales","11":"tag-essonne","12":"tag-eu","13":"tag-eure-et-loir","14":"tag-europe","15":"tag-fr","16":"tag-france","17":"tag-ile-de-france","18":"tag-infos-locales","19":"tag-news","20":"tag-oise","21":"tag-paris","22":"tag-pres-de-chez-vous","23":"tag-republique-francaise","24":"tag-seine-et-marne","25":"tag-somme","26":"tag-yvelines"},"share_on_mastodon":{"url":"https:\/\/pubeurope.com\/@fr\/114758764726314814","error":""},"_links":{"self":[{"href":"https:\/\/www.europesays.com\/fr\/wp-json\/wp\/v2\/posts\/209905","targetHints":{"allow":["GET"]}}],"collection":[{"href":"https:\/\/www.europesays.com\/fr\/wp-json\/wp\/v2\/posts"}],"about":[{"href":"https:\/\/www.europesays.com\/fr\/wp-json\/wp\/v2\/types\/post"}],"author":[{"embeddable":true,"href":"https:\/\/www.europesays.com\/fr\/wp-json\/wp\/v2\/users\/2"}],"replies":[{"embeddable":true,"href":"https:\/\/www.europesays.com\/fr\/wp-json\/wp\/v2\/comments?post=209905"}],"version-history":[{"count":0,"href":"https:\/\/www.europesays.com\/fr\/wp-json\/wp\/v2\/posts\/209905\/revisions"}],"wp:featuredmedia":[{"embeddable":true,"href":"https:\/\/www.europesays.com\/fr\/wp-json\/wp\/v2\/media\/209906"}],"wp:attachment":[{"href":"https:\/\/www.europesays.com\/fr\/wp-json\/wp\/v2\/media?parent=209905"}],"wp:term":[{"taxonomy":"category","embeddable":true,"href":"https:\/\/www.europesays.com\/fr\/wp-json\/wp\/v2\/categories?post=209905"},{"taxonomy":"post_tag","embeddable":true,"href":"https:\/\/www.europesays.com\/fr\/wp-json\/wp\/v2\/tags?post=209905"}],"curies":[{"name":"wp","href":"https:\/\/api.w.org\/{rel}","templated":true}]}}