{"id":209911,"date":"2025-06-28T03:04:18","date_gmt":"2025-06-28T03:04:18","guid":{"rendered":"https:\/\/www.europesays.com\/fr\/209911\/"},"modified":"2025-06-28T03:04:18","modified_gmt":"2025-06-28T03:04:18","slug":"apres-avoir-menace-rima-hassan-deux-agents-immobiliers-licencies-a-paris","status":"publish","type":"post","link":"https:\/\/www.europesays.com\/fr\/209911\/","title":{"rendered":"apr\u00e8s avoir menac\u00e9 Rima Hassan, deux agents immobiliers licenci\u00e9s \u00e0 Paris"},"content":{"rendered":"<p>            Par<br \/>\n        <strong><br \/>\n            <a href=\"https:\/\/actu.fr\/auteur\/sarah-coulet\" title=\"Consulter tous les articles de Sarah Coulet\" target=\"_blank\" rel=\"noopener\">Sarah Coulet<\/a><br \/>\n        <\/strong><\/p>\n<p>        Publi\u00e9 le<\/p>\n<p>            27 juin 2025 \u00e0 17h17        <\/p>\n<p>La sc\u00e8ne, film\u00e9e et diffus\u00e9e sur les r\u00e9seaux sociaux, a eu des cons\u00e9quences imm\u00e9diates. Ce vendredi 27\u00a0juin 2025, <a href=\"https:\/\/actu.fr\/ile-de-france\/paris_75056\/rima-hassan-a-sciences-po-paris-le-conseil-d-etat-a-tranche-et-confirme-l-interdiction-de-la-conference_61937531.html\" target=\"_blank\" rel=\"noopener\">Rima Hassan<\/a> a \u00e9t\u00e9 <strong>agress\u00e9e verbalement<\/strong> dans la rue par un salari\u00e9 d\u2019une agence immobili\u00e8re Orpi, situ\u00e9e dans le 10e arrondissement de Paris.<\/p>\n<p>\u00ab\u2009Des faits graves totalement inacceptables\u2009\u00bb<\/p>\n<p class=\" wall-content\">\u00ab\u2009Am Israel Chai, on va la <strong>br\u00fbler ta Palestine<\/strong>\u2009\u00bb, ass\u00e8ne l\u2019agent immobilier \u00e0 l\u2019euro d\u00e9put\u00e9. Alors qu\u2019elle continue d\u2019avancer, sa coll\u00e8gue, qui se trouve, elle aussi, devant la boutique Orpi, reprend le slogan \u00ab\u2009Am Israel Chai\u2009\u00bb ou en h\u00e9breu \u00ab\u2009Le peuple d\u2019Isra\u00ebl vit\u2009\u00bb. Celle qui avait <a href=\"https:\/\/actu.fr\/societe\/menacees-par-israel-que-font-rima-hassan-et-greta-thunberg-sur-un-voilier-a-destination-de-gaza_62733936.html\" target=\"_blank\" rel=\"noopener\">pris place \u00e0 bord de la Flotille de la Libert\u00e9<\/a> r\u00e9pond alors\u2009: \u00ab\u2009On n\u2019est pas en Isra\u00ebl ici\u2009\u00bb.<\/p>\n<p class=\" wall-content\">\n<p class=\" wall-content\">Quelques heures plus tard, l\u2019entreprise immobili\u00e8re a publi\u00e9 un communiqu\u00e9 pr\u00e9sentant ses excuses \u00e0 Rima Hassan et d\u00e9non\u00e7ant des \u00ab\u2009faits graves [\u2026] <strong>totalement inacceptables<\/strong> et contraires aux valeurs fondamentales que d\u00e9fend notre r\u00e9seau [\u2026] qui pr\u00f4ne depuis toujours le respect, la tol\u00e9rance et l\u2019\u00e9galit\u00e9 de traitement pour tous nos clients\u2009\u00bb. Toujours selon le pr\u00e9sident d\u2019Orpi, Guillaume Martinaud, les \u00ab\u2009collaborateurs concern\u00e9s\u2009\u00bb auraient \u00e9t\u00e9 licenci\u00e9s.<\/p>\n<p class=\" wall-content\">Suivez toute l\u2019actualit\u00e9 de vos villes et m\u00e9dias favoris en vous inscrivant \u00e0 <a href=\"https:\/\/moncompte.actu.fr\" title=\"D\u00e9couvez Mon Actu\" rel=\"nofollow noopener\" data-trk=\"{&quot;cta&quot;:{&quot;action&quot;:&quot;https:\\\/\\\/moncompte.actu.fr&quot;,&quot;category&quot;:&quot;mon compte&quot;,&quot;from&quot;:&quot;article footer&quot;,&quot;name&quot;:&quot;Mon actu&quot;,&quot;type&quot;:&quot;cta&quot;}}\" target=\"_blank\">Mon Actu<\/a>.<\/p>\n","protected":false},"excerpt":{"rendered":"Par Sarah Coulet Publi\u00e9 le 27 juin 2025 \u00e0 17h17 La sc\u00e8ne, film\u00e9e et diffus\u00e9e sur les r\u00e9seaux&hellip;\n","protected":false},"author":2,"featured_media":209912,"comment_status":"","ping_status":"","sticky":false,"template":"","format":"standard","meta":{"footnotes":""},"categories":[1888],"tags":[11,1777,674,118,1011,27,5643,1116,1023,12,626,25],"class_list":{"0":"post-209911","1":"post","2":"type-post","3":"status-publish","4":"format-standard","5":"has-post-thumbnail","7":"category-paris","8":"tag-actualites","9":"tag-eu","10":"tag-europe","11":"tag-faits-divers","12":"tag-fr","13":"tag-france","14":"tag-guerre-israel-hamas","15":"tag-immobilier","16":"tag-la-france-insoumise-lfi","17":"tag-news","18":"tag-paris","19":"tag-republique-francaise"},"share_on_mastodon":{"url":"https:\/\/pubeurope.com\/@fr\/114758777015489629","error":""},"_links":{"self":[{"href":"https:\/\/www.europesays.com\/fr\/wp-json\/wp\/v2\/posts\/209911","targetHints":{"allow":["GET"]}}],"collection":[{"href":"https:\/\/www.europesays.com\/fr\/wp-json\/wp\/v2\/posts"}],"about":[{"href":"https:\/\/www.europesays.com\/fr\/wp-json\/wp\/v2\/types\/post"}],"author":[{"embeddable":true,"href":"https:\/\/www.europesays.com\/fr\/wp-json\/wp\/v2\/users\/2"}],"replies":[{"embeddable":true,"href":"https:\/\/www.europesays.com\/fr\/wp-json\/wp\/v2\/comments?post=209911"}],"version-history":[{"count":0,"href":"https:\/\/www.europesays.com\/fr\/wp-json\/wp\/v2\/posts\/209911\/revisions"}],"wp:featuredmedia":[{"embeddable":true,"href":"https:\/\/www.europesays.com\/fr\/wp-json\/wp\/v2\/media\/209912"}],"wp:attachment":[{"href":"https:\/\/www.europesays.com\/fr\/wp-json\/wp\/v2\/media?parent=209911"}],"wp:term":[{"taxonomy":"category","embeddable":true,"href":"https:\/\/www.europesays.com\/fr\/wp-json\/wp\/v2\/categories?post=209911"},{"taxonomy":"post_tag","embeddable":true,"href":"https:\/\/www.europesays.com\/fr\/wp-json\/wp\/v2\/tags?post=209911"}],"curies":[{"name":"wp","href":"https:\/\/api.w.org\/{rel}","templated":true}]}}