{"id":209916,"date":"2025-06-28T03:07:09","date_gmt":"2025-06-28T03:07:09","guid":{"rendered":"https:\/\/www.europesays.com\/fr\/209916\/"},"modified":"2025-06-28T03:07:09","modified_gmt":"2025-06-28T03:07:09","slug":"guerre-en-ukraine-kiev-investit-dans-des-drones-intercepteurs-pour-faire-la-chasse-aux-shahed-russes","status":"publish","type":"post","link":"https:\/\/www.europesays.com\/fr\/209916\/","title":{"rendered":"Guerre en Ukraine\u00a0: Kiev investit dans des drones intercepteurs pour faire la chasse aux \u00ab\u00a0Shahed\u00a0\u00bb russes"},"content":{"rendered":"<p class=\"paragraph text_align_left lp-f-body-02\">Contrer les attaques de drones russes. Tel est l\u2019objectif de l\u2019Ukraine qui voit depuis quelques semaines les essaims de ces engins de mort <a href=\"https:\/\/www.leparisien.fr\/international\/guerre-en-ukraine-kiev-denonce-le-message-de-terreur-de-moscou-apres-une-attaque-dampleur-sur-dnipro-24-06-2025-L25WQSUMSZBTPOPKRSG3CAMYJU.php\" target=\"_blank\" rel=\"noreferrer noopener\">se multiplier sur ses diff\u00e9rentes villes<\/a>, notamment suite \u00e0 la forte augmentation du nombre de \u00ab <a href=\"https:\/\/www.leparisien.fr\/international\/guerre-en-ukraine-cest-quoi-ces-nouvelles-ogives-destructrices-posees-sur-les-drones-russes-shahed-136-22-05-2025-CBAJS5JPGJEB3IBK664CS7NRLU.php\" target=\"_blank\" rel=\"noreferrer noopener\">Shahed<\/a> \u00bb de conception iranienne d\u00e9ploy\u00e9s par l\u2019arm\u00e9e russe.<\/p>\n<p class=\"paragraph text_align_left lp-f-body-02\">Pour y faire face, Volodymyr Zelensky a d\u00e9clar\u00e9 la semaine derni\u00e8re que l\u2019Ukraine travaillait au <a href=\"https:\/\/www.leparisien.fr\/international\/guerre-en-ukraine-cest-quoi-anafi-ukr-ce-drone-de-reconnaissance-francais-concu-et-adapte-pour-larmee-ukrainienne-25-06-2025-BQJOZHPJGBC4XEFH5TZTZFHKJI.php\" target=\"_blank\" rel=\"noreferrer noopener\">d\u00e9veloppement rapide de drones<\/a> intercepteurs. D\u2019apr\u00e8s lui, \u00ab diff\u00e9rents types de drones \u2013 obtiennent des r\u00e9sultats \u00bb et les volumes de production d\u2019intercepteurs \u00ab sont d\u00e9j\u00e0 en augmentation \u00bb.<\/p>\n<p class=\"paragraph text_align_left lp-f-body-02\">Le fabricant ukrainien \u00ab Wiy Drones \u00bb a d\u00e9velopp\u00e9 deux types de <a href=\"https:\/\/www.leparisien.fr\/international\/la-chine-devoile-un-tout-nouveau-drone-espion-miniature-de-la-taille-et-lapparence-dun-moustique-26-06-2025-Z7Q6NJB73BEXNFTWN7NUIWCPWY.php\" target=\"_blank\" rel=\"noreferrer noopener\">drones<\/a> intercepteurs capables de cibler les engins de reconnaissance sans pilote russes et les munitions r\u00f4deuses de type \u00ab Shahed \u00bb.<\/p>\n<p>Le \u00ab Strila \u00bb, l\u2019intercepteur de \u00ab Shahed \u00bb<\/p>\n<p class=\"paragraph text_align_left lp-f-body-02\">Le \u00ab Strila \u00bb, con\u00e7u sp\u00e9cialement pour intercepter les \u00ab Shahed \u00bb, peut atteindre une vitesse sup\u00e9rieure \u00e0 300 km\/h. Bien que ses sp\u00e9cifications d\u00e9taill\u00e9es n\u2019aient pas \u00e9t\u00e9 divulgu\u00e9es, le drone est dot\u00e9 d\u2019un ch\u00e2ssis a\u00e9rodynamique r\u00e9duisant la tra\u00een\u00e9e et am\u00e9liorant l\u2019efficacit\u00e9 de l\u2019interception, pr\u00e9cise <a href=\"https:\/\/militarnyi.com\/en\/news\/strila-and-burewiy-wiy-drones-introduces-shahed-drones-interceptors\/\" target=\"_blank\" rel=\"noreferrer noopener\">Militarnyi<\/a>, le site sp\u00e9cialis\u00e9 dans le mat\u00e9riel de guerre ukrainien.<\/p>\n<p class=\"paragraph text_align_left lp-f-body-02\">Il peut \u00eatre d\u00e9ploy\u00e9 \u00e0 proximit\u00e9 des <a href=\"https:\/\/www.leparisien.fr\/high-tech\/pourquoi-les-drones-anciens-jouets-seduisent-autant-toutes-les-armees-du-monde-20-06-2025-SMDCH5XSJFAGFG6KKDXO5OTRNM.php\" target=\"_blank\" rel=\"noreferrer noopener\">drones<\/a> ennemis, o\u00f9 l\u2019op\u00e9rateur le guide manuellement vers sa cible. Il offre une autonomie de vol de 15 \u00e0 20 minutes et est \u00e9quip\u00e9 de cam\u00e9ras diurnes et thermiques, permettant une utilisation de jour comme de nuit.<\/p>\n<p class=\"paragraph text_align_left lp-f-body-02\">\u00ab En termes de pr\u00e9paration, le drone est au niveau de maturit\u00e9 technologique 7, ce qui signifie que le prototype a \u00e9t\u00e9 test\u00e9 dans des conditions proches du combat r\u00e9el \u00bb, a d\u00e9clar\u00e9 un repr\u00e9sentant de l\u2019entreprise.<\/p>\n<p>Le \u00ab Burewyi \u00bb, contre les drones de reconnaissance<\/p>\n<p class=\"paragraph text_align_left lp-f-body-02\">Le second <a href=\"https:\/\/www.leparisien.fr\/international\/guerre-en-ukraine-comment-les-drones-connectes-a-un-cable-a-fibre-optique-permettent-a-la-russie-de-gagner-du-terrain-26-06-2025-KJ6Y5YLRYNHRDN2RALZWBMLBRQ.php\" target=\"_blank\" rel=\"noreferrer noopener\">drone<\/a> d\u00e9velopp\u00e9 par Wiy Drones est le \u00ab Burewyi \u00bb, con\u00e7u pour intercepter les drones de reconnaissance russes tels que l\u2019\u00ab Orlan \u00bb, le \u00ab Zala \u00bb et le \u00ab SuperCam \u00bb. Il peut engager des cibles a\u00e9riennes volant \u00e0 des altitudes comprises entre 1 000 et 2 000 m\u00e8tres et atteindre des vitesses allant jusqu\u2019\u00e0 250 km\/h.<\/p>\n<p class=\"paragraph text_align_left lp-f-body-02\">Pas encore d\u00e9ploy\u00e9 dans les unit\u00e9s op\u00e9rationnelles, le \u00ab Burewyi \u00bb a subi une s\u00e9rie de tests men\u00e9s par le minist\u00e8re ukrainien de la D\u00e9fense et serait sur le point de recevoir une certification officielle. \u00ab C\u2019est une question de semaines ou de mois avant que le drone ne soit livr\u00e9 aux unit\u00e9s de combat \u00bb, assure la soci\u00e9t\u00e9.<\/p>\n<p>Une altitude de\u2026 11 km<\/p>\n<p class=\"paragraph text_align_left lp-f-body-02\">De son c\u00f4t\u00e9, \u00ab Wild Hornet \u00bb, une organisation ukrainienne \u00e0 but non lucratif qui fabrique des drones de combat, vient d\u2019annoncer sur <a href=\"https:\/\/x.com\/wilendhornets\/status\/1938105419500503289\" target=\"_blank\" rel=\"noreferrer\">X<\/a> avoir d\u00e9velopp\u00e9 un nouvel intercepteur de drones capable d\u2019atteindre une altitude impressionnante de 11 km.<\/p>\n<p class=\"paragraph text_align_left lp-f-body-02\">Sur ses r\u00e9seaux sociaux, le fabricant ukrainien de drones a partag\u00e9 une vid\u00e9o de son drone tr\u00e8s haut dans le ciel au-dessus de la r\u00e9gion de Kherson, accompagn\u00e9e de la l\u00e9gende : \u00ab Devinez \u00e0 quelle hauteur vole notre drone ? \u00bb<\/p>\n<p class=\"paragraph text_align_left lp-f-body-02\">Ces vols \u00e0 haute altitude pourraient augmenter la capacit\u00e9 de l\u2019<a href=\"https:\/\/www.leparisien.fr\/crise-ukraine-russie\/\" target=\"_blank\" rel=\"noreferrer noopener\">Ukraine<\/a> \u00e0 contrer les grands drones russes qui \u00e9voluent parfois tr\u00e8s haut dans le ciel lors des missions de reconnaissance ou de frappe.<\/p>\n<p class=\"paragraph text_align_left lp-f-body-02\">Pour l\u2019heure, les caract\u00e9ristiques exactes et l\u2019apparence de ces intercepteurs de drones \u00e0 haute altitude n\u2019ont pas \u00e9t\u00e9 divulgu\u00e9es. Selon \u00ab Wild Hornet \u00bb, le drone n\u2019a pas encore subi de codification de la part du minist\u00e8re de la D\u00e9fense de l\u2019Ukraine.<\/p>\n","protected":false},"excerpt":{"rendered":"Contrer les attaques de drones russes. Tel est l\u2019objectif de l\u2019Ukraine qui voit depuis quelques semaines les essaims&hellip;\n","protected":false},"author":2,"featured_media":209917,"comment_status":"","ping_status":"","sticky":false,"template":"","format":"standard","meta":{"footnotes":""},"categories":[1590],"tags":[11,1777,674,14,12,220],"class_list":{"0":"post-209916","1":"post","2":"type-post","3":"status-publish","4":"format-standard","5":"has-post-thumbnail","7":"category-ukraine","8":"tag-actualites","9":"tag-eu","10":"tag-europe","11":"tag-international","12":"tag-news","13":"tag-ukraine"},"share_on_mastodon":{"url":"https:\/\/pubeurope.com\/@fr\/114758788309462236","error":""},"_links":{"self":[{"href":"https:\/\/www.europesays.com\/fr\/wp-json\/wp\/v2\/posts\/209916","targetHints":{"allow":["GET"]}}],"collection":[{"href":"https:\/\/www.europesays.com\/fr\/wp-json\/wp\/v2\/posts"}],"about":[{"href":"https:\/\/www.europesays.com\/fr\/wp-json\/wp\/v2\/types\/post"}],"author":[{"embeddable":true,"href":"https:\/\/www.europesays.com\/fr\/wp-json\/wp\/v2\/users\/2"}],"replies":[{"embeddable":true,"href":"https:\/\/www.europesays.com\/fr\/wp-json\/wp\/v2\/comments?post=209916"}],"version-history":[{"count":0,"href":"https:\/\/www.europesays.com\/fr\/wp-json\/wp\/v2\/posts\/209916\/revisions"}],"wp:featuredmedia":[{"embeddable":true,"href":"https:\/\/www.europesays.com\/fr\/wp-json\/wp\/v2\/media\/209917"}],"wp:attachment":[{"href":"https:\/\/www.europesays.com\/fr\/wp-json\/wp\/v2\/media?parent=209916"}],"wp:term":[{"taxonomy":"category","embeddable":true,"href":"https:\/\/www.europesays.com\/fr\/wp-json\/wp\/v2\/categories?post=209916"},{"taxonomy":"post_tag","embeddable":true,"href":"https:\/\/www.europesays.com\/fr\/wp-json\/wp\/v2\/tags?post=209916"}],"curies":[{"name":"wp","href":"https:\/\/api.w.org\/{rel}","templated":true}]}}