{"id":209920,"date":"2025-06-28T03:09:12","date_gmt":"2025-06-28T03:09:12","guid":{"rendered":"https:\/\/www.europesays.com\/fr\/209920\/"},"modified":"2025-06-28T03:09:12","modified_gmt":"2025-06-28T03:09:12","slug":"royaume-uni-le-milliardaire-tcheque-daniel-kretinsky-devient-president-de-royal-mail","status":"publish","type":"post","link":"https:\/\/www.europesays.com\/fr\/209920\/","title":{"rendered":"Royaume Uni: le milliardaire tch\u00e8que Daniel Kretinsky devient pr\u00e9sident de Royal Mail"},"content":{"rendered":"<p class=\"ap-StoryElement ap-StoryElement--mb ap-StoryText\">Le gouvernement travailliste avait finalement donn\u00e9 son feu vert en d\u00e9cembre dernier, apr\u00e8s avoir obtenu des garanties, notamment que le gouvernement donnera son accord pour tout changement de l&#8217;emplacement du si\u00e8ge social ou du centre d&rsquo;op\u00e9rations de Royal Mail.<\/p>\n<p class=\"ap-StoryElement ap-StoryElement--mb ap-StoryText\">EP Group confirme dans son communiqu\u00e9 vendredi que cela se traduit par l&rsquo;attribution d&rsquo;un droit de veto via ce qu&rsquo;on appelle une \u00ab\u00a0golden share\u00a0\u00bb au gouvernement britannique.<\/p>\n<p class=\"ap-StoryElement ap-StoryElement--mb ap-StoryText\">L&rsquo;ex\u00e9cutif estime vendredi que cette \u00ab\u00a0golden share\u00a0\u00bb permettra d&rsquo;assurer que Royal Mail reste \u00ab\u00a0une institution britannique\u00a0\u00bb ce qui \u00ab\u00a0\u00e9tait une priorit\u00e9\u00a0\u00bb mais aussi de \u00ab\u00a0rassurer les millions de clients\u00a0\u00bb qui utilisent quotidiennement les services de l&rsquo;entreprise, selon une d\u00e9claration du secr\u00e9taire d&rsquo;Etat aux services postaux Justin Madders transmise \u00e0 l&rsquo;AFP.<\/p>\n<p class=\"ap-StoryElement ap-StoryElement--mb ap-StoryText\">Selon les garanties obtenues par le gouvernement, l&rsquo;entreprise devra aussi maintenir un service \u00e0 prix unique pour l&rsquo;ensemble du Royaume-Uni, la livraison de lettres de premi\u00e8re classe six jours par semaine et s&rsquo;engage \u00e0 prot\u00e9ger la marque \u00ab\u00a0Royal Mail\u00a0\u00bb.<\/p>\n","protected":false},"excerpt":{"rendered":"Le gouvernement travailliste avait finalement donn\u00e9 son feu vert en d\u00e9cembre dernier, apr\u00e8s avoir obtenu des garanties, notamment&hellip;\n","protected":false},"author":2,"featured_media":25030,"comment_status":"","ping_status":"","sticky":false,"template":"","format":"standard","meta":{"footnotes":""},"categories":[1588],"tags":[11,9999,2105,313,1777,674,12,9033,473,1853,1851,1850,1852],"class_list":{"0":"post-209920","1":"post","2":"type-post","3":"status-publish","4":"format-standard","5":"has-post-thumbnail","7":"category-royaume-uni","8":"tag-actualites","9":"tag-belgium","10":"tag-distribution","11":"tag-entreprises","12":"tag-eu","13":"tag-europe","14":"tag-news","15":"tag-poste","16":"tag-royaume-uni","17":"tag-royaume-uni-de-grande-bretagne-et-dirlande-du-nord","18":"tag-uk","19":"tag-united-kingdom","20":"tag-united-kingdom-of-great-britain-and-northern-ireland"},"share_on_mastodon":{"url":"https:\/\/pubeurope.com\/@fr\/114758796359600327","error":""},"_links":{"self":[{"href":"https:\/\/www.europesays.com\/fr\/wp-json\/wp\/v2\/posts\/209920","targetHints":{"allow":["GET"]}}],"collection":[{"href":"https:\/\/www.europesays.com\/fr\/wp-json\/wp\/v2\/posts"}],"about":[{"href":"https:\/\/www.europesays.com\/fr\/wp-json\/wp\/v2\/types\/post"}],"author":[{"embeddable":true,"href":"https:\/\/www.europesays.com\/fr\/wp-json\/wp\/v2\/users\/2"}],"replies":[{"embeddable":true,"href":"https:\/\/www.europesays.com\/fr\/wp-json\/wp\/v2\/comments?post=209920"}],"version-history":[{"count":0,"href":"https:\/\/www.europesays.com\/fr\/wp-json\/wp\/v2\/posts\/209920\/revisions"}],"wp:featuredmedia":[{"embeddable":true,"href":"https:\/\/www.europesays.com\/fr\/wp-json\/wp\/v2\/media\/25030"}],"wp:attachment":[{"href":"https:\/\/www.europesays.com\/fr\/wp-json\/wp\/v2\/media?parent=209920"}],"wp:term":[{"taxonomy":"category","embeddable":true,"href":"https:\/\/www.europesays.com\/fr\/wp-json\/wp\/v2\/categories?post=209920"},{"taxonomy":"post_tag","embeddable":true,"href":"https:\/\/www.europesays.com\/fr\/wp-json\/wp\/v2\/tags?post=209920"}],"curies":[{"name":"wp","href":"https:\/\/api.w.org\/{rel}","templated":true}]}}