{"id":209921,"date":"2025-06-28T03:10:15","date_gmt":"2025-06-28T03:10:15","guid":{"rendered":"https:\/\/www.europesays.com\/fr\/209921\/"},"modified":"2025-06-28T03:10:15","modified_gmt":"2025-06-28T03:10:15","slug":"retrait-de-deepseek-par-apple-et-google","status":"publish","type":"post","link":"https:\/\/www.europesays.com\/fr\/209921\/","title":{"rendered":"Retrait de DeepSeek par Apple et Google"},"content":{"rendered":"<p><img class=\"lazy\" decoding=\"async\" src=\"https:\/\/www.europesays.com\/fr\/wp-content\/uploads\/2025\/06\/allemagne-demande-retrait-deepseek-apple-google-raisons-confidentialite.jpg\" style=\"max-width:100%;\" title=\"LAllemagne demande le retrait de DeepSeek par Apple et Google pour des raisons de confidentialit\u00e9\" alt=\"allemagne demande retrait deepseek apple google raisons confidentialite LAllemagne demande le retrait de DeepSeek par Apple et Google pour des raisons de confidentialit\u00e9\"\/><\/p>\n<p>La photo de l\u2019application DeepSeek sur un iPhone a suscit\u00e9 l\u2019attention (source : <a href=\"https:\/\/9to5mac.com\/wp-content\/uploads\/sites\/6\/2025\/01\/DeepSeek-privacy-under-investigation-in-US-and-Europe.jpg?quality=82&amp;strip=all&amp;w=1600\" rel=\"nofollow noopener\" target=\"_blank\">voir image<\/a>). L\u2019Allemagne rejoint les rangs des pays s\u2019opposant \u00e0 DeepSeek, l\u2019application chinoise, en raison de pr\u00e9occupations croissantes concernant la confidentialit\u00e9 des donn\u00e9es.<\/p>\n<p>C\u2019est encore une fois le facteur Chine qui entre en jeu<\/p>\n<p>Depuis son lancement tonitruant au d\u00e9but de l\u2019ann\u00e9e, DeepSeek s\u2019est rapidement retrouv\u00e9 sous les projecteurs des gouvernements occidentaux. Tout d\u2019abord, parce que ses mod\u00e8les sont tr\u00e8s encadr\u00e9s, \u00e9cartant les questions susceptibles de jeter une ombre sur la Chine. Mais plus pr\u00e9occupant encore, la politique de confidentialit\u00e9 de DeepSeek r\u00e9v\u00e8le que des donn\u00e9es utilisateur sont stock\u00e9es sur des serveurs en Chine, o\u00f9 des lois de renseignement national permettent un acc\u00e8s quasi illimit\u00e9 aux autorit\u00e9s. Ce fait a imm\u00e9diatement soulev\u00e9 des inqui\u00e9tudes au niveau mondial.<\/p>\n<p>L\u2019Italie a \u00e9t\u00e9 parmi les premi\u00e8res \u00e0 retirer DeepSeek de ses stores locaux. La Cor\u00e9e du Sud a suivi, tout comme les Pays-Bas, o\u00f9 l\u2019application a \u00e9t\u00e9 interdite sur les dispositifs gouvernementaux. En Belgique, une recommandation a \u00e9t\u00e9 faite aux fonctionnaires d\u2019\u00e9viter l\u2019application, et en Espagne, le principal groupe de consommateurs a demand\u00e9 une enqu\u00eate formelle.<\/p>\n<p>Pendant ce temps, aux \u00c9tats-Unis, des l\u00e9gislateurs \u00e9voquent des lois qui interdiraient l\u2019utilisation d\u2019IA d\u00e9velopp\u00e9es en Chine par les agences f\u00e9d\u00e9rales. Un s\u00e9nateur a m\u00eame sugg\u00e9r\u00e9 des peines de prison pour ceux qui les utilisent.<\/p>\n<p>L\u2019Allemagne enfonce le clou<\/p>\n<p>Cette semaine, l\u2019autorit\u00e9 allemande de protection des donn\u00e9es a demand\u00e9 \u00e0 Apple et Google de supprimer DeepSeek de leurs magasins d\u2019applications, craignant un transfert ill\u00e9gal de donn\u00e9es personnelles vers la Chine. Meike Kamp, commissaire f\u00e9d\u00e9rale allemande pour la protection des donn\u00e9es, a d\u00e9clar\u00e9, selon Reuters, que DeepSeek n\u2019a pas r\u00e9ussi \u00e0 d\u00e9montrer que les donn\u00e9es des utilisateurs allemands soient prot\u00e9g\u00e9es en Chine \u00e0 un niveau \u00e9quivalent \u00e0 celui de l\u2019Union Europ\u00e9enne.<\/p>\n<p>Kamp avait pr\u00e9c\u00e9demment demand\u00e9 \u00e0 DeepSeek de se conformer aux exigences de transfert de donn\u00e9es de l\u2019UE ou de retirer volontairement l\u2019application, sans succ\u00e8s. Quant \u00e0 la demande de retrait, Google a indiqu\u00e9 \u00eatre en cours de r\u00e9vision de celle-ci. Apple n\u2019a pas encore comment\u00e9.<\/p>\n","protected":false},"excerpt":{"rendered":"La photo de l\u2019application DeepSeek sur un iPhone a suscit\u00e9 l\u2019attention (source : voir image). L\u2019Allemagne rejoint les&hellip;\n","protected":false},"author":2,"featured_media":209922,"comment_status":"","ping_status":"","sticky":false,"template":"","format":"standard","meta":{"footnotes":""},"categories":[1587],"tags":[11,672,1804,1805,1803,1777,674,1801,12,1802],"class_list":{"0":"post-209921","1":"post","2":"type-post","3":"status-publish","4":"format-standard","5":"has-post-thumbnail","7":"category-allemagne","8":"tag-actualites","9":"tag-allemagne","10":"tag-bundesrepublik-deutschland","11":"tag-de","12":"tag-deutschland","13":"tag-eu","14":"tag-europe","15":"tag-germany","16":"tag-news","17":"tag-republique-federale-dallemagne"},"share_on_mastodon":{"url":"https:\/\/pubeurope.com\/@fr\/114758800181417193","error":""},"_links":{"self":[{"href":"https:\/\/www.europesays.com\/fr\/wp-json\/wp\/v2\/posts\/209921","targetHints":{"allow":["GET"]}}],"collection":[{"href":"https:\/\/www.europesays.com\/fr\/wp-json\/wp\/v2\/posts"}],"about":[{"href":"https:\/\/www.europesays.com\/fr\/wp-json\/wp\/v2\/types\/post"}],"author":[{"embeddable":true,"href":"https:\/\/www.europesays.com\/fr\/wp-json\/wp\/v2\/users\/2"}],"replies":[{"embeddable":true,"href":"https:\/\/www.europesays.com\/fr\/wp-json\/wp\/v2\/comments?post=209921"}],"version-history":[{"count":0,"href":"https:\/\/www.europesays.com\/fr\/wp-json\/wp\/v2\/posts\/209921\/revisions"}],"wp:featuredmedia":[{"embeddable":true,"href":"https:\/\/www.europesays.com\/fr\/wp-json\/wp\/v2\/media\/209922"}],"wp:attachment":[{"href":"https:\/\/www.europesays.com\/fr\/wp-json\/wp\/v2\/media?parent=209921"}],"wp:term":[{"taxonomy":"category","embeddable":true,"href":"https:\/\/www.europesays.com\/fr\/wp-json\/wp\/v2\/categories?post=209921"},{"taxonomy":"post_tag","embeddable":true,"href":"https:\/\/www.europesays.com\/fr\/wp-json\/wp\/v2\/tags?post=209921"}],"curies":[{"name":"wp","href":"https:\/\/api.w.org\/{rel}","templated":true}]}}