{"id":209932,"date":"2025-06-28T03:18:16","date_gmt":"2025-06-28T03:18:16","guid":{"rendered":"https:\/\/www.europesays.com\/fr\/209932\/"},"modified":"2025-06-28T03:18:16","modified_gmt":"2025-06-28T03:18:16","slug":"rugby-a-xiii-les-dragons-catalans-avancent-leurs-pions-pour-2026","status":"publish","type":"post","link":"https:\/\/www.europesays.com\/fr\/209932\/","title":{"rendered":"Rugby \u00e0 XIII\u00a0: Les Dragons Catalans avancent leurs pions pour 2026"},"content":{"rendered":"<p>\n                                                                Avec dix joueurs en fin de contrat (au 30\u00a0novembre), les Dragons Catalans pr\u00e9parent 2026 au milieu de nombreuses incertitudes, \u00e0 commencer par le nom de celui qui sera la coach des Dracs, l\u2019ann\u00e9e de leurs 20 ans en Super League.\n                            <\/p>\n<p>Les Dragons Catalans ont du retard sur leur temps de passage pour pr\u00e9parer 2026. En tout cas officiellement, rien ne filtre. Il faut dire que la situation sportive\u00a0n\u2019est pas favorable \u00e0 des effets d\u2019annonce et que le recrutement peut marquer une pause, le temps que le nom de l\u2019entra\u00eeneur qui dirigera l\u2019\u00e9quipe en 2026 ne soit officialis\u00e9. La seule certitude \u00e0\u00a0ce jour est que Joel Tomkins dirigera le groupe jusqu\u2019\u00e0 la fin de la saison. A-t-il envie d\u2019aller plus loin\u00a0? Le club souhaite-t-il le prolonger et lui confier les pleins pouvoirs\u00a0? Les d\u00e9lais de r\u00e9flexion sont de sortie. Difficile dans ces conditions de valider des recrutements, sans pouvoir annoncer qui sera l\u2019entra\u00eeneur en chef, les deux ou trois prochaines saisons. Pourtant de premiers noms viennent de fuiter dans la presse Britannique, \u00e0 l\u2019image du pilier de 21 ans Harvey Wilson qui a encha\u00een\u00e9 cette saison 13 matches avec Salford. Selon nos informations, m\u00eame si le pilier interesse le club, aucune d\u00e9marche n\u2019a \u00e9t\u00e9 entreprise entre les deux parties.<\/p>\n<p>Autre nom, plus clinquant celui-l\u00e0, avec l\u2019ailier ou arri\u00e8re\u00a0de 23 ans, Tyrell Sloan qui \u00e9volue avec les Dragons de St-George Illawarra (70 matches de NRL et 39 essais). Rappelons que la premi\u00e8re cible\u00a0\u00e9tait le Kiwi Charnze Nicoll-Klokstad, avant qu\u2019il ne prolonge avec les NZ Warriors. Sauf que des clubs de NRL se sont positionn\u00e9s une fois que l\u2019information a fuit\u00e9 et les Dracs ne peuvent aujourd\u2019hui plus s\u2019aligner sur les pr\u00e9tentions salariales de Tyrell Sloan.<\/p>\n<p>Du c\u00f4t\u00e9 des renouvellements de contrat, le club n\u2019a encore rien officialis\u00e9, m\u00eame si nous pouvons affirmer que ceux de Chris Satae et de Julian Bousquet sont en n\u00e9gociations avanc\u00e9es.\u00a0Alrix Da Costa, Th\u00e9o Fages, Matthieu Laguerre, Tevita Pangai Jr, Arthur Romano, Paul S\u00e9guier, Tariq Sims, Bayley Sironen, Sam Tomkins et\u00a0Tanguy Zenon n\u2019ont pas encore paraph\u00e9 de prolongation. Le meneur de jeu Luke Keary et Elliott Whitehead ont\u00a0une ann\u00e9e en option qu\u2019ils peuvent lever \u00e0 leur\u00a0demande.<\/p>\n","protected":false},"excerpt":{"rendered":"Avec dix joueurs en fin de contrat (au 30\u00a0novembre), les Dragons Catalans pr\u00e9parent 2026 au milieu de nombreuses&hellip;\n","protected":false},"author":2,"featured_media":209933,"comment_status":"","ping_status":"","sticky":false,"template":"","format":"standard","meta":{"footnotes":""},"categories":[1416],"tags":[1011,27,479,1468,60],"class_list":{"0":"post-209932","1":"post","2":"type-post","3":"status-publish","4":"format-standard","5":"has-post-thumbnail","7":"category-rugby","8":"tag-fr","9":"tag-france","10":"tag-rugby","11":"tag-rugby-football","12":"tag-sports"},"share_on_mastodon":{"url":"https:\/\/pubeurope.com\/@fr\/114758831569097128","error":""},"_links":{"self":[{"href":"https:\/\/www.europesays.com\/fr\/wp-json\/wp\/v2\/posts\/209932","targetHints":{"allow":["GET"]}}],"collection":[{"href":"https:\/\/www.europesays.com\/fr\/wp-json\/wp\/v2\/posts"}],"about":[{"href":"https:\/\/www.europesays.com\/fr\/wp-json\/wp\/v2\/types\/post"}],"author":[{"embeddable":true,"href":"https:\/\/www.europesays.com\/fr\/wp-json\/wp\/v2\/users\/2"}],"replies":[{"embeddable":true,"href":"https:\/\/www.europesays.com\/fr\/wp-json\/wp\/v2\/comments?post=209932"}],"version-history":[{"count":0,"href":"https:\/\/www.europesays.com\/fr\/wp-json\/wp\/v2\/posts\/209932\/revisions"}],"wp:featuredmedia":[{"embeddable":true,"href":"https:\/\/www.europesays.com\/fr\/wp-json\/wp\/v2\/media\/209933"}],"wp:attachment":[{"href":"https:\/\/www.europesays.com\/fr\/wp-json\/wp\/v2\/media?parent=209932"}],"wp:term":[{"taxonomy":"category","embeddable":true,"href":"https:\/\/www.europesays.com\/fr\/wp-json\/wp\/v2\/categories?post=209932"},{"taxonomy":"post_tag","embeddable":true,"href":"https:\/\/www.europesays.com\/fr\/wp-json\/wp\/v2\/tags?post=209932"}],"curies":[{"name":"wp","href":"https:\/\/api.w.org\/{rel}","templated":true}]}}