{"id":209936,"date":"2025-06-28T03:20:29","date_gmt":"2025-06-28T03:20:29","guid":{"rendered":"https:\/\/www.europesays.com\/fr\/209936\/"},"modified":"2025-06-28T03:20:29","modified_gmt":"2025-06-28T03:20:29","slug":"un-effectif-taille-pour-une-medaille-pour-les-bleues","status":"publish","type":"post","link":"https:\/\/www.europesays.com\/fr\/209936\/","title":{"rendered":"Un effectif taill\u00e9 pour une m\u00e9daille pour les Bleues"},"content":{"rendered":"<p>PARIS (France) &#8211; L&rsquo;\u00e9quipe de France visera une place sur le podium du Tournoi Olympique F\u00e9minin de Paris 2024, une ambition justifi\u00e9e au vu de l&rsquo;effectif \u00e0 disposition cet \u00e9t\u00e9.<\/p>\n<p>La pr\u00e9sence des leaders des Bleues Marine Johann\u00e8s et Gabby Williams a notamment \u00e9t\u00e9 confirm\u00e9e par la f\u00e9d\u00e9ration fran\u00e7aise de basketball.<\/p>\n<p>La premi\u00e8re cit\u00e9e attirera \u00e9videmment beaucoup d&rsquo;attention sur elle avec son jeu spectaculaire, tandis que la r\u00e9gularit\u00e9 et le leadership de la seconde seront d\u00e9terminants dans l&rsquo;optique d&rsquo;une m\u00e9daille.<\/p>\n<p>La part belle a \u00e9t\u00e9 faite aux joueuses qui ont repr\u00e9sent\u00e9 avec brio la France plus t\u00f4t cette ann\u00e9e au <a class=\"_1pmct9j0\" target=\"_blank\" href=\"https:\/\/www.fiba.basketball\/oqtwomen\/china\/2024\" rel=\"noopener\">Tournoi de Qualification Olympique F\u00e9minin FIBA 2024 de Xi&rsquo;an<\/a>.<\/p>\n<p>La tr\u00e8s en forme Val\u00e9riane Ayayi sera pr\u00eate \u00e0 exceller sur l&rsquo;aile et les toujours fiables Alexia Chery et Mari\u00e8me Badiane seront \u00e9galement l\u00e0 pour la seconder.<\/p>\n<p>\u00c0 l&rsquo;int\u00e9rieur, le jeune duo compos\u00e9 d&rsquo;Iliana Rupert et de Dominique Malonga a de quoi s\u00e9duire.<\/p>\n<p>Aux postes arri\u00e8res, il y aura un m\u00e9lange d&rsquo;exp\u00e9rience et de fra\u00eecheur avec Sarah Michel Boury, Marine Fauthoux et la jeune Leila Lacan, qui a r\u00e9cemment \u00e9t\u00e9 draft\u00e9e en WNBA et qui a disput\u00e9 la<a class=\"_1pmct9j0\" target=\"_blank\" href=\"https:\/\/www.fiba.basketball\/world\/u19women\/2023\" rel=\"noopener\"> Coupe du Monde F\u00e9minine U19 FIBA 2023<\/a>.<\/p>\n<p>La France partage le Groupe B avec l&rsquo;Australie, le Canada et le Nigeria.<\/p>\n<p><b>FIBA<\/b><\/p>\n","protected":false},"excerpt":{"rendered":"PARIS (France) &#8211; L&rsquo;\u00e9quipe de France visera une place sur le podium du Tournoi Olympique F\u00e9minin de Paris&hellip;\n","protected":false},"author":2,"featured_media":209937,"comment_status":"","ping_status":"","sticky":false,"template":"","format":"standard","meta":{"footnotes":""},"categories":[1414],"tags":[1465,1464,1011,27,60],"class_list":{"0":"post-209936","1":"post","2":"type-post","3":"status-publish","4":"format-standard","5":"has-post-thumbnail","7":"category-basket","8":"tag-basket","9":"tag-basketball","10":"tag-fr","11":"tag-france","12":"tag-sports"},"share_on_mastodon":{"url":"https:\/\/pubeurope.com\/@fr\/114758843381011337","error":""},"_links":{"self":[{"href":"https:\/\/www.europesays.com\/fr\/wp-json\/wp\/v2\/posts\/209936","targetHints":{"allow":["GET"]}}],"collection":[{"href":"https:\/\/www.europesays.com\/fr\/wp-json\/wp\/v2\/posts"}],"about":[{"href":"https:\/\/www.europesays.com\/fr\/wp-json\/wp\/v2\/types\/post"}],"author":[{"embeddable":true,"href":"https:\/\/www.europesays.com\/fr\/wp-json\/wp\/v2\/users\/2"}],"replies":[{"embeddable":true,"href":"https:\/\/www.europesays.com\/fr\/wp-json\/wp\/v2\/comments?post=209936"}],"version-history":[{"count":0,"href":"https:\/\/www.europesays.com\/fr\/wp-json\/wp\/v2\/posts\/209936\/revisions"}],"wp:featuredmedia":[{"embeddable":true,"href":"https:\/\/www.europesays.com\/fr\/wp-json\/wp\/v2\/media\/209937"}],"wp:attachment":[{"href":"https:\/\/www.europesays.com\/fr\/wp-json\/wp\/v2\/media?parent=209936"}],"wp:term":[{"taxonomy":"category","embeddable":true,"href":"https:\/\/www.europesays.com\/fr\/wp-json\/wp\/v2\/categories?post=209936"},{"taxonomy":"post_tag","embeddable":true,"href":"https:\/\/www.europesays.com\/fr\/wp-json\/wp\/v2\/tags?post=209936"}],"curies":[{"name":"wp","href":"https:\/\/api.w.org\/{rel}","templated":true}]}}