{"id":209950,"date":"2025-06-28T03:28:22","date_gmt":"2025-06-28T03:28:22","guid":{"rendered":"https:\/\/www.europesays.com\/fr\/209950\/"},"modified":"2025-06-28T03:28:22","modified_gmt":"2025-06-28T03:28:22","slug":"adam-et-gloria-sont-innocents-martin-a-tue-martial-selon-victor-le-resume-de-lepisode-1976-du-lundi-30-juin-2025","status":"publish","type":"post","link":"https:\/\/www.europesays.com\/fr\/209950\/","title":{"rendered":"Adam et Gloria sont innocents, Martin a tu\u00e9 Martial selon Victor ! Le r\u00e9sum\u00e9 de l&rsquo;\u00e9pisode 1976 du lundi 30 juin 2025"},"content":{"rendered":"<p>Dans Demain nous appartient, ce lundi 30 juin 2025, Gloria et Adam sont lib\u00e9r\u00e9s pour le meurtre de Martial. Victor pense savoir qui a tu\u00e9 son associ\u00e9. <\/p>\n<p><b>Lundi 30 juin 2025 dans l&rsquo;\u00e9pisode1976 de <\/b><a href=\"https:\/\/www.programme-tv.net\/programme\/series-tv\/r1549293395-demain-nous-appartient\/\" target=\"_blank\" rel=\"noopener\"><b>Demain nous appartient<\/b><\/a><b> <\/b>qui va <a href=\"https:\/\/www.programme-tv.net\/news\/series-tv\/381212-exclu-demain-nous-appartient-apres-laetitia-milot-et-dounia-coesens-une-star-historique-de-plus-belle-la-vie-rejoint-la-serie-de-tf1\/\" data-api-deeplink=\"teleloisirs:\/\/news\/381212\" target=\"_blank\" rel=\"noopener\">accueillir Ambroise Michel<\/a>, <a href=\"https:\/\/www.programme-tv.net\/news\/series-tv\/381213-exclu-demain-nous-appartient-une-actrice-d-un-si-grand-soleil-rejoint-le-feuilleton-de-tf1-pour-jouer-la-nouvelle-proviseure\/\" data-api-deeplink=\"teleloisirs:\/\/news\/381213\" target=\"_blank\" rel=\"noopener\">Shirley Bousquet venue d&rsquo;Un si grand soleil<\/a> et <a href=\"https:\/\/www.programme-tv.net\/news\/series-tv\/381247-exclu-demain-nous-appartient-le-fils-de-laurent-baffie-rejoint-la-serie-de-tf1-decouvrez-son-role\/\" data-api-deeplink=\"teleloisirs:\/\/news\/381247\" target=\"_blank\" rel=\"noopener\">Benjamin Baffie, le fils de Laurent Baffie<\/a>&#8230; Suite \u00e0 l\u2019appel d\u2019<a href=\"https:\/\/www.programme-tv.net\/news\/series-tv\/381979-demain-nous-appartient-en-avance-gloria-est-placee-en-garde-a-vue-adam-se-denonce-pour-le-meurtre-de-martial-le-resume-de-l-episode-1975-du-vendredi-27-juin-2025\/\" data-api-deeplink=\"teleloisirs:\/\/news\/381979\" target=\"_blank\" rel=\"noopener\">Adam \u00e0 la police<\/a>, Soizic et Fran\u00e7ois sont morts d\u2019inqui\u00e9tude. Soizic est convaincue que son fils s\u2019accuse \u00e0 tort, dans le seul but de prot\u00e9ger Gloria. Sa m\u00e8re croit dur comme fer \u00e0 son innocence. Fran\u00e7ois s&rsquo;en veut de leur avoir pr\u00e9senter Martial.<\/p>\n<p><b>Demain nous appartient <\/b><b>en avance : Gloria et Adam sont lib\u00e9r\u00e9s <\/b><\/p>\n<p>Adam est finalement retrouv\u00e9 endormi sur la plage par Nordine et Micha\u00ebl. Interrog\u00e9, il maintient ses aveux. Il a tu\u00e9 Martial parce qu&rsquo;il a fait des avances \u00e0 Gloria. Au Spoon, Fran\u00e7ois et Soizic apprennent qu&rsquo;Adam a \u00e9t\u00e9 retrouv\u00e9. Les r\u00e9sultats de Damien r\u00e9v\u00e8lent une nouvelle v\u00e9rit\u00e9 : ni Adam ni Gloria ne sont les meurtriers. Des microparticules de caoutchouc retrouv\u00e9es sur le torse de Martial indiquent qu\u2019il a \u00e9t\u00e9 percut\u00e9 par un v\u00e9hicule. Les deux suspects sont donc lib\u00e9r\u00e9s. Gloria avoue avoir attach\u00e9 Martial au lit. <br \/>Au commissariat, Soizic et Fran\u00e7ois viennent chercher Adam, et d\u00e9couvrent avec stupeur qu\u2019il est de nouveau en couple avec Gloria. Quelques heures plus tard, cette derni\u00e8re rompt avec lui ! Elle se sent coupable, indirectement responsable de tout ce qui s\u2019est pass\u00e9, et pense que leur histoire est vou\u00e9e \u00e0 l\u2019\u00e9chec. Adam est boulevers\u00e9, et reproche \u00e0 sa m\u00e8re de ne rien comprendre \u00e0 ce qu\u2019il ressent. <br \/>L\u2019enqu\u00eate continue. Les policiers tombent sur des \u00e9changes tendus entre Martial et l&rsquo;entrepreneur de la salle de sport qu\u2019il devait monter avec Victor. Tous deux sont entendus mais aucune charge n\u2019est retenue contre eux. \u00c0 la sortie du commissariat, Victor aborde Micha\u00ebl : il affirme savoir qui a tu\u00e9 Martial\u2026 C&rsquo;est Martin Constant et il peut le prouver.<\/p>\n<p>                        <b>Demain nous appartient <\/b><b>en avance : Le rendez-vous de Manny et Jack tourne mal <\/b><\/p>\n<p>Au Spoon, Jack semble avoir compl\u00e8tement oubli\u00e9 Rayane qui lui envoie un message<a href=\"https:\/\/www.programme-tv.net\/news\/series-tv\/380822-demain-nous-appartient-on-sait-quand-rayane-sasha-birdy-va-quitter-la-serie-de-tf1-et-jack-dimitri-fouque-l-a-deja-remplace\/\" data-api-deeplink=\"teleloisirs:\/\/news\/380822\" target=\"_blank\" rel=\"noopener\"> pour lui signaler son d\u00e9part ce jeudi<\/a>. Mais le jeune homme ne pense plus qu\u2019\u00e0 Manny ! Tous deux se retrouvent \u00e0 la Paillote. Jack veut passer \u00e0 la vitesse sup\u00e9rieure avec son crush. Mais avant, les deux gar\u00e7ons s&rsquo;amusent dans l&rsquo;eau. Leur moment intime tourne court lorsque Jack se fait piquer par une m\u00e9duse au niveau des parties intimes. Manny lui propose de lui \u00ab\u00a0pisser dessus\u00a0\u00bb, Jack refuse cat\u00e9goriquement. Manny l&#8217;emm\u00e8ne donc aux urgences. Jack raconte ce rendez-vous catastrophe, ses fr\u00e8re et s\u0153ur en rient aux \u00e9clats.<\/p>\n<p><b>Demain nous appartient <\/b><b>en avance : Manon cherche sa robe <\/b>de fian\u00e7ailles<\/p>\n<p>Au lit, William et Aurore d\u00e9couvrent le jeu du Kamasutra. De son c\u00f4t\u00e9, Manon essaye la robe de fian\u00e7ailles offerte par Nordine&#8230; mais ne la trouve pas du tout adapt\u00e9e. Elle a effectivement des ananas en motif. Elle n&rsquo;arrive pas non plus \u00e0 danser avec. Roxane pense en avoir une parfaite pour elle, mais impossible de remettre la main dessus. Sara craint de l\u2019avoir donn\u00e9e, par erreur, \u00e0 la braderie des ados\u2026<\/p>\n","protected":false},"excerpt":{"rendered":"Dans Demain nous appartient, ce lundi 30 juin 2025, Gloria et Adam sont lib\u00e9r\u00e9s pour le meurtre de&hellip;\n","protected":false},"author":2,"featured_media":209951,"comment_status":"","ping_status":"","sticky":false,"template":"","format":"standard","meta":{"footnotes":""},"categories":[1356],"tags":[244,3598,5247,58,59,1011,27,5250,5249,5248,5246,5252,252,199,5251,1364],"class_list":{"0":"post-209950","1":"post","2":"type-post","3":"status-publish","4":"format-standard","5":"has-post-thumbnail","7":"category-television","8":"tag-commentaire","9":"tag-demain-nous-appartient","10":"tag-demain-nous-appartient-en-avance","11":"tag-divertissement","12":"tag-entertainment","13":"tag-fr","14":"tag-france","15":"tag-lorie","16":"tag-mytf1-max","17":"tag-ru00e9sumu00e9-demain-nous-appartient","18":"tag-ru00e9sumu00e9-en-avance-demain-nous-appartient","19":"tag-su00e9ries-mania","20":"tag-television","21":"tag-tf1","22":"tag-tu00e9lu00e9-loisirs","23":"tag-tv"},"share_on_mastodon":{"url":"https:\/\/pubeurope.com\/@fr\/114758871591866598","error":""},"_links":{"self":[{"href":"https:\/\/www.europesays.com\/fr\/wp-json\/wp\/v2\/posts\/209950","targetHints":{"allow":["GET"]}}],"collection":[{"href":"https:\/\/www.europesays.com\/fr\/wp-json\/wp\/v2\/posts"}],"about":[{"href":"https:\/\/www.europesays.com\/fr\/wp-json\/wp\/v2\/types\/post"}],"author":[{"embeddable":true,"href":"https:\/\/www.europesays.com\/fr\/wp-json\/wp\/v2\/users\/2"}],"replies":[{"embeddable":true,"href":"https:\/\/www.europesays.com\/fr\/wp-json\/wp\/v2\/comments?post=209950"}],"version-history":[{"count":0,"href":"https:\/\/www.europesays.com\/fr\/wp-json\/wp\/v2\/posts\/209950\/revisions"}],"wp:featuredmedia":[{"embeddable":true,"href":"https:\/\/www.europesays.com\/fr\/wp-json\/wp\/v2\/media\/209951"}],"wp:attachment":[{"href":"https:\/\/www.europesays.com\/fr\/wp-json\/wp\/v2\/media?parent=209950"}],"wp:term":[{"taxonomy":"category","embeddable":true,"href":"https:\/\/www.europesays.com\/fr\/wp-json\/wp\/v2\/categories?post=209950"},{"taxonomy":"post_tag","embeddable":true,"href":"https:\/\/www.europesays.com\/fr\/wp-json\/wp\/v2\/tags?post=209950"}],"curies":[{"name":"wp","href":"https:\/\/api.w.org\/{rel}","templated":true}]}}