{"id":209954,"date":"2025-06-28T03:30:18","date_gmt":"2025-06-28T03:30:18","guid":{"rendered":"https:\/\/www.europesays.com\/fr\/209954\/"},"modified":"2025-06-28T03:30:18","modified_gmt":"2025-06-28T03:30:18","slug":"on-a-classe-objectivement-les-meilleurs-james-bond-potentiels-du-denis-villeneuve-universe-konbini","status":"publish","type":"post","link":"https:\/\/www.europesays.com\/fr\/209954\/","title":{"rendered":"On a class\u00e9 (objectivement) les meilleurs James Bond potentiels du Denis Villeneuve Universe &#8211; Konbini"},"content":{"rendered":"<ol>\n<li><a href=\"https:\/\/news.google.com\/rss\/articles\/CBMixAFBVV95cUxPRkxYTW92R294MDdDZ3M0eXhtYVoxVEU5QkFaMkNmTHFYUWozOGhaWkRyVDZPeF9KTU5HX2hxSXdybm80M3dwYVNoRUFQMzlaM3FPNHJIOC05TEpicEZQaGNTUjJKY0l5QkFLcmF6SURmQkJSblBWVG5IanVlWURPdElzeXpfRnFvcVI1MEtXNF9VNkpKb29KeW1jaUlQaVlpX19MMjY2T3BBUERCdV9SbnRhenUzVUFBVC1hSXRfUmlrRkhR?oc=5\" target=\"_blank\" rel=\"noopener\">On a class\u00e9 (objectivement) les meilleurs James Bond potentiels du Denis Villeneuve Universe<\/a>&nbsp;&nbsp;Konbini<\/li>\n<li><a href=\"https:\/\/news.google.com\/rss\/articles\/CBMi6AFBVV95cUxNZlNSdl9YN1ZLWkdUaG1PQk5QRXJsSk9zc0Zva0RneEdaNGxiMzVJcFBIMEE5RVFwLVhyai15aW1adGRpbDlMT0MzZVpKOUhnWWROSWQ2S1RxYThWOTViOVZTZmhUREhmUzRXMTRsZUZEV0xWaVVkSXIybFIzaGNmdi1oSkN0ZzF2Q2R3T1Jscl9jLUxvU3hPYVF6SWE3bmM4NlBya0llZnFnYmx3aXg0Y1g0Zm1lcEp3QzVBQjdUc21aTW8wZnZmRHZBcTJ4OWpxTjRIay1PbmprSWRYVFc5MUhBOFRLenhK?oc=5\" target=\"_blank\" rel=\"noopener\">James Bond r\u00e9alis\u00e9 par Denis Villeneuve : Hollywood est dirig\u00e9 par une photocopieuse<\/a>&nbsp;&nbsp;Lib\u00e9ration<\/li>\n<li><a href=\"https:\/\/news.google.com\/rss\/articles\/CBMi9AFBVV95cUxQWFlaQUhhMG5xenMyQnpzT1NwMzQwN2VBMkJUS3BEY1c5MHVEUjZ1bVR0MUpvcUtFQXA0MTRYR0RrLXp5VUlLSDFUQjdhQWt5RWRZLVFoZURaRFNpQkc3dER0bXNrRWN2OG43WTBQZGhLRGZJcEVSZ1ZuREhXSXgzQWlZMVlZS3FVLUdkTmt3cWtCZ1g3eTdlOU1oOVVRQUpmZ2h6Zk5ja0xTU2NfWHpMSjdnNGFwWDF6cFJnY0kwMTNNYTlkUjh6Zk5seXpOdVhuTTZkLUF3MElOb1ZQb0YxZlp4czFvX2xvbEJpMU92RlJCSzds?oc=5\" target=\"_blank\" rel=\"noopener\">Du plus improbable au plus tendance\u2026 Qui sera le prochain James Bond ?<\/a>&nbsp;&nbsp;Le Point<\/li>\n<li><a href=\"https:\/\/news.google.com\/rss\/articles\/CBMizAFBVV95cUxQenotQzh4Sl9DRktGTGQxc3NoN0g0ZTV0Y2ZYZWxSR0NjS2wzN25OU2M4ck12dzdMeHFwT041UlRpbmJBT2RGX3JwVi0xSkpwT1hEc1ZoUVBwUHpXV2NiNUd3TGpoLURGeDQwT2JURV9UclpmQ3NMYkFGN3hTTmtWeGJZUy1PSndIdVV4S2NZNTRsdWJqQ2VXbG54TWt4N29Kek40MklxT2JKVXRtNkZadGFWYmlYWEczbTVMYnU3MDBUV1RQZTlSNVZZVVY?oc=5\" target=\"_blank\" rel=\"noopener\">Nouvelles aventures de James Bond : le casting d\u2019Amazon se pr\u00e9cise<\/a>&nbsp;&nbsp;Charente Libre<\/li>\n<li><a href=\"https:\/\/news.google.com\/rss\/articles\/CBMirAFBVV95cUxNSDdyWkZEQXlfc05Zdk5HOUhMdS1RV3ljMDNJN1hSWFpqV1lhRGpkNjJGV2VFWnpZRkdHVGV1c3VCTWJWcXg5dnRDczkyVFhLTUp4dFpibll0MHViZ0Z0Yk9SQ3RGLTZ0ZHFPcF9UTVpDcHZrU1ozNkx1dzUxY0V5RGdnbGt2Y3lpLTdzbE5femVLS2FMb0VtQ1d4OUp1RzlIVkxsdHJwWFA1QTVl?oc=5\" target=\"_blank\" rel=\"noopener\">James Bond, plus que de la fiction<\/a>&nbsp;&nbsp;RMC<\/li>\n<\/ol>\n","protected":false},"excerpt":{"rendered":"On a class\u00e9 (objectivement) les meilleurs James Bond potentiels du Denis Villeneuve Universe&nbsp;&nbsp;Konbini James Bond r\u00e9alis\u00e9 par Denis&hellip;\n","protected":false},"author":2,"featured_media":209955,"comment_status":"","ping_status":"","sticky":false,"template":"","format":"standard","meta":{"footnotes":""},"categories":[1354],"tags":[58,59,1346,1011,27,1360,1970],"class_list":{"0":"post-209954","1":"post","2":"type-post","3":"status-publish","4":"format-standard","5":"has-post-thumbnail","7":"category-films","8":"tag-divertissement","9":"tag-entertainment","10":"tag-films","11":"tag-fr","12":"tag-france","13":"tag-movies","14":"tag-pop-culture"},"share_on_mastodon":{"url":"https:\/\/pubeurope.com\/@fr\/114758879036698584","error":""},"_links":{"self":[{"href":"https:\/\/www.europesays.com\/fr\/wp-json\/wp\/v2\/posts\/209954","targetHints":{"allow":["GET"]}}],"collection":[{"href":"https:\/\/www.europesays.com\/fr\/wp-json\/wp\/v2\/posts"}],"about":[{"href":"https:\/\/www.europesays.com\/fr\/wp-json\/wp\/v2\/types\/post"}],"author":[{"embeddable":true,"href":"https:\/\/www.europesays.com\/fr\/wp-json\/wp\/v2\/users\/2"}],"replies":[{"embeddable":true,"href":"https:\/\/www.europesays.com\/fr\/wp-json\/wp\/v2\/comments?post=209954"}],"version-history":[{"count":0,"href":"https:\/\/www.europesays.com\/fr\/wp-json\/wp\/v2\/posts\/209954\/revisions"}],"wp:featuredmedia":[{"embeddable":true,"href":"https:\/\/www.europesays.com\/fr\/wp-json\/wp\/v2\/media\/209955"}],"wp:attachment":[{"href":"https:\/\/www.europesays.com\/fr\/wp-json\/wp\/v2\/media?parent=209954"}],"wp:term":[{"taxonomy":"category","embeddable":true,"href":"https:\/\/www.europesays.com\/fr\/wp-json\/wp\/v2\/categories?post=209954"},{"taxonomy":"post_tag","embeddable":true,"href":"https:\/\/www.europesays.com\/fr\/wp-json\/wp\/v2\/tags?post=209954"}],"curies":[{"name":"wp","href":"https:\/\/api.w.org\/{rel}","templated":true}]}}