{"id":209960,"date":"2025-06-28T03:33:11","date_gmt":"2025-06-28T03:33:11","guid":{"rendered":"https:\/\/www.europesays.com\/fr\/209960\/"},"modified":"2025-06-28T03:33:11","modified_gmt":"2025-06-28T03:33:11","slug":"un-influenceur-reunit-ses-abonnes-dans-une-rue-de-paris-pour-regarder-le-premier-defile-dior-de-jonathan-anderson-sur-ecran-geant","status":"publish","type":"post","link":"https:\/\/www.europesays.com\/fr\/209960\/","title":{"rendered":"un influenceur r\u00e9unit ses abonn\u00e9s dans une rue de Paris pour regarder le premier d\u00e9fil\u00e9 Dior de Jonathan Anderson sur \u00e9cran g\u00e9ant"},"content":{"rendered":"<p><strong>CHRONIQUE &#8211;<\/strong> Sur Instagram, l\u2019influenceur mode Lyas, 305.000 abonn\u00e9s, a propos\u00e9 \u00e0 sa communaut\u00e9 de se rassembler le 27 juin dans un bar du 10e arrondissement afin de suivre sur \u00e9cran g\u00e9ant le premier d\u00e9fil\u00e9 ultrapriv\u00e9 de Dior par Jonathan Anderson. Notre journaliste mode y \u00e9tait.<\/p>\n<p class=\"fig-paragraph\">De temps en temps, les plan\u00e8tes s\u2019alignent. Le 27 juin au matin, le nouvel album de la chanteuse n\u00e9o-z\u00e9landaise de 28 ans\u00a0<a href=\"https:\/\/madame.lefigaro.fr\/beaute\/la-coiffure-echarpe-cheveux-de-lorde-sur-le-tapis-rouge-new-yorkais-191121-199186\" target=\"_blank\" data-fig-type=\"Article\" rel=\"noopener\" data-gtm-custom-categorie=\"navigation\" data-gtm-custom-action=\"crossclick\" data-gtm-custom-label=\"Contextuel\" data-gtm-event=\"customEventSPE\" data-fig-domain=\"MADAME\">Lorde<\/a>, baptis\u00e9 Virgin, sort sur toutes les plateformes. Cette m\u00eame artiste qui r\u00e9ussissait un pari fou deux mois plus t\u00f4t\u00a0: r\u00e9unir, via un message sur les r\u00e9seaux sociaux, une horde de fans en d\u00e9lire en plein c\u0153ur de New York pour un concert surprise, mettant la police \u00e0 rude \u00e9preuve. L\u2019\u00e9v\u00e9nement, largement relay\u00e9 sur TikTok, a d\u00e9peint l\u2019image d\u2019une g\u00e9n\u00e9ration post-Covid avide de libert\u00e9, toujours aussi d\u00e9sireuse de se r\u00e9unir, de se rencontrer et de partager des moments uniques. Comme un pied de nez \u00e0 cette p\u00e9riode anxiog\u00e8ne.<\/p>\n<p>    L\u2019influenceur Lyas \u00e0 son \u00e9v\u00e9nement organis\u00e9 en parall\u00e8le du d\u00e9fil\u00e9 Dior par Jonathan Anderson.<br \/>\n                Augustin Bougro<\/p>\n<p class=\"fig-paragraph\">Alors forc\u00e9ment, quand Elias Medini, influenceur mode de 24 ans connu sous le pseudonyme Lyas, invite ses 305.000 abonn\u00e9s Instagram \u00e0 le rejoindre dans un bar afin de suivre sur une t\u00e9l\u00e9vision le premier d\u00e9fil\u00e9 de\u00a0<a href=\"http:\/\/madame.lefigaro.fr\/style\/news\/jonathan-anderson-officiellement-nomme-chez-dior-homme-20250417\" target=\"_blank\" data-fig-type=\"Article\" rel=\"noopener\" data-gtm-custom-categorie=\"navigation\" data-gtm-custom-action=\"crossclick\" data-gtm-custom-label=\"Contextuel\" data-gtm-event=\"customEventSPE\" data-fig-domain=\"MADAME\">Jonathan Anderson chez Dior<\/a>, l\u2019information se r\u00e9pand comme une tra\u00een\u00e9e de poudre. Ainsi, ce 27 juin aux alentours de 14h, il \u00e9tait presque impossible de circuler librement dans la rue du bar Le Saint Denis, dans le 10e arrondissement de Paris, tant la foule s\u2019\u00e9tait amass\u00e9e. \u00abJe pensais qu\u2019on allait \u00eatre une petite trentaine, nous confie l\u2019influenceur, tout de noir v\u00eatu, lunettes de soleil fix\u00e9es au nez. L\u00e0 on doit \u00eatre une centaine, peut-\u00eatre m\u00eame deux cent&#8230;\u00bb<\/p>\n<p>    Une \u0153uvre constitu\u00e9e de canettes sp\u00e9cialement con\u00e7ue pour l\u2019occasion.<br \/>\n                Augustin Bougro<\/p>\n<p>Un show sur-mesure<\/p>\n<p class=\"fig-paragraph\">Vingt minutes plus tard, l\u2019espace se r\u00e9duit et devient de moins en moins accessible aux v\u00e9los et scooters qui tentent, tant bien que mal, de se frayer un chemin. \u00c9trangement, sans s\u2019\u00e9nerver ni klaxonner. \u00abC\u2019est un quartier o\u00f9 la mode est partout, nous confie un participant. Les gens ont l\u2019habitude. La\u00a0<a href=\"http:\/\/madame.lefigaro.fr\/style\/dossier\/fashion-week-haute-couture-printemps-ete-2025-tout-ce-qu-il-ne-faut-pas-manquer\" target=\"_blank\" data-fig-type=\"Topic\" rel=\"noopener\" data-gtm-custom-categorie=\"navigation\" data-gtm-custom-action=\"crossclick\" data-gtm-custom-label=\"Contextuel\" data-gtm-event=\"customEventSPE\" data-fig-domain=\"MADAME\">Fashion Week<\/a>, c\u2019est tous les jours de l\u2019ann\u00e9e ici.\u00bb Au bout d\u2019un moment, quelques passants finissent par s\u2019arr\u00eater. \u00abQue se passe-t-il\u00a0?\u00bb, demandent-ils tous, surpris de voir autant de monde au m\u00eame bar. La m\u00eame r\u00e9ponse est r\u00e9p\u00e9t\u00e9e inlassablement\u00a0: \u00abUn influenceur mode a privatis\u00e9 un bar pour projeter le premier d\u00e9fil\u00e9 Dior de Jonathan Anderson. On est tous ici pour c\u00e9l\u00e9brer cet \u00e9v\u00e9nement.\u00bb<\/p>\n<blockquote class=\"fig-quote&#10;    \">\n<p class=\"fig-quote__text\">C\u2019\u00e9tait important pour moi d\u2019organiser un \u00e9v\u00e9nement o\u00f9 on peut tous ensemble c\u00e9l\u00e9brer la mode, peu importe qui on est.<\/p>\n<p>            Lyas, influenceur mode\n    <\/p><\/blockquote>\n<p class=\"fig-paragraph\">Elias Medini a eu cette id\u00e9e la veille, sur un coup de t\u00eate. Celui qui a d\u00e9sormais l\u2019habitude de s\u2019installer aux premiers rangs des d\u00e9fil\u00e9s des plus grandes marques de mode &#8211; dont Dior -, n\u2019avait cette fois pas re\u00e7u son carton d\u2019invitation. Il faut dire que ce premier show sign\u00e9 Jonathan Anderson, successeur de\u00a0<a href=\"http:\/\/madame.lefigaro.fr\/style\/news\/maria-grazia-chiuri-quitte-dior-apres-neuf-ans-de-creations-puissantes-et-poetiques-20250529\" target=\"_blank\" data-fig-type=\"Article\" rel=\"noopener\" data-gtm-custom-categorie=\"navigation\" data-gtm-custom-action=\"crossclick\" data-gtm-custom-label=\"Contextuel\" data-gtm-event=\"customEventSPE\" data-fig-domain=\"MADAME\">Maria Grazia Chiuri<\/a>\u00a0et\u00a0<a href=\"http:\/\/madame.lefigaro.fr\/style\/news\/la-premiere-expo-mode-du-louvre-kim-jones-chevalier-de-la-legion-d-honneur-le-printemps-de-balzac-l-imperatif-madame-20250131\" target=\"_blank\" data-fig-type=\"Article\" rel=\"noopener\" data-gtm-custom-categorie=\"navigation\" data-gtm-custom-action=\"crossclick\" data-gtm-custom-label=\"Contextuel\" data-gtm-event=\"customEventSPE\" data-fig-domain=\"MADAME\">Kim Jones<\/a>, \u00e9tait l\u2019un des plus attendus de la Fashion Week printemps-\u00e9t\u00e9 2026. Les places \u00e9taient donc naturellement rares. \u00abSeulement 100 personnes ont \u00e9t\u00e9 convi\u00e9es \u00e0 assister au d\u00e9fil\u00e9 Dior\u00bb, nous informe une \u00e9tudiante en mode.<\/p>\n<p class=\"fig-paragraph\">Pour Lyas, hors de question de ne pas vivre ce moment historique \u00e0 100%. Il a donc fait ce qu\u2019il sait faire le mieux\u00a0: d\u00e9gainer son smartphone, et poster une vid\u00e9o o\u00f9 il invite toute sa communaut\u00e9 \u00e0 le rejoindre dans un bar pour regarder le d\u00e9fil\u00e9. \u00abC\u2019\u00e9tait important pour moi d\u2019organiser un rassemblement o\u00f9 on peut tous ensemble c\u00e9l\u00e9brer la mode, peu importe qui on est, nous raconte-t-il. Car c\u2019est aussi pour cette raison qu\u2019on veut assister \u00e0 un d\u00e9fil\u00e9, c\u2019est litt\u00e9ralement parce qu\u2019on est passionn\u00e9 de mode.\u00bb<\/p>\n<p class=\"fig-paragraph\">Le calme finit finalement par s\u2019installer lorsque le show, diffus\u00e9 sur une t\u00e9l\u00e9vision, commence. Tous les spectateurs se sont d\u2019ailleurs habill\u00e9s pour l\u2019occasion\u00a0:\u00a0<a href=\"http:\/\/madame.lefigaro.fr\/societe\/actu\/qui-est-kimbal-le-frere-dans-l-ombre-d-elon-musk-et-de-son-chapeau-de-cowboy-20250415\" target=\"_blank\" data-fig-type=\"Article\" rel=\"noopener\" data-gtm-custom-categorie=\"navigation\" data-gtm-custom-action=\"crossclick\" data-gtm-custom-label=\"Contextuel\" data-gtm-event=\"customEventSPE\" data-fig-domain=\"MADAME\">chapeaux de cowboy<\/a>, bermudas ultralarges, santiags,\u00a0<a href=\"http:\/\/madame.lefigaro.fr\/style\/news\/sacs-griffes-et-tenues-hors-de-prix-le-defile-de-luxe-des-invites-au-mariage-de-jeff-bezos-et-lauren-sanchez-a-venise-20250627\" target=\"_blank\" data-fig-type=\"Article\" rel=\"noopener\" data-gtm-custom-categorie=\"navigation\" data-gtm-custom-action=\"crossclick\" data-gtm-custom-label=\"Contextuel\" data-gtm-event=\"customEventSPE\" data-fig-domain=\"MADAME\">sacs de luxe<\/a>\u00a0et lunettes de soleil de cr\u00e9ateurs. Sous 28 degr\u00e9s, les \u00e9ventails s\u2019agitent un peu partout, les boissons fra\u00eeches sont fermement maintenues dans les mains. Au fond, il est difficile de voir quelque chose sur l\u2019\u00e9cran. Qu\u2019il en soit ainsi\u00a0: celles et ceux qui n\u2019ont pas une bonne visibilit\u00e9 restent \u00e0 leur place, et suivent l\u2019\u00e9v\u00e9nement en direct sur les comptes Instagram de LVMH et Lyas.<\/p>\n<p>    Le d\u00e9fil\u00e9 Dior retransmit en direct sur la t\u00e9l\u00e9vision du bar Le Saint Denis \u00e0 Paris.<br \/>\n                Augustin Bougro<\/p>\n<p class=\"fig-paragraph\">Quand certaines silhouettes d\u00e9filent, des cris de joie se m\u00ealent \u00e0 quelques applaudissements. \u00abJonathan\u00a0! Jonathan\u00a0!\u00bb, scandent quelques-uns, visiblement admiratifs de cette collection imagin\u00e9e par le couturier irlandais. Puis, lorsque le show touche \u00e0 sa fin, un tonnerre d\u2019applaudissements retentit dans le quartier. Les t\u00e9l\u00e9phones se l\u00e8vent, tous pr\u00eats \u00e0 filmer Lyas, l\u2019autre vedette de la journ\u00e9e.<\/p>\n<p>L\u2019influenceur mode nouvelle g\u00e9n\u00e9ration<\/p>\n<p class=\"fig-paragraph\">Depuis plusieurs mois maintenant, le critique de mode pr\u00e9f\u00e9r\u00e9 de TikTok originaire de Rouen se forge un nom de plus en plus solide au sein de l\u2019industrie de la mode et de l\u2019influence, lui permettant d\u2019obtenir certains passe-droits exceptionnels. Comme s\u2019entretenir avec Madonna\u00a0<a href=\"https:\/\/people.com\/a-tiktoker-gives-himself-a-personal-tour-of-madonna-usd40-million-gothic-styled-home-11731315\" target=\"_blank\" rel=\"nofollow noopener\" data-gtm-custom-categorie=\"navigation\" data-gtm-custom-action=\"crossclick\" data-gtm-custom-label=\"Contextuel\" data-gtm-event=\"customEventSPE\">au sein m\u00eame de sa r\u00e9sidence priv\u00e9e de Manhattan<\/a>, animer le tapis rouge de la prestigieuse c\u00e9r\u00e9monie des\u00a0<a href=\"http:\/\/madame.lefigaro.fr\/style\/news\/alex-consani-le-mannequin-transgenre-a-l-humour-decapant-qui-fait-chavirer-la-mode-20241114\" target=\"_blank\" data-fig-type=\"Article\" rel=\"noopener\" data-gtm-custom-categorie=\"navigation\" data-gtm-custom-action=\"crossclick\" data-gtm-custom-label=\"Contextuel\" data-gtm-event=\"customEventSPE\" data-fig-domain=\"MADAME\">Fashion Awards 2024<\/a>\u00a0\u00e0 Londres&#8230;ou orchestrer un \u00e9v\u00e9nement viral en pleine Fashion Week de Paris, s\u00e9duisant toute une g\u00e9n\u00e9ration de modeux en recherche, comme lui, d\u2019un peu de r\u00eave en ces temps moroses. \u00abJe suis venu ici car j\u2019adore la mode, nous confie Nicolas, passionn\u00e9 de mode. C\u2019est g\u00e9nial de vivre cela, de rencontrer plein de personnes, m\u00eame si parfois c\u2019est un peu vertigineux car il y a tellement de monde. Lyas a eu une super id\u00e9e.\u00bb<\/p>\n<p>    Nicolas, passionn\u00e9 de mode, s\u2019est rendu \u00e0 l\u2019\u00e9v\u00e9nement de l\u2019influenceur. (Paris, le 27 juin 2025.)<br \/>\n                Augustin Bougro<\/p>\n<p class=\"fig-paragraph\">La recette de son succ\u00e8s\u00a0? En finir avec la culture du \u00abnon-dit\u00bb du milieu de la mode en optant pour des critiques de d\u00e9fil\u00e9s sans langue de bois, un ton franc du collier et un style atypique qui le d\u00e9marque tr\u00e8s souvent de ses coll\u00e8gues. \u00c0 l\u2019image du 24 juin ou, au tr\u00e8s chic\u00a0<a href=\"https:\/\/madame.lefigaro.fr\/defiles\/saint-laurent\/printemps-ete-2026\/homme\/defile-saint-laurent-homme-printemps-ete-2026-20250620\" target=\"_blank\" data-fig-type=\"Article\" rel=\"noopener\" data-gtm-custom-categorie=\"navigation\" data-gtm-custom-action=\"crossclick\" data-gtm-custom-label=\"Contextuel\" data-gtm-event=\"customEventSPE\" data-fig-domain=\"MADAME\">d\u00e9fil\u00e9 Saint Laurent par Anthony Vaccarello<\/a>, il d\u00e9barque \u00e0 la Bourse de Commerce en costume, cuissardes en cuir, rouge \u00e0 l\u00e8vres et perruque \u00e9bouriff\u00e9e fa\u00e7on rock star post-concert.<\/p>\n<p class=\"fig-paragraph\">\u00abJe me suis dit \u201cj\u2019ai un cr\u00e9neau l\u00e0. Si personne n\u2019ose, je le ferai\u201d\u00bb, a-t-il r\u00e9v\u00e9l\u00e9\u00a0<a href=\"https:\/\/www.radiofrance.fr\/franceinter\/podcasts\/nouvelles-tetes\/nouvelles-tetes-du-mercredi-22-janvier-2025-3904430\" target=\"_blank\" rel=\"nofollow noopener\" data-gtm-custom-categorie=\"navigation\" data-gtm-custom-action=\"crossclick\" data-gtm-custom-label=\"Contextuel\" data-gtm-event=\"customEventSPE\">lors d\u2019une interview accord\u00e9e \u00e0 France Inter<\/a>\u00a0le 22 janvier dernier. Culott\u00e9, mais payant\u00a0: depuis, son r\u00e9seau professionnel ne cesse de cro\u00eetre. Parmi ses proches, Elias Medini peut aujourd\u2019hui compter sur le mannequin de l\u2019ann\u00e9e 2024 Alex Consani, le styliste am\u00e9ricain et r\u00e9dacteur en chef du magazine Interview Mel Ottenberg ou encore l\u2019\u00e9ditrice Carine Roitfeld, ex-patronne du Vogue France, avec qui\u00a0<a href=\"https:\/\/crfashionbook.com\/carine-roitfeld-lyas-interview\/\" target=\"_blank\" rel=\"nofollow noopener\" data-gtm-custom-categorie=\"navigation\" data-gtm-custom-action=\"crossclick\" data-gtm-custom-label=\"Contextuel\" data-gtm-event=\"customEventSPE\">il a \u00e9chang\u00e9 un baiser langoureux devenu viral<\/a>\u00a0au dernier Festival de Cannes. De quoi lui attribuer un surnom prometteur, d\u2019apr\u00e8s ce qu\u2019on pouvait entendre au bar Le Saint Denis\u00a0: \u00abLe petit prince de la mode\u00bb.<\/p>\n","protected":false},"excerpt":{"rendered":"CHRONIQUE &#8211; Sur Instagram, l\u2019influenceur mode Lyas, 305.000 abonn\u00e9s, a propos\u00e9 \u00e0 sa communaut\u00e9 de se rassembler le&hellip;\n","protected":false},"author":2,"featured_media":209961,"comment_status":"","ping_status":"","sticky":false,"template":"","format":"standard","meta":{"footnotes":""},"categories":[8],"tags":[998,988,991,1000,993,21472,58,994,59,992,34204,638,1011,27,34917,997,977,999,989,995,973,990,996],"class_list":{"0":"post-209960","1":"post","2":"type-post","3":"status-publish","4":"format-standard","5":"has-post-thumbnail","7":"category-divertissement","8":"tag-accessoire","9":"tag-actu-mode","10":"tag-actualite-mode","11":"tag-celebrites","12":"tag-defiles","13":"tag-dior","14":"tag-divertissement","15":"tag-egerie-mode","16":"tag-entertainment","17":"tag-fashion-week","18":"tag-fashion-week-paris","19":"tag-figaro","20":"tag-fr","21":"tag-france","22":"tag-jonathan-anderson","23":"tag-lingerie","24":"tag-madame","25":"tag-mode-fashion-femme","26":"tag-mode-femme","27":"tag-nouvelle-tendance","28":"tag-people","29":"tag-tendance-mode","30":"tag-vetement"},"share_on_mastodon":{"url":"https:\/\/pubeurope.com\/@fr\/114758890937165584","error":""},"_links":{"self":[{"href":"https:\/\/www.europesays.com\/fr\/wp-json\/wp\/v2\/posts\/209960","targetHints":{"allow":["GET"]}}],"collection":[{"href":"https:\/\/www.europesays.com\/fr\/wp-json\/wp\/v2\/posts"}],"about":[{"href":"https:\/\/www.europesays.com\/fr\/wp-json\/wp\/v2\/types\/post"}],"author":[{"embeddable":true,"href":"https:\/\/www.europesays.com\/fr\/wp-json\/wp\/v2\/users\/2"}],"replies":[{"embeddable":true,"href":"https:\/\/www.europesays.com\/fr\/wp-json\/wp\/v2\/comments?post=209960"}],"version-history":[{"count":0,"href":"https:\/\/www.europesays.com\/fr\/wp-json\/wp\/v2\/posts\/209960\/revisions"}],"wp:featuredmedia":[{"embeddable":true,"href":"https:\/\/www.europesays.com\/fr\/wp-json\/wp\/v2\/media\/209961"}],"wp:attachment":[{"href":"https:\/\/www.europesays.com\/fr\/wp-json\/wp\/v2\/media?parent=209960"}],"wp:term":[{"taxonomy":"category","embeddable":true,"href":"https:\/\/www.europesays.com\/fr\/wp-json\/wp\/v2\/categories?post=209960"},{"taxonomy":"post_tag","embeddable":true,"href":"https:\/\/www.europesays.com\/fr\/wp-json\/wp\/v2\/tags?post=209960"}],"curies":[{"name":"wp","href":"https:\/\/api.w.org\/{rel}","templated":true}]}}