{"id":209964,"date":"2025-06-28T03:35:19","date_gmt":"2025-06-28T03:35:19","guid":{"rendered":"https:\/\/www.europesays.com\/fr\/209964\/"},"modified":"2025-06-28T03:35:19","modified_gmt":"2025-06-28T03:35:19","slug":"xiaomi-prouve-son-avance-sur-tesla-avec-sa-nouvelle-voiture-electrique-et-ses-options","status":"publish","type":"post","link":"https:\/\/www.europesays.com\/fr\/209964\/","title":{"rendered":"Xiaomi prouve son avance sur Tesla avec sa nouvelle voiture \u00e9lectrique et ses options"},"content":{"rendered":"<p>Le lancement de la Xiaomi YU7, la deuxi\u00e8me voiture \u00e9lectrique de la marque, permet d\u2019acc\u00e9der au configurateur pour cr\u00e9er le SUV \u00e9lectrique de ses r\u00eaves. On s\u2019est amus\u00e9s dessus, de quoi voir le foss\u00e9 qui se creuse avec le Tesla Model Y.<\/p>\n<p><a target=\"_blank\" href=\"https:\/\/images.frandroid.com\/wp-content\/uploads\/2025\/06\/1750952242347.jpg\" class=\"article-content__figure\" rel=\"noopener\"><img fetchpriority=\"high\" decoding=\"async\" loading=\"eager\" width=\"1200\" height=\"794\" src=\"https:\/\/www.europesays.com\/fr\/wp-content\/uploads\/2025\/06\/1750952242347.jpg\" alt=\"\" class=\"wp-image-2712271 wp-image wp-image\"  \/><\/a>Xiaomi YU7 \/\/ Source : Configurateur Xiaomi<\/p>\n<p>Petit plaisir du passionn\u00e9 d\u2019automobile (et passage quasi-oblig\u00e9 avant l\u2019achat de sa prochaine voiture), le configurateur permet de voir \u00e0 quoi ressemble un mod\u00e8le avec ses diff\u00e9rentes couleurs, jantes et options possibles.<\/p>\n<p>Une fonction \u00e0 laquelle n\u2019\u00e9chappe pas <a href=\"https:\/\/www.frandroid.com\/produits\/xiaomi\" target=\"_blank\" rel=\"noopener\">Xiaomi<\/a>, qui vient de mettre en ligne <a target=\"_blank\" href=\"https:\/\/www.xiaomiev.com\/configurator\/select-version?itemId=500015457\" rel=\"noopener\">le configurateur du YU7<\/a> suite au <a href=\"https:\/\/www.frandroid.com\/marques\/xiaomi\/2711391_voici-les-prix-du-xiaomi-yu7-electrique-moins-cher-quun-tesla-model-y-avec-une-recharge-en-12-minutes\" target=\"_blank\" rel=\"noopener\">lancement officiel<\/a> de son SUV, o\u00f9 <a href=\"https:\/\/www.frandroid.com\/marques\/xiaomi\/2657439_on-a-roule-250-km-avec-la-nouvelle-voiture-electrique-de-xiaomi-une-claque-comme-rarement-on-en-prend\" target=\"_blank\" rel=\"noopener\">nous avons d\u00e9j\u00e0 pu l\u2019essayer<\/a>. L\u2019occasion de savoir \u00e0 quoi ressemble ce grand rival du Model Y sous toutes ses coutures.<\/p>\n<p>540 configurations possibles<\/p>\n<p>            <img decoding=\"async\" width=\"1200\" height=\"437\" loading=\"lazy\" alt=\"BYD Dolphin Surf Box\" title=\"BYD Dolphin Surf Box\" class=\"is-radiusless placeholder-default wp-image\" src=\"https:\/\/www.europesays.com\/fr\/wp-content\/uploads\/2025\/06\/byd-dolphin-surf-box-1200x437.jpg\" \/>        <\/p>\n<p>\n                BYD Dolphin Surf : la plus styl\u00e9e des compactes \u00e9lectriques            <\/p>\n<p class=\"has-text-weight-medium is-size-6 is-line-height-normal\">\n                Avec la BYD Dolphin Surf, BYD secoue le march\u00e9 de la voiture \u00e9lectrique. Disponible \u00e0 partir de 19 990 \u20ac, cette citadine a une autonomie de 507 km et se recharge de 30 \u00e0 80 % en 22 minutes seulement !            <\/p>\n<p>Avec trois versions (YU7, YU7 Pro, YU7 Max), neuf couleurs, cinq types de jantes et quatre int\u00e9rieurs diff\u00e9rents, le SUV \u00e9lectrique de Xiaomi peut \u00eatre configur\u00e9 de 540 fa\u00e7ons diff\u00e9rentes.<\/p>\n<p>\t\t\t\t\t\t<a href=\"https:\/\/images.frandroid.com\/wp-content\/uploads\/2025\/06\/1750952259595.jpg\" itemprop=\"url\" target=\"_blank\" rel=\"noopener\"><\/p>\n<p>\t\t\t\t\t\t\t<img class=\"wp-image\" decoding=\"async\" src=\"https:\/\/www.europesays.com\/fr\/wp-content\/uploads\/2025\/06\/1750952259595.jpg\"  width=\"494\" height=\"279\" loading=\"lazy\" data-original-width=\"494\" data-original-height=\"279\" itemprop=\"http:\/\/schema.org\/image\" title=\"1750952259595\" alt=\"Xiaomi YU7 \/\/ Source : Configurateur Xiaomi\" style=\"width: 494px; height: 279px;\"\/><br \/>\n\t\t\t\t\t\t<\/a><\/p>\n<p>\n\t\t\t\t\t\t\t\tXiaomi YU7 \/\/ Source : Configurateur Xiaomi\t\t\t\t\t\t\t<\/p>\n<p>\t\t\t\t\t\t<a href=\"https:\/\/images.frandroid.com\/wp-content\/uploads\/2025\/06\/1750952701526.jpg\" itemprop=\"url\" target=\"_blank\" rel=\"noopener\"><\/p>\n<p>\t\t\t\t\t\t\t<img class=\"wp-image\" decoding=\"async\" src=\"https:\/\/www.europesays.com\/fr\/wp-content\/uploads\/2025\/06\/1750952701526.jpg\"  width=\"426\" height=\"279\" loading=\"lazy\" data-original-width=\"426\" data-original-height=\"279\" itemprop=\"http:\/\/schema.org\/image\" title=\"1750952701526\" alt=\"Xiaomi YU7 \/\/ Source : Configurateur Xiaomi\" style=\"width: 426px; height: 279px;\"\/><br \/>\n\t\t\t\t\t\t<\/a><\/p>\n<p>\n\t\t\t\t\t\t\t\tXiaomi YU7 \/\/ Source : Configurateur Xiaomi\t\t\t\t\t\t\t<\/p>\n<p>Chose int\u00e9ressante : m\u00eame la version \u00ab\u00a0premier prix\u00a0\u00bb a droit au m\u00eame choix de couleurs, jantes ou cuir que le haut de gamme \u2013 les marques europ\u00e9ennes aiment g\u00e9n\u00e9ralement r\u00e9server les plus petites jantes ou une sellerie en tissu aux versions les plus abordables.<\/p>\n<p><a target=\"_blank\" href=\"https:\/\/images.frandroid.com\/wp-content\/uploads\/2025\/06\/1751010827315.jpg\" class=\"article-content__figure\" rel=\"noopener\"><img loading=\"lazy\" decoding=\"async\" width=\"1200\" height=\"722\" src=\"https:\/\/www.europesays.com\/fr\/wp-content\/uploads\/2025\/06\/1751010827315-1200x722.jpg\" alt=\"\" class=\"wp-image-2712283 wp-image\"  \/><\/a>Xiaomi YU7 \/\/ Source : Configurateur Xiaomi<\/p>\n<p>La version Max, ultra performante avec son 0 \u00e0 100 km\/h en 3,23 secondes, garde pour elle quelques sp\u00e9cificit\u00e9s en option : \u00e9triers de frein rouges (1 500 yuans), jantes forg\u00e9es (16 000 yuans) inserts en carbone sur la planche de bord (5 000 yuans) ou sur le volant (6 000 yuans).<\/p>\n<p>Tesla peut en prendre de la graine<\/p>\n<p>Surtout, le configurateur du <a href=\"https:\/\/www.frandroid.com\/produits\/voitures\/xiaomi\/2709451-xiaomi-yu7\" target=\"_blank\" rel=\"noopener\">Xiaomi YU7<\/a> donne quelques le\u00e7ons \u00e0 Tesla, qui revendique une limitation des versions possibles pour limiter les co\u00fbts : moins de vari\u00e9t\u00e9, c\u2019est moins de complexit\u00e9, et donc moins de co\u00fbts associ\u00e9s.<\/p>\n<p>\t\t\t\t\t\t<a href=\"https:\/\/images.frandroid.com\/wp-content\/uploads\/2025\/06\/capture-decran-2025-06-26-a-174106.jpg\" itemprop=\"url\" target=\"_blank\" rel=\"noopener\"><\/p>\n<p>\t\t\t\t\t\t\t<img class=\"wp-image\" decoding=\"async\" src=\"https:\/\/www.europesays.com\/fr\/wp-content\/uploads\/2025\/06\/capture-decran-2025-06-26-a-174106.jpg\"  width=\"458\" height=\"220\" loading=\"lazy\" data-original-width=\"458\" data-original-height=\"220\" itemprop=\"http:\/\/schema.org\/image\" title=\"Capture d\u2019e\u0301cran 2025-06-26 a\u0300 17.41.06\" alt=\"Xiaomi YU7 \/\/ Source : Configurateur Xiaomi\" style=\"width: 458px; height: 220px;\"\/><br \/>\n\t\t\t\t\t\t<\/a><\/p>\n<p>\n\t\t\t\t\t\t\t\tXiaomi YU7 \/\/ Source : Configurateur Xiaomi\t\t\t\t\t\t\t<\/p>\n<p>\t\t\t\t\t\t<a href=\"https:\/\/images.frandroid.com\/wp-content\/uploads\/2025\/06\/capture-decran-2025-06-26-a-174333.jpg\" itemprop=\"url\" target=\"_blank\" rel=\"noopener\"><\/p>\n<p>\t\t\t\t\t\t\t<img class=\"wp-image\" decoding=\"async\" src=\"https:\/\/www.europesays.com\/fr\/wp-content\/uploads\/2025\/06\/capture-decran-2025-06-26-a-174333.jpg\"  width=\"462\" height=\"220\" loading=\"lazy\" data-original-width=\"462\" data-original-height=\"220\" itemprop=\"http:\/\/schema.org\/image\" title=\"Capture d\u2019e\u0301cran 2025-06-26 a\u0300 17.43.33\" alt=\"Xiaomi YU7 \/\/ Source : Configurateur Xiaomi\" style=\"width: 462px; height: 220px;\"\/><br \/>\n\t\t\t\t\t\t<\/a><\/p>\n<p>\n\t\t\t\t\t\t\t\tXiaomi YU7 \/\/ Source : Configurateur Xiaomi\t\t\t\t\t\t\t<\/p>\n<p>De fait, le Model Y existe en 3 versions, 6 couleurs, 2 jantes et 2 int\u00e9rieurs, soit 72 configurations possibles\u2026 mais reste tout de m\u00eame plus cher qu\u2019un YU7 \u00e9quivalent.<\/p>\n<p>Ajoutez \u00e0 cela les batteries de plus grande capacit\u00e9, offrant de bien meilleures autonomies, une recharge comprise entre 21 et 12 minutes (contre environ 30 minutes pour le Model Y) et un d\u00e9ferlement de technologies, et on s\u2019aper\u00e7oit que Xiaomi est devenu, en \u00e0 peine plus d\u2019un an, un des plus f\u00e9roces concurrents de Tesla.<\/p>\n","protected":false},"excerpt":{"rendered":"Le lancement de la Xiaomi YU7, la deuxi\u00e8me voiture \u00e9lectrique de la marque, permet d\u2019acc\u00e9der au configurateur pour&hellip;\n","protected":false},"author":2,"featured_media":209965,"comment_status":"","ping_status":"","sticky":false,"template":"","format":"standard","meta":{"footnotes":""},"categories":[6],"tags":[35,33,34,1011,27,34459],"class_list":{"0":"post-209964","1":"post","2":"type-post","3":"status-publish","4":"format-standard","5":"has-post-thumbnail","7":"category-economie","8":"tag-business","9":"tag-economie","10":"tag-economy","11":"tag-fr","12":"tag-france","13":"tag-xiaomi-yu7"},"share_on_mastodon":{"url":"https:\/\/pubeurope.com\/@fr\/114758898699826387","error":""},"_links":{"self":[{"href":"https:\/\/www.europesays.com\/fr\/wp-json\/wp\/v2\/posts\/209964","targetHints":{"allow":["GET"]}}],"collection":[{"href":"https:\/\/www.europesays.com\/fr\/wp-json\/wp\/v2\/posts"}],"about":[{"href":"https:\/\/www.europesays.com\/fr\/wp-json\/wp\/v2\/types\/post"}],"author":[{"embeddable":true,"href":"https:\/\/www.europesays.com\/fr\/wp-json\/wp\/v2\/users\/2"}],"replies":[{"embeddable":true,"href":"https:\/\/www.europesays.com\/fr\/wp-json\/wp\/v2\/comments?post=209964"}],"version-history":[{"count":0,"href":"https:\/\/www.europesays.com\/fr\/wp-json\/wp\/v2\/posts\/209964\/revisions"}],"wp:featuredmedia":[{"embeddable":true,"href":"https:\/\/www.europesays.com\/fr\/wp-json\/wp\/v2\/media\/209965"}],"wp:attachment":[{"href":"https:\/\/www.europesays.com\/fr\/wp-json\/wp\/v2\/media?parent=209964"}],"wp:term":[{"taxonomy":"category","embeddable":true,"href":"https:\/\/www.europesays.com\/fr\/wp-json\/wp\/v2\/categories?post=209964"},{"taxonomy":"post_tag","embeddable":true,"href":"https:\/\/www.europesays.com\/fr\/wp-json\/wp\/v2\/tags?post=209964"}],"curies":[{"name":"wp","href":"https:\/\/api.w.org\/{rel}","templated":true}]}}