{"id":209966,"date":"2025-06-28T03:36:11","date_gmt":"2025-06-28T03:36:11","guid":{"rendered":"https:\/\/www.europesays.com\/fr\/209966\/"},"modified":"2025-06-28T03:36:11","modified_gmt":"2025-06-28T03:36:11","slug":"en-iran-la-possible-disparition-de-luranium-enrichi-fait-craindre-une-fuite-en-avant-du-regime","status":"publish","type":"post","link":"https:\/\/www.europesays.com\/fr\/209966\/","title":{"rendered":"En Iran, la possible disparition de l\u2019uranium enrichi fait craindre une \u00ab\u00a0fuite en avant\u00a0\u00bb du r\u00e9gime"},"content":{"rendered":"<p>        <img decoding=\"async\" loading=\"lazy\" src=\"https:\/\/www.europesays.com\/fr\/wp-content\/uploads\/2025\/06\/9aa21dd_upload-1-mpjpphpnkbui-000-62tj2wd.jpg\"  width=\"728\" height=\"410\" alt=\"Si le r\u00e9gime iranien a bel et bien sauv\u00e9 son stock d\u2019uranium enrichi des frappes am\u00e9ricaines,  la crainte d\u2019une \u00ab\u00a0fuite en avant\u00a0\u00bb nucl\u00e9aire devient possible. (Image d\u2019illustration)\"\/>  <\/p>\n<p>&#8211; \/ AFP<\/p>\n<p>Si le r\u00e9gime iranien a bel et bien sauv\u00e9 son stock d\u2019uranium enrichi des frappes am\u00e9ricaines,  la crainte d\u2019une \u00ab\u00a0fuite en avant\u00a0\u00bb nucl\u00e9aire devient possible. (Image d\u2019illustration)<\/p>\n<p class=\"asset asset-text\">PROCHE-ORIENT &#8211; C\u2019est peut-\u00eatre la plus grande question qui demeure \u00e0 la suite des frappes am\u00e9ricaines en Iran du 22\u00a0juin. Certes, il y a toujours des doutes autour de <a href=\"https:\/\/www.huffingtonpost.fr\/international\/video\/trump-contredit-par-ce-rapport-choc-sur-les-frappes-americaines-contre-le-programme-nucleaire-de-l-iran_251779.html\" target=\"_blank\" rel=\"noopener\">l\u2019\u00e9tat exact des sites nucl\u00e9aires iraniens<\/a>, entre la destruction \u00ab\u00a0totale\u00a0\u00bb revendiqu\u00e9e par Donald Trump ou les \u00ab\u00a0d\u00e9g\u00e2ts tr\u00e8s importants\u00a0\u00bb selon <a href=\"https:\/\/www.huffingtonpost.fr\/international\/article\/apres-les-frappes-americaines-sur-le-programme-nucleaire-en-iran-le-directeur-de-l-aiea-fait-le-point_251829.html\" target=\"_blank\" rel=\"noopener\">l\u2019Agence internationale de l\u2019\u00e9nergie atomique<\/a> (AIEA). Mais ces derniers jours, c\u2019est surtout ce qu\u2019il est advenu du stock d\u2019uranium enrichi \u00e0 des niveaux proches de la militarisation qui interroge.<\/p>\n<p class=\"asset asset-text\">Une possibilit\u00e9, au d\u00e9but peu consid\u00e9r\u00e9e, prend notamment de l\u2019ampleur\u00a0: celle que le r\u00e9gime iranien ait pu d\u00e9placer ces plus de 400\u00a0kg d\u2019uranium enrichi, vraisemblablement stock\u00e9s au site souterrain de Fordo, en pr\u00e9vention de l\u2019attaque am\u00e9ricaine. Donald Trump, lui, a assur\u00e9 ce jeudi 26\u00a0juin que \u00ab\u00a0rien n\u2019a \u00e9t\u00e9 \u00e9vacu\u00e9\u00a0\u00bb, car \u00ab\u00a0cela prendrait trop de temps, serait trop dangereux et serait tr\u00e8s lourd et difficile \u00e0 d\u00e9placer\u00a0\u00bb. M\u00eame discours chez la porte-parole de la Maison Blanche, Karoline Leavitt. \u00ab\u00a0Je peux vous dire que les \u00c9tats-Unis n\u2019ont eu aucune indication que de l\u2019uranium\u00a0hautement enrichi ait \u00e9t\u00e9 d\u00e9plac\u00e9 avant les frappes, comme je l\u2019ai vu aussi racont\u00e9 \u00e0 tort\u00a0\u00bb, a-t-elle d\u00e9clar\u00e9 aupr\u00e8s de Fox News.<\/p>\n<p class=\"asset asset-text\">Mais l\u2019administration Trump est bien la seule \u00e0 \u00eatre aussi d\u00e9finitive. Le directeur de l\u2019AIEA, Rafael Grossi, a en effet expliqu\u00e9 aupr\u00e8s de France 2 ce mercredi que l\u2019agence onusienne \u00ab\u00a0a perdu la visibilit\u00e9 sur ce mat\u00e9riel\u00a0\u00e0 partir du moment o\u00f9 les hostilit\u00e9s ont commenc\u00e9\u00a0\u00bb. Surtout, selon le <a href=\"https:\/\/www.ft.com\/content\/0808eeb8-341c-4a4e-8ccf-0db07febef91?shareType=nongift\" target=\"_blank\" rel=\"noopener\" title=\"Nouvelle fen\u00eatre\">Financial Times<\/a>, les gouvernements europ\u00e9ens ont \u00e9t\u00e9 pr\u00e9venus par des sources de renseignement que les autorit\u00e9s iraniennes auraient bel et bien transf\u00e9r\u00e9 l\u2019immense partie de leurs 408\u00a0kg d\u2019uranium enrichi vers plusieurs autres emplacements.<\/p>\n<p>    Un stock \u00ab\u00a0pas tr\u00e8s difficile \u00e0 transporter\u00a0\u00bb    <\/p>\n<p class=\"asset asset-text\">Est-ce possible de d\u00e9placer cet uranium\u00a0? La r\u00e9ponse est oui, pour H\u00e9lo\u00efse Fayet, responsable du programme dissuasion et prolif\u00e9ration au Centre des \u00e9tudes de s\u00e9curit\u00e9 de l\u2019Institut fran\u00e7ais des relations internationales (Ifri). \u00ab\u00a0En r\u00e9alit\u00e9, un tel stock n\u2019est pas tr\u00e8s difficile \u00e0 transporter. Il ne prend pas beaucoup de place et n\u2019est pas radioactif. Il ne peut pas \u00eatre d\u00e9tect\u00e9\u00a0\u00bb, explique-t-elle dans un entretien au <a href=\"https:\/\/www.lepoint.fr\/monde\/on-a-perdu-toute-tracabilite-sur-le-programme-nucleaire-iranien-25-06-2025-2592966_24.php\" target=\"_blank\" rel=\"noopener\" title=\"Nouvelle fen\u00eatre\">Point<\/a>.<\/p>\n<p class=\"asset asset-text\">Les autorit\u00e9s iraniennes avaient d\u2019ailleurs elles-m\u00eames donn\u00e9 quelques indices \u00e0 ce sujet. Ali Shamkhani, l\u2019un des conseillers du guide supr\u00eame Ali Khamenei, avait clam\u00e9 d\u00e8s le lundi 23\u00a0juin que \u00ab\u00a0la partie n\u2019est pas termin\u00e9e\u00a0\u00bb, affirmant que \u00ab\u00a0les mat\u00e9riaux enrichis, le savoir-faire et la volont\u00e9 politique restent\u00a0\u00bb.<\/p>\n<p class=\"asset asset-text\">Ces d\u00e9clarations auraient pu rester dans le domaine de la propagande habituelle du r\u00e9gime iranien, avant qu\u2019un autre indice ne vienne renforcer ce possible d\u00e9placement\u00a0: des images satellites Maxar Technologies les 19\u00a0et 20\u00a0juin, soit quelques jours avant les attaques am\u00e9ricaines.<\/p>\n<p>         <img decoding=\"async\" loading=\"lazy\" src=\"https:\/\/www.europesays.com\/fr\/wp-content\/uploads\/2025\/06\/e517dc5_upload-1-pqtqjrq4qsf5-000-63an6te.jpg\"  width=\"728\" height=\"410\" alt=\"Cette image satellite montre des camions positionn\u00e9s pr\u00e8s d\u2019une entr\u00e9e souterraine du site nucl\u00e9aire iranien de Fordo, le 19\u00a0juin 2025, soit 3\u00a0jours avant les frappes am\u00e9ricaines.\"\/>  <\/p>\n<p>AFP \/ Image satellite \u00a92025\u00a0Maxar Technologies<\/p>\n<p>Cette image satellite montre des camions positionn\u00e9s pr\u00e8s d\u2019une entr\u00e9e souterraine du site nucl\u00e9aire iranien de Fordo, le 19\u00a0juin 2025, soit 3\u00a0jours avant les frappes am\u00e9ricaines.<\/p>\n<p class=\"asset asset-text\">On peut y voir plus d\u2019une dizaine de camions align\u00e9s devant l\u2019entr\u00e9e des installations souterraines de Fordo, nourrissant clairement l\u2019id\u00e9e d\u2019un d\u00e9placement d\u2019ampleur de l\u2019uranium enrichi.<\/p>\n<p>                     Des d\u00e9fis majeurs \u00e0 affronter    <\/p>\n<p class=\"asset asset-text\">L\u2019id\u00e9e que l\u2019Iran ait bel et bien sauv\u00e9 son stock d\u2019uranium enrichi \u00e0 60\u00a0% semble prendre de l\u2019ampleur. En th\u00e9orie, si trait\u00e9 jusqu\u2019\u00e0 90\u00a0%, cette quantit\u00e9 de mati\u00e8re fissile peut suffire pour construire plus d\u2019une dizaine d\u2019armes nucl\u00e9aires. Pour autant, on en est encore bien loin. D\u00e9j\u00e0 car il faudrait pour cela poursuivre l\u2019enrichissement, et donc utiliser des infrastructures qui ont sans aucun doute subi des d\u00e9g\u00e2ts consid\u00e9rables, m\u00eame sans tomber dans la d\u00e9mesure trumpiste.<\/p>\n<p class=\"asset asset-text\">Sans oublier que d\u00e9tenir de l\u2019uranium suffisamment enrichi pour fabriquer une arme nucl\u00e9aire est une chose, mais disposer de missiles capables de la charger et la transporter en est une autre.<\/p>\n<p class=\"asset asset-text\">Le plus important concerne la volont\u00e9 du <a href=\"https:\/\/www.huffingtonpost.fr\/international\/article\/iran-l-ayatollah-khamenei-prend-enfin-la-parole-apres-le-cessez-le-feu-avec-israel-et-revendique-sa-victoire_251859.html\" target=\"_blank\" rel=\"noopener\">r\u00e9gime iranien<\/a> \u00e0 poursuivre ce programme nucl\u00e9aire jusqu\u2019\u00e0 l\u2019arme atomique. Les op\u00e9rations d\u2019Isra\u00ebl puis des \u00c9tats-Unis l\u2019ont d\u00e9montr\u00e9\u00a0: T\u00e9h\u00e9ran est bien loin d\u2019avoir la capacit\u00e9 militaire pour se d\u00e9fendre ou riposter face \u00e0 ses ennemis, tandis que les renseignements isra\u00e9liens semblent \u00e9galement avoir tr\u00e8s bien infiltr\u00e9 les r\u00e9seaux iraniens &#8211; en t\u00e9moigne son premier jour d\u2019op\u00e9ration, le 13\u00a0juin, o\u00f9 de nombreux tr\u00e8s hauts responsables du r\u00e9gime et du programme nucl\u00e9aire sont morts.<\/p>\n<p class=\"asset asset-text\">Ni Benjamin Netanyahu, ni surtout Donald Trump, n\u2019ont par ailleurs montr\u00e9 de r\u00e9elle h\u00e9sitation \u00e0 frapper militairement l\u2019Iran, alors m\u00eame que le r\u00e9gime des Mollahs semblait encore loin de l\u2019obtention de l\u2019arme nucl\u00e9aire\u00a0: trois ans, avaient estim\u00e9 les renseignements am\u00e9ricains avant le d\u00e9but de la guerre.<\/p>\n<p>    Vers une \u00ab\u00a0fuite en avant\u00a0\u00bb du r\u00e9gime\u00a0?    <\/p>\n<p class=\"asset asset-text\">Reste que pour T\u00e9h\u00e9ran, ces 400\u00a0kilogrammes de mati\u00e8re fissile d\u00e9j\u00e0 hautement enrichie peuvent \u00eatre une base si le r\u00e9gime des Mollahs faisait le choix de d\u00e9finitivement travailler \u00e0 la cr\u00e9ation d\u2019une arme atomique. M\u00eame si une telle d\u00e9cision jusqu\u2019ici toujours \u00e9t\u00e9 ni\u00e9e par le guide supr\u00eame iranien, Ali Khamenei.<\/p>\n<p class=\"asset asset-text\">Il faudrait pour cela basculer son programme nucl\u00e9aire dans la clandestinit\u00e9 la plus totale. Le vote au Parlement iranien lundi pour sortir du trait\u00e9 de non-prolif\u00e9ration nucl\u00e9aire et donc du contr\u00f4le de l\u2019AIEA semble aller dans ce sens. Le texte a \u00e9t\u00e9 approuv\u00e9 par le Conseil des Gardiens ce jeudi 26\u00a0juin &#8211; le r\u00e9el pouvoir l\u00e9gislatif dans le pays -, et doit d\u00e9sormais \u00eatre transmis \u00e0 la pr\u00e9sidence iranienne pour \u00eatre d\u00e9finitivement ratifi\u00e9.<\/p>\n<p class=\"asset asset-text\">C\u2019est d\u2019ailleurs ce que redoute Emmanuel Macron selon <a href=\"https:\/\/www.lemonde.fr\/international\/article\/2025\/06\/26\/pour-macron-une-croisade-diplomatique-semee-d-ecueils_6615963_3210.html\" target=\"_blank\" rel=\"noopener\" title=\"Nouvelle fen\u00eatre\">Le Monde<\/a>, qui \u00e9crit que le pr\u00e9sident fran\u00e7ais redoute que le r\u00e9gime iranien puisse \u00ab\u00a0sortir plus d\u00e9termin\u00e9 de cette guerre\u00a0\u00bb et bascule \u00ab\u00a0dans une fuite en avant, en acc\u00e9l\u00e9rant ses travaux de fa\u00e7on clandestine\u00a0\u00bb. Avec derri\u00e8re cela, l\u2019id\u00e9e qui pourrait germer \u00e0 T\u00e9h\u00e9ran que seule l\u2019obtention de l\u2019arme atomique permettrait au r\u00e9gime d\u2019assurer sa s\u00e9curit\u00e9, quitte \u00e0 prendre tous les risques pour tenter d\u2019y arriver au plus vite.<\/p>\n","protected":false},"excerpt":{"rendered":"&#8211; \/ AFP Si le r\u00e9gime iranien a bel et bien sauv\u00e9 son stock d\u2019uranium enrichi des frappes&hellip;\n","protected":false},"author":2,"featured_media":209967,"comment_status":"","ping_status":"","sticky":false,"template":"","format":"standard","meta":{"footnotes":""},"categories":[5],"tags":[11,75,73,1011,27,14,3019,12,3020,28],"class_list":{"0":"post-209966","1":"post","2":"type-post","3":"status-publish","4":"format-standard","5":"has-post-thumbnail","7":"category-international","8":"tag-actualites","9":"tag-donald-trump","10":"tag-etats-unis","11":"tag-fr","12":"tag-france","13":"tag-international","14":"tag-iran","15":"tag-news","16":"tag-nucleaire-iranien","17":"tag-world"},"share_on_mastodon":{"url":"https:\/\/pubeurope.com\/@fr\/114758902453530563","error":""},"_links":{"self":[{"href":"https:\/\/www.europesays.com\/fr\/wp-json\/wp\/v2\/posts\/209966","targetHints":{"allow":["GET"]}}],"collection":[{"href":"https:\/\/www.europesays.com\/fr\/wp-json\/wp\/v2\/posts"}],"about":[{"href":"https:\/\/www.europesays.com\/fr\/wp-json\/wp\/v2\/types\/post"}],"author":[{"embeddable":true,"href":"https:\/\/www.europesays.com\/fr\/wp-json\/wp\/v2\/users\/2"}],"replies":[{"embeddable":true,"href":"https:\/\/www.europesays.com\/fr\/wp-json\/wp\/v2\/comments?post=209966"}],"version-history":[{"count":0,"href":"https:\/\/www.europesays.com\/fr\/wp-json\/wp\/v2\/posts\/209966\/revisions"}],"wp:featuredmedia":[{"embeddable":true,"href":"https:\/\/www.europesays.com\/fr\/wp-json\/wp\/v2\/media\/209967"}],"wp:attachment":[{"href":"https:\/\/www.europesays.com\/fr\/wp-json\/wp\/v2\/media?parent=209966"}],"wp:term":[{"taxonomy":"category","embeddable":true,"href":"https:\/\/www.europesays.com\/fr\/wp-json\/wp\/v2\/categories?post=209966"},{"taxonomy":"post_tag","embeddable":true,"href":"https:\/\/www.europesays.com\/fr\/wp-json\/wp\/v2\/tags?post=209966"}],"curies":[{"name":"wp","href":"https:\/\/api.w.org\/{rel}","templated":true}]}}