{"id":209991,"date":"2025-06-28T03:53:20","date_gmt":"2025-06-28T03:53:20","guid":{"rendered":"https:\/\/www.europesays.com\/fr\/209991\/"},"modified":"2025-06-28T03:53:20","modified_gmt":"2025-06-28T03:53:20","slug":"strasbourg-des-coiffes-et-des-sourires-pour-celebrer-lalsace-fan-day","status":"publish","type":"post","link":"https:\/\/www.europesays.com\/fr\/209991\/","title":{"rendered":"Strasbourg. Des coiffes et des sourires pour c\u00e9l\u00e9brer l\u2019Alsace Fan Day"},"content":{"rendered":"<p>\u00ab\u00a0Les coiffes noires brod\u00e9es et avec des dentelles sont signes de richesse. Et puis vous avez les rouges traditionnellement port\u00e9es par les femmes non mari\u00e9es de Geispolsheim\u00a0\u00bb, t\u00e9moigne, en connaisseuse, Christiane. \u00ab\u00a0Les coiffes sont fonction du village, de la religion, du statut social\u00a0\u00bb, pr\u00e9cise ce pilier du groupe folklorique les Coquelicots de Geispolsheim pour signaler la multiplicit\u00e9 des coiffes alsaciennes.<\/p>\n<p>Illustration avec le concours de coiffes organis\u00e9 ce vendredi 27\u00a0juin sur le parvis de la Collectivit\u00e9 europ\u00e9enne d\u2019Alsace\u00a0: \u00ab\u00a0Il y a un concours auquel participent 37 personnes et un second r\u00e9serv\u00e9 aux associations d\u2019Alsaciens dans le monde\u00a0\u00bb, rappelle <a href=\"https:\/\/www.dna.fr\/politique\/2024\/01\/17\/ambassadeur-de-l-alsace-gerard-staedel-a-recu-la-legion-d-honneur\" target=\"_blank\" rel=\"nofollow noopener\">G\u00e9rard Staedel, pr\u00e9sident de l\u2019Union internationale des Alsaciens<\/a> et chef d\u2019orchestre de cette Alsace fan day, traditionnellement organis\u00e9 un peu partout dans le monde le 24\u00a0juin mais qui pour des \u00ab\u00a0raisons de commodit\u00e9s\u00a0\u00bb a \u00e9t\u00e9 d\u00e9cal\u00e9 pour \u00ab\u00a0la base arri\u00e8re\u00a0\u00bb au 28\u00a0juin.<\/p>\n<p>Si la traditionnelle <a href=\"https:\/\/www.dna.fr\/culture-loisirs\/2023\/03\/04\/il-y-a-150-ans-naissait-henri-loux-le-pere-du-service-obernai\" target=\"_blank\" rel=\"nofollow noopener\">assiette Loux<\/a> avait les honneurs de l\u2019\u00e9v\u00e9nement en 2024, cette 8 e \u00e9dition met donc l\u2019accent sur les coiffes dans toute leur diversit\u00e9. Et c\u2019\u00e9tait un joli d\u00e9fil\u00e9 de costumes, groupes folkloriques et confr\u00e9ries qui, plus t\u00f4t dans l\u2019apr\u00e8s-midi, a\u00a0anim\u00e9\u00a0les rues de Strasbourg avec l\u2019accompagnement musical des Rhinwagges. Histoire de donner un peu plus de coffre \u00e0 ce qui un jour pourrait devenir \u00ab\u00a0la f\u00eate nationale alsacienne\u00a0\u00bb esp\u00e8re G\u00e9rard Staedel. Des r\u00e9jouissances sans repli identitaire et sans fronti\u00e8res auxquelles s\u2019est associ\u00e9e plus tard dans la soir\u00e9e la nouvelle miss Alsace, <a href=\"https:\/\/www.dna.fr\/societe\/2025\/06\/27\/la-vie-en-rose-de-julie-decroix-sacree-miss-alsace-2025\" target=\"_blank\" rel=\"nofollow noopener\">Julie Decroix<\/a>.<\/p>\n","protected":false},"excerpt":{"rendered":"\u00ab\u00a0Les coiffes noires brod\u00e9es et avec des dentelles sont signes de richesse. Et puis vous avez les rouges&hellip;\n","protected":false},"author":2,"featured_media":209992,"comment_status":"","ping_status":"","sticky":false,"template":"","format":"standard","meta":{"footnotes":""},"categories":[2820],"tags":[1111,11,2389,1687,2880,1777,674,107,1011,27,5325,2798,775,12,2661,25,640,2879],"class_list":{"0":"post-209991","1":"post","2":"type-post","3":"status-publish","4":"format-standard","5":"has-post-thumbnail","7":"category-strasbourg","8":"tag-actu","9":"tag-actualites","10":"tag-alsace","11":"tag-culture-loisirs","12":"tag-edition-strasbourg","13":"tag-eu","14":"tag-europe","15":"tag-fil-info","16":"tag-fr","17":"tag-france","18":"tag-galerie-media","19":"tag-galerie-photo","20":"tag-grand-est","21":"tag-news","22":"tag-patrimoine-culturel","23":"tag-republique-francaise","24":"tag-strasbourg","25":"tag-strasbourg-ville"},"share_on_mastodon":{"url":"","error":""},"_links":{"self":[{"href":"https:\/\/www.europesays.com\/fr\/wp-json\/wp\/v2\/posts\/209991","targetHints":{"allow":["GET"]}}],"collection":[{"href":"https:\/\/www.europesays.com\/fr\/wp-json\/wp\/v2\/posts"}],"about":[{"href":"https:\/\/www.europesays.com\/fr\/wp-json\/wp\/v2\/types\/post"}],"author":[{"embeddable":true,"href":"https:\/\/www.europesays.com\/fr\/wp-json\/wp\/v2\/users\/2"}],"replies":[{"embeddable":true,"href":"https:\/\/www.europesays.com\/fr\/wp-json\/wp\/v2\/comments?post=209991"}],"version-history":[{"count":0,"href":"https:\/\/www.europesays.com\/fr\/wp-json\/wp\/v2\/posts\/209991\/revisions"}],"wp:featuredmedia":[{"embeddable":true,"href":"https:\/\/www.europesays.com\/fr\/wp-json\/wp\/v2\/media\/209992"}],"wp:attachment":[{"href":"https:\/\/www.europesays.com\/fr\/wp-json\/wp\/v2\/media?parent=209991"}],"wp:term":[{"taxonomy":"category","embeddable":true,"href":"https:\/\/www.europesays.com\/fr\/wp-json\/wp\/v2\/categories?post=209991"},{"taxonomy":"post_tag","embeddable":true,"href":"https:\/\/www.europesays.com\/fr\/wp-json\/wp\/v2\/tags?post=209991"}],"curies":[{"name":"wp","href":"https:\/\/api.w.org\/{rel}","templated":true}]}}