{"id":209999,"date":"2025-06-28T03:57:18","date_gmt":"2025-06-28T03:57:18","guid":{"rendered":"https:\/\/www.europesays.com\/fr\/209999\/"},"modified":"2025-06-28T03:57:18","modified_gmt":"2025-06-28T03:57:18","slug":"deux-bonnes-raisons-de-venir-a-megascene-festival-a-taille-humaine-et-eclectique-pres-de","status":"publish","type":"post","link":"https:\/\/www.europesays.com\/fr\/209999\/","title":{"rendered":"Deux bonnes raisons de venir \u00e0 Megasc\u00e8ne, festival \u00e0 taille humaine et \u00e9clectique, pr\u00e8s de"},"content":{"rendered":"<p>Malgr\u00e9 son nom, Megasc\u00e8ne n\u2019a pas la folie des grandeurs. Le festival de Saint-Colomban accueille quinze concerts ces vendredi\u00a027 et samedi 28\u00a0juin. Voici deux bonnes raisons d\u2019y aller.<\/p>\n<p><strong>Un festival \u00e0 taille humaine et un<\/strong> <strong>\u00a0public familial<\/strong><\/p>\n<p>Install\u00e9 \u00e0 Saint-Colomban, commune 3\u00a0500\u00a0habitants au sud de Nantes, le festival Megasc\u00e8ne, qui organise sa\u00a0trente-quatri\u00e8me \u00e9dition ces vendredi\u00a027 et samedi 28\u00a0juin, a r\u00e9duit sa jauge \u00e0 13\u00a0000\u00a0personnes apr\u00e8s avoir atteint jusqu\u2019\u00e0 16\u00a0000\u00a0festivaliers certaines ann\u00e9es. Une jauge qui permet \u00e0 l\u2019\u00e9quipe, qui a revu son organisation, notamment l\u2019arriv\u00e9e des v\u00e9hicules sur le site, d\u2019accueillir confortablement le public. Un public d\u2019ailleurs de plus en plus familial, avec \u00ab\u00a0<strong>au moins 500\u00a0enfants cette ann\u00e9e, plus que l\u2019an dernier\u00a0\u00bb,<\/strong> selon le pr\u00e9sident, Teddy Maussion.<\/p>\n<p>\t<img decoding=\"async\" src=\"https:\/\/www.europesays.com\/fr\/wp-content\/uploads\/2025\/06\/P35318357D6874710G_px_640_.jpg\" alt=\"photo hoshi, ici en lors du festival papillons de nuit, dans la manche en mai\u00a02024, fait figure de t\u00eate d\u2019affiche.  \u00a9  marc ollivier \/ ouest-france\" width=\"640\" title=\" Hoshi, ici en lors du festival Papillons de nuit, dans la Manche en mai\u00a02024, fait figure de t\u00eate d\u2019affiche.   Marc Ollivier \/ Ouest-France \"\/><\/p>\n<p class=\"elmt-legende\"> Hoshi, ici en lors du festival Papillons de nuit, dans la Manche en mai\u00a02024, fait figure de t\u00eate d\u2019affiche.   Marc Ollivier \/ Ouest-France <\/p>\n<p>Cela tient s\u00fbrement au fait qu\u2019il soit tr\u00e8s abordable (40\u00a0\u20ac la soir\u00e9e) mais aussi aux choix musicaux propos\u00e9s. <strong>\u00ab\u00a0Des t\u00eates d\u2019affiche comme la chanteuse Hoshi ou le groupe de reggae UB 40\u00a0contribuent \u00e0 attirer les familles\u00a0\u00bb,<\/strong> estime Teddy Maussion. Un espace recul\u00e9 et parsem\u00e9 de bottes de foin est d\u2019ailleurs propice \u00e0 accueillir ce public.<\/p>\n<p>Lire aussi : <a href=\"https:\/\/www.ouest-france.fr\/recherche\/#!r\/requete=megasc%C3%A8ne\" target=\"_blank\" rel=\"noopener\">Malgr\u00e9 un festival quasi 100 % autofinanc\u00e9, Megasc\u00e8ne subit les choix budg\u00e9taires de la R\u00e9gion<\/a><\/p>\n<p><strong>Un festival qui promeut l\u2019\u00e9clectisme et les jeunes talents<\/strong><\/p>\n<p>S\u2019il y a bien une chose que revendique depuis toujours le festival, c\u2019est l\u2019\u00e9clectisme. Cette ann\u00e9e encore, les organisateurs ont jou\u00e9 le jeu en invitant des artistes d\u2019univers musicaux tr\u00e8s vari\u00e9s. \u00c0 l\u2019affiche, des artistes venus du rap ou de l\u2019afrobeat (Nono la Grinta, Lancelot, Hugo TSR, Blaiz Fayah), de la pop (Jungeli ou Colt), de la chanson fran\u00e7aise (Hoshi) ou encore du rock (Dynamite Shakers).\u00a0Le choix du groupe de\u00a0m\u00e9tal industriel fran\u00e7ais, Mass Hysteria, a l\u2019affiche le premier soir, a s\u00fbrement attir\u00e9 un nouveau public. La musique \u00e9lectronique est aussi au rendez-vous avec Acid Arab, Asdek &amp; Ava Mind, ou encore Hilight Tribe, sans oublier la sc\u00e8ne reggae avec I woks et UB 40.<\/p>\n<p>\t<img decoding=\"async\" src=\"https:\/\/www.europesays.com\/fr\/wp-content\/uploads\/2025\/06\/P35318358D6874710G_px_640_.jpg\" alt=\"photo le groupe de touvois rime shot, vainqueur du tremplin megasc\u00e8ne en f\u00e9vrier, ouvrira la deuxi\u00e8me soir\u00e9e du festival.  \u00a9  ivan garand\" width=\"640\" title=\" Le groupe de Touvois Rime Shot, vainqueur du tremplin Megasc\u00e8ne en f\u00e9vrier, ouvrira la deuxi\u00e8me soir\u00e9e du festival.   Ivan Garand \"\/><\/p>\n<p class=\"elmt-legende\"> Le groupe de Touvois Rime Shot, vainqueur du tremplin Megasc\u00e8ne en f\u00e9vrier, ouvrira la deuxi\u00e8me soir\u00e9e du festival.   Ivan Garand <\/p>\n<p>L\u2019\u00e9quipe de Megasc\u00e8ne a \u00e9galement toujours eu \u00e0 c\u0153ur de promouvoir les jeunes talents. <a href=\"https:\/\/nantes.maville.com\/actu\/actudet_-festival-a-saint-colomban.-le-groupe-rime-shot-vainqueur-du-tremplin-megascene-_8-6690912_actu.Htm\" target=\"_self\" rel=\"noopener\">Rime Shot, le groupe de Touvois, vainqueur du tremplin du festival<\/a>, entre hip-Hop, soul, funk et rock, ouvrira la deuxi\u00e8me soir du festival. Ce sont aussi des groupes locaux (rap, punk, \u00e9lectro,\u00a0etc.) qui se relayent tout le week-end sur la sc\u00e8ne alternative propos\u00e9e chaque ann\u00e9e par l\u2019\u00e9quipe, \u00ab<strong>\u00a0le petit c\u00f4t\u00e9 underground\u00a0\u00bb<\/strong> revendiqu\u00e9 de Megasc\u00e8ne.<\/p>\n<p>Vendredi 27 juin, \u00e0 partir de 18\u00a0h 30, et samedi 28, \u00e0 partir de 17\u00a0h\u00a045, \u00e0 la Moucheti\u00e8re, \u00e0 Saint-Colomban, 41,03\u00a0e la soir\u00e9e, <a href=\"https:\/\/www.megascene.org\/billetterie\" target=\"_blank\" rel=\"noopener\">billeterie sur megascene.org<\/a>.<\/p>\n<p>\u00a0<\/p>\n","protected":false},"excerpt":{"rendered":"Malgr\u00e9 son nom, Megasc\u00e8ne n\u2019a pas la folie des grandeurs. Le festival de Saint-Colomban accueille quinze concerts ces&hellip;\n","protected":false},"author":2,"featured_media":210000,"comment_status":"","ping_status":"","sticky":false,"template":"","format":"standard","meta":{"footnotes":""},"categories":[2818],"tags":[1111,11,34920,34921,1777,674,849,1011,27,27606,34753,766,12,2636,3762,21708,25,4337,13129],"class_list":{"0":"post-209999","1":"post","2":"type-post","3":"status-publish","4":"format-standard","5":"has-post-thumbnail","7":"category-nantes","8":"tag-actu","9":"tag-actualites","10":"tag-bonnes","11":"tag-eclectique","12":"tag-eu","13":"tag-europe","14":"tag-festival","15":"tag-fr","16":"tag-france","17":"tag-humaine","18":"tag-megascene","19":"tag-nantes","20":"tag-news","21":"tag-pays-de-la-loire","22":"tag-pres","23":"tag-raisons","24":"tag-republique-francaise","25":"tag-taille","26":"tag-venir"},"share_on_mastodon":{"url":"","error":""},"_links":{"self":[{"href":"https:\/\/www.europesays.com\/fr\/wp-json\/wp\/v2\/posts\/209999","targetHints":{"allow":["GET"]}}],"collection":[{"href":"https:\/\/www.europesays.com\/fr\/wp-json\/wp\/v2\/posts"}],"about":[{"href":"https:\/\/www.europesays.com\/fr\/wp-json\/wp\/v2\/types\/post"}],"author":[{"embeddable":true,"href":"https:\/\/www.europesays.com\/fr\/wp-json\/wp\/v2\/users\/2"}],"replies":[{"embeddable":true,"href":"https:\/\/www.europesays.com\/fr\/wp-json\/wp\/v2\/comments?post=209999"}],"version-history":[{"count":0,"href":"https:\/\/www.europesays.com\/fr\/wp-json\/wp\/v2\/posts\/209999\/revisions"}],"wp:featuredmedia":[{"embeddable":true,"href":"https:\/\/www.europesays.com\/fr\/wp-json\/wp\/v2\/media\/210000"}],"wp:attachment":[{"href":"https:\/\/www.europesays.com\/fr\/wp-json\/wp\/v2\/media?parent=209999"}],"wp:term":[{"taxonomy":"category","embeddable":true,"href":"https:\/\/www.europesays.com\/fr\/wp-json\/wp\/v2\/categories?post=209999"},{"taxonomy":"post_tag","embeddable":true,"href":"https:\/\/www.europesays.com\/fr\/wp-json\/wp\/v2\/tags?post=209999"}],"curies":[{"name":"wp","href":"https:\/\/api.w.org\/{rel}","templated":true}]}}