{"id":210011,"date":"2025-06-28T04:03:37","date_gmt":"2025-06-28T04:03:37","guid":{"rendered":"https:\/\/www.europesays.com\/fr\/210011\/"},"modified":"2025-06-28T04:03:37","modified_gmt":"2025-06-28T04:03:37","slug":"la-passion-dagnes-b-pour-lart-urbain-sexpose-a-roubaix-2","status":"publish","type":"post","link":"https:\/\/www.europesays.com\/fr\/210011\/","title":{"rendered":"La passion d&rsquo;agn\u00e8s b. pour l&rsquo;art urbain s&rsquo;expose \u00e0 Roubaix"},"content":{"rendered":"<p>\n                                        <b>Par<\/b><br \/>\n                                        <br \/>AFP\n                                    <\/p>\n<p>\n                                    <b>Publi\u00e9 le<\/b><br \/>\n                                    <\/p>\n<p>                                        27 juin 2025<\/p>\n<p class=\"article-content col-md-8 offset-md-1\">\n                                Du mur au v\u00eatement: une exposition consacr\u00e9e \u00e0 agn\u00e8s b. s&rsquo;ouvre vendredi \u00e0 Roubaix (Nord), mettant en lumi\u00e8re le regard de la cr\u00e9atrice de mode sur l&rsquo;art urbain, et la fa\u00e7on dont elle le prolonge dans ses propres cr\u00e9ations.<\/p>\n<p><img decoding=\"async\" class=\"news-image\" style=\"width:100%;max-width:611px;\" src=\"https:\/\/www.europesays.com\/fr\/wp-content\/uploads\/2025\/06\/96d7.png\" alt=\"Des visiteurs de l'exposition 'On aime le graff !!' de la cr\u00e9atrice de mode fran\u00e7aise Agn\u00e8s Trouble, \u00e9galement connue pour sa marque de mode 'Agnes b.', au mus\u00e9e 'La Piscine' \u00e0 Roubaix, le 26 juin 2025 dans le Nord.\" loading=\"lazy\"\/>Des visiteurs de l&rsquo;exposition \u00ab\u00a0On aime le graff !!\u00a0\u00bb de la cr\u00e9atrice de mode fran\u00e7aise Agn\u00e8s Trouble, \u00e9galement connue pour sa marque de mode \u00ab\u00a0Agnes b.\u00a0\u00bb, au mus\u00e9e \u00ab\u00a0La Piscine\u00a0\u00bb \u00e0 Roubaix, le 26 juin 2025 dans le Nord. &#8211; AFP Sameer Al-DOUMY<\/p>\n<p>Intitul\u00e9e agn\u00e8s b. on aime le graff!!, l&rsquo;exposition au mus\u00e9e La Piscine de Roubaix, qui dure jusqu&rsquo;au 11 janvier, pr\u00e9sente les \u0153uvres de 29 artistes de street art, issues du fonds de dotation de la styliste, et des silhouettes imprim\u00e9es de ces cr\u00e9ations, transform\u00e9es en robes, chemisiers ou costumes par agn\u00e8s b.<\/p>\n<p>Sur 180 m\u00e8tres carr\u00e9s, les toiles des graffeurs JonOne, Futura 2000 ou encore Mambo se confondent avec des imprim\u00e9s de leurs motifs sur des mannequins \u00e0 proximit\u00e9, provoquant un effet trompe-l&rsquo;\u0153il entre l&rsquo;\u0153uvre d&rsquo;art et le v\u00eatement.<\/p>\n<p class=\"col-md-8 offset-md-1 article-content--texte\">Certaines pi\u00e8ces, comme un bustier agn\u00e8s b. directement peint par Dominique Fury, brouillent encore davantage la fronti\u00e8re entre la toile et l&rsquo;habit.<\/p>\n<p>Sur un mur de la salle d&rsquo;exposition, comme un graffiti g\u00e9ant, sont aussi expos\u00e9s les c\u00e9l\u00e8bres T-shirts de la cr\u00e9atrice issus de collaborations avec des artistes.<\/p>\n<p>\u00ab\u00a0agn\u00e8s b. a toujours cherch\u00e9 \u00e0 abolir la fronti\u00e8re entre la galerie et le v\u00eatement: chez elle, la personne peut s&rsquo;approprier l&rsquo;\u0153uvre par son habit, et la faire d\u00e9filer dans la rue, la mettre en mouvement\u00a0\u00bb, explique <a class=\"fnwAddLinks\" href=\"https:\/\/ch.fashionnetwork.com\/tags-morgan\" title=\"Morgan\" rel=\"nofollow noopener\" target=\"_blank\">Morgan<\/a> Jan, responsable Patrimoine et Archives chez agn\u00e8s b.<\/p>\n<p>De son vrai nom Agn\u00e8s Troubl\u00e9, agn\u00e8s b., 83 ans, est connue pour sa marque au style sobre et se voulant intemporel.<\/p>\n<p>\u00c9galement galeriste, collectionneuse, m\u00e9c\u00e8ne et photographe, agn\u00e8s b. a \u00e9t\u00e9 s\u00e9duite par l&rsquo;art urbain, art vivant et furtif par excellence, d\u00e8s le d\u00e9but des ann\u00e9es 1980.<\/p>\n<p>En 1984, elle ouvre ainsi la Galerie du Jour \u00e0 Paris, dans laquelle ont \u00e9t\u00e9 expos\u00e9s de nombreux artistes du street art comme Blek le rat, Jeff A\u00e9rosol ou Miss. Tic.<\/p>\n<p>Depuis 2020, agn\u00e8s b. continue d&rsquo;offrir un lieu d&rsquo;exposition aux artistes de street art \u00e0 La <a class=\"fnwAddLinks\" href=\"https:\/\/ch.fashionnetwork.com\/tags-fab\" title=\"Fab\" rel=\"nofollow noopener\" target=\"_blank\">Fab<\/a>, dans le 13e arrondissement de Paris.<\/p>\n<p>Roubaix, 26 juin 2025<br \/>AFP<br \/>\u00a0\n                            <\/p>\n<p>\n                                Tous droits de reproduction et de repr\u00e9sentation r\u00e9serv\u00e9s.<br \/>\u00a9 2025 Agence France-Presse<br \/>Toutes les informations reproduites dans cette rubrique (ou sur cette page selon le cas) sont prot\u00e9g\u00e9es par des droits de propri\u00e9t\u00e9 intellectuelle d\u00e9tenus par l&rsquo;AFP. Par cons\u00e9quent, aucune de ces informations ne peut \u00eatre reproduite, modifi\u00e9e, rediffus\u00e9e, traduite, exploit\u00e9e commercialement ou r\u00e9utilis\u00e9e de quelque mani\u00e8re que ce soit sans l&rsquo;accord pr\u00e9alable \u00e9crit de l&rsquo;AFP. L&rsquo;AFP ne pourra \u00eatre tenue pour responsable des d\u00e9lais, erreurs, omissions qui ne peuvent \u00eatre exclus, ni des cons\u00e9quences des actions ou transactions effectu\u00e9es sur la base de ces informations.\n                            <\/p>\n","protected":false},"excerpt":{"rendered":"Par AFP Publi\u00e9 le 27 juin 2025 Du mur au v\u00eatement: une exposition consacr\u00e9e \u00e0 agn\u00e8s b. s&rsquo;ouvre&hellip;\n","protected":false},"author":2,"featured_media":210012,"comment_status":"","ping_status":"","sticky":false,"template":"","format":"standard","meta":{"footnotes":""},"categories":[2815],"tags":[1111,11,34922,2424,537,2423,1777,674,34924,1011,27,811,1307,2425,985,34923,12,2298,2426,2427,25,2421,2422],"class_list":{"0":"post-210011","1":"post","2":"type-post","3":"status-publish","4":"format-standard","5":"has-post-thumbnail","7":"category-lille","8":"tag-actu","9":"tag-actualites","10":"tag-agnes-b","11":"tag-beaute","12":"tag-contact","13":"tag-cosmetiques","14":"tag-eu","15":"tag-europe","16":"tag-fab","17":"tag-fr","18":"tag-france","19":"tag-hauts-de-france","20":"tag-lille","21":"tag-luxe","22":"tag-mode","23":"tag-morgan","24":"tag-news","25":"tag-parfum","26":"tag-professionnel","27":"tag-professionnels","28":"tag-republique-francaise","29":"tag-reseau","30":"tag-textile"},"share_on_mastodon":{"url":"","error":""},"_links":{"self":[{"href":"https:\/\/www.europesays.com\/fr\/wp-json\/wp\/v2\/posts\/210011","targetHints":{"allow":["GET"]}}],"collection":[{"href":"https:\/\/www.europesays.com\/fr\/wp-json\/wp\/v2\/posts"}],"about":[{"href":"https:\/\/www.europesays.com\/fr\/wp-json\/wp\/v2\/types\/post"}],"author":[{"embeddable":true,"href":"https:\/\/www.europesays.com\/fr\/wp-json\/wp\/v2\/users\/2"}],"replies":[{"embeddable":true,"href":"https:\/\/www.europesays.com\/fr\/wp-json\/wp\/v2\/comments?post=210011"}],"version-history":[{"count":0,"href":"https:\/\/www.europesays.com\/fr\/wp-json\/wp\/v2\/posts\/210011\/revisions"}],"wp:featuredmedia":[{"embeddable":true,"href":"https:\/\/www.europesays.com\/fr\/wp-json\/wp\/v2\/media\/210012"}],"wp:attachment":[{"href":"https:\/\/www.europesays.com\/fr\/wp-json\/wp\/v2\/media?parent=210011"}],"wp:term":[{"taxonomy":"category","embeddable":true,"href":"https:\/\/www.europesays.com\/fr\/wp-json\/wp\/v2\/categories?post=210011"},{"taxonomy":"post_tag","embeddable":true,"href":"https:\/\/www.europesays.com\/fr\/wp-json\/wp\/v2\/tags?post=210011"}],"curies":[{"name":"wp","href":"https:\/\/api.w.org\/{rel}","templated":true}]}}