{"id":210019,"date":"2025-06-28T04:07:08","date_gmt":"2025-06-28T04:07:08","guid":{"rendered":"https:\/\/www.europesays.com\/fr\/210019\/"},"modified":"2025-06-28T04:07:08","modified_gmt":"2025-06-28T04:07:08","slug":"pres-de-lyon-un-boa-de-25-metres-sechappe-le-serpent-recherche-dans-ces-communes","status":"publish","type":"post","link":"https:\/\/www.europesays.com\/fr\/210019\/","title":{"rendered":"Pr\u00e8s de Lyon. Un boa de 2,5 m\u00e8tres s&rsquo;\u00e9chappe, le serpent recherch\u00e9 dans ces communes"},"content":{"rendered":"<p>            Par<br \/>\n        <strong><br \/>\n            <a href=\"https:\/\/actu.fr\/auteur\/redaction-lyon\" title=\"Consulter tous les articles de R\u00e9daction Lyon\" rel=\"nofollow noopener\" target=\"_blank\">R\u00e9daction Lyon<\/a><br \/>\n        <\/strong><\/p>\n<p>        Publi\u00e9 le<\/p>\n<p>            28 juin 2025 \u00e0 6h02        <\/p>\n<p>Mais o\u00f9 se trouve ce <strong>boa g\u00e9ant de 2,5 m\u00e8tres<\/strong> qui s\u2019est \u00e9chapp\u00e9 de son terrarium dans un logement d\u2019Irigny (Rh\u00f4ne), dans la m\u00e9tropole de <a href=\"https:\/\/actu.fr\/auvergne-rhone-alpes\/lyon_69123\" rel=\"nofollow noopener\" target=\"_blank\">Lyon<\/a> ? Son propri\u00e9taire a perdu l\u2019animal ce vendredi 27 juin 2025 vers 10h.\u00a0<\/p>\n<p class=\" wall-content\">Les gendarmes ont \u00e9t\u00e9 pr\u00e9venus. Ils ont lanc\u00e9 un appel \u00e0 t\u00e9moins sur les r\u00e9seaux sociaux. Il s\u2019agit d\u2019un Boa constricteur non identifi\u00e9, mesurant 2m50 \u00ab\u00a0susceptible de se trouver dans le secteur d\u2019Yvours \u00e0 Irigny\u00a0\u00bb dans le sud lyonnais.\u00a0<\/p>\n<p>    <a href=\"https:\/\/www.google.com\/maps\/embed?pb=!1m18!1m12!1m3!1d118820.1125543561!2d4.77421843645402!3d45.68695019284951!2m3!1f0!2f0!3f0!3m2!1i1024!2i768!4f13.1!3m3!1m2!1s0x47f4e85eace8d473%3A0xa40fa5f1117038!2s69540%20Irigny!5e1!3m2!1sfr!2sfr!4v1751056456835!5m2!1sfr!2sfr\" title=\"Ouvrie le lien\" rel=\"nofollow noopener\" target=\"_blank\">Cliquez ici pour visualiser le contenu<\/a><\/p>\n<p>Pas forc\u00e9ment dangereux pour l\u2019homme<\/p>\n<p class=\" wall-content\">Le boa constricteur (ou boa constrictor) n\u2019est g\u00e9n\u00e9ralement pas dangereux pour l\u2019humain mais il faut prendre quelques pr\u00e9cautions. Le boa constricteur tue ses proies par constriction (il les \u00e9touffe en les enserrant), pas par venin. C\u2019est un serpent g\u00e9n\u00e9ralement docile, surtout en captivit\u00e9.<\/p>\n<p class=\" wall-content\">Il peut mesurer entre 2 et 4 m\u00e8tres \u00e0 l\u2019\u00e2ge adulte (parfois plus), ce qui le rend potentiellement dangereux pour de petits animaux, voire pour un humain dans de tr\u00e8s rares cas, surtout s\u2019il se sent menac\u00e9 ou est manipul\u00e9 de mani\u00e8re incorrecte. Des morsures peuvent survenir si l\u2019animal est stress\u00e9, affam\u00e9 ou mal manipul\u00e9. Mais ces morsures sont rarement graves.<\/p>\n<p class=\" wall-content\">Le boa constricteur n\u2019est pas consid\u00e9r\u00e9 comme un serpent dangereux pour l\u2019humain moyen, surtout s\u2019il est bien entretenu. Mais, comme tout animal puissant, il demande du respect et une manipulation prudente.<\/p>\n<p>La gendarmerie du Rh\u00f4ne demande d\u2019\u00eatre contact\u00e9e si vous croisez l\u2019animal : 04 78 50 30 33, ou appeler les pompiers au 18.<\/p>\n<p class=\" wall-content\">Suivez toute l\u2019actualit\u00e9 de vos villes et m\u00e9dias favoris en vous inscrivant \u00e0 <a href=\"https:\/\/moncompte.actu.fr\" title=\"D\u00e9couvez Mon Actu\" rel=\"nofollow noopener\" data-trk=\"{&quot;cta&quot;:{&quot;action&quot;:&quot;https:\\\/\\\/moncompte.actu.fr&quot;,&quot;category&quot;:&quot;mon compte&quot;,&quot;from&quot;:&quot;article footer&quot;,&quot;name&quot;:&quot;Mon actu&quot;,&quot;type&quot;:&quot;cta&quot;}}\" target=\"_blank\">Mon Actu<\/a>.<\/p>\n","protected":false},"excerpt":{"rendered":"Par R\u00e9daction Lyon Publi\u00e9 le 28 juin 2025 \u00e0 6h02 Mais o\u00f9 se trouve ce boa g\u00e9ant de&hellip;\n","protected":false},"author":2,"featured_media":210020,"comment_status":"","ping_status":"","sticky":false,"template":"","format":"standard","meta":{"footnotes":""},"categories":[1889],"tags":[1111,11,1867,2430,1777,674,1011,27,3381,2428,12,25,104],"class_list":{"0":"post-210019","1":"post","2":"type-post","3":"status-publish","4":"format-standard","5":"has-post-thumbnail","7":"category-lyon","8":"tag-actu","9":"tag-actualites","10":"tag-animaux","11":"tag-auvergne-rhone-alpes","12":"tag-eu","13":"tag-europe","14":"tag-fr","15":"tag-france","16":"tag-gendarmerie","17":"tag-lyon","18":"tag-news","19":"tag-republique-francaise","20":"tag-societe"},"share_on_mastodon":{"url":"","error":""},"_links":{"self":[{"href":"https:\/\/www.europesays.com\/fr\/wp-json\/wp\/v2\/posts\/210019","targetHints":{"allow":["GET"]}}],"collection":[{"href":"https:\/\/www.europesays.com\/fr\/wp-json\/wp\/v2\/posts"}],"about":[{"href":"https:\/\/www.europesays.com\/fr\/wp-json\/wp\/v2\/types\/post"}],"author":[{"embeddable":true,"href":"https:\/\/www.europesays.com\/fr\/wp-json\/wp\/v2\/users\/2"}],"replies":[{"embeddable":true,"href":"https:\/\/www.europesays.com\/fr\/wp-json\/wp\/v2\/comments?post=210019"}],"version-history":[{"count":0,"href":"https:\/\/www.europesays.com\/fr\/wp-json\/wp\/v2\/posts\/210019\/revisions"}],"wp:featuredmedia":[{"embeddable":true,"href":"https:\/\/www.europesays.com\/fr\/wp-json\/wp\/v2\/media\/210020"}],"wp:attachment":[{"href":"https:\/\/www.europesays.com\/fr\/wp-json\/wp\/v2\/media?parent=210019"}],"wp:term":[{"taxonomy":"category","embeddable":true,"href":"https:\/\/www.europesays.com\/fr\/wp-json\/wp\/v2\/categories?post=210019"},{"taxonomy":"post_tag","embeddable":true,"href":"https:\/\/www.europesays.com\/fr\/wp-json\/wp\/v2\/tags?post=210019"}],"curies":[{"name":"wp","href":"https:\/\/api.w.org\/{rel}","templated":true}]}}