{"id":210029,"date":"2025-06-28T04:13:14","date_gmt":"2025-06-28T04:13:14","guid":{"rendered":"https:\/\/www.europesays.com\/fr\/210029\/"},"modified":"2025-06-28T04:13:14","modified_gmt":"2025-06-28T04:13:14","slug":"lignes-3-et-14-rer-c-les-perturbations-du-week-end-des-28-et-29-juin","status":"publish","type":"post","link":"https:\/\/www.europesays.com\/fr\/210029\/","title":{"rendered":"Lignes 3 et 14, RER\u00a0C\u2026 Les perturbations du week-end des 28 et 29\u00a0juin"},"content":{"rendered":"<p class=\"paragraph text_align_left lp-f-body-02\">Quelques lignes de train et de m\u00e9tro sont perturb\u00e9es par des travaux ce week-end. Notez par ailleurs qu\u2019\u00e0 Paris, la circulation automobile sera aussi redirig\u00e9e en raison de la <a href=\"https:\/\/www.leparisien.fr\/paris-75\/marche-des-fiertes-paris-centre-devoile-une-carte-pour-deambuler-sur-les-traces-des-memoires-lgbtqia-27-06-2025-MXIVDOEKNVHENAAJ3T3H2QOHJE.php\" target=\"_blank\" rel=\"noreferrer nofollow noopener\">Marche des fiert\u00e9s<\/a>. Celle-ci se tient samedi 28 juin du Palais royal (Paris Centre) \u00e0 la place de la Nation, de 12 heures \u00e0 23 heures.<\/p>\n<p class=\"paragraph text_align_left lp-f-body-02\">\u00ab \u00c0 cette occasion, la circulation de tous les v\u00e9hicules est interdite dans un p\u00e9rim\u00e8tre fix\u00e9 par arr\u00eat\u00e9 dans plusieurs voies de Paris Centre, du XIe et du XIIe arrondissement, d\u00e8s 8 heures et jusqu\u2019\u00e0 22h30, et sur l\u2019avenue du Tr\u00f4ne (XIIe) jusqu\u2019\u00e0 dimanche matin 9 heures \u00bb.<\/p>\n<p>M\u00e9tro<\/p>\n<p class=\"paragraph text_align_left lp-f-body-02\"><b>Ligne 3. <\/b>\u00c0 partir de samedi 28 juin et jusqu\u2019au 3 ao\u00fbt, le m\u00e9tro est stopp\u00e9 entre Op\u00e9ra et Gallieni. Des bus de remplacement relient R\u00e9publique \u00e0 Gallieni pendant ces cinq semaines. Lors de cette coupure, \u00ab des travaux de r\u00e9novation en tunnel situ\u00e9s entre les stations Bourse et Quatre Septembre et les stations R\u00e9aumur S\u00e9bastopol et Sentier \u00bb sont men\u00e9s par la RATP. De m\u00eame que des travaux de \u00ab cr\u00e9ation d\u2019une aire de nettoyage patrimoniale et d\u2019un centre de nettoyage des trains \u00e0 la station Gallieni \u00bb.<\/p>\n<p class=\"paragraph text_align_left lp-f-body-02\"><b>Ligne 14.<\/b> Fermeture en vue ce dimanche 29 juin, sur toute la ligne. Des bus de remplacement circuleront entre Gare de Lyon et Olympiades. Il s\u2019agit de la derni\u00e8re journ\u00e9e de fermeture compl\u00e8te, avant celles pr\u00e9vues du 4 au 8 ao\u00fbt.<\/p>\n<p>RER et Transilien<\/p>\n<p class=\"paragraph text_align_left lp-f-body-02\"><b>RER C.<\/b> Samedi 28 juin, quelques suppressions de trains sont \u00e0 pr\u00e9voir sur l\u2019axe Paris-Austerlitz &#8211; Orly. Motif annonc\u00e9 par la SNCF : des \u00ab difficult\u00e9s li\u00e9es \u00e0 un manque de personnel \u00bb. De 23h50 jusqu\u2019en fin de soir\u00e9e, samedi et dimanche, le trafic est interrompu de la station Invalides \u00e0 Versailles Ch\u00e2teau Rive Gauche. Le dernier train au d\u00e9part d\u2019Invalides est \u00e0 23h33.<\/p>\n<p class=\"paragraph text_align_left lp-f-body-02\"><b>RER D.<\/b> Les trains ne roulent pas entre Creil et Orry-la-Ville, samedi et dimanche. Un service de bus de remplacement est mis en place, avec desserte des gares interm\u00e9diaires.<\/p>\n<p class=\"paragraph text_align_left lp-f-body-02\"><b>RER E. <\/b>Le trafic est \u00ab perturb\u00e9 \u00bb samedi sur l\u2019axe Nanterre-La-Folie &#8211; Chelles Gournay et \u00ab l\u00e9g\u00e8rement perturb\u00e9 \u00bb sur l\u2019axe Nanterre-La-Folie &#8211; Villiers-sur-Marne.<\/p>\n<p class=\"paragraph text_align_left lp-f-body-02\"><b>Ligne P.<\/b> Samedi, des ralentissements sont pr\u00e9vus sur l\u2019axe Paris-Est &#8211; Meaux.<\/p>\n<p><\/p>\n","protected":false},"excerpt":{"rendered":"Quelques lignes de train et de m\u00e9tro sont perturb\u00e9es par des travaux ce week-end. Notez par ailleurs qu\u2019\u00e0&hellip;\n","protected":false},"author":2,"featured_media":210030,"comment_status":"","ping_status":"","sticky":false,"template":"","format":"standard","meta":{"footnotes":""},"categories":[1888],"tags":[11,1777,674,1011,27,1944,12,626,25,2382],"class_list":{"0":"post-210029","1":"post","2":"type-post","3":"status-publish","4":"format-standard","5":"has-post-thumbnail","7":"category-paris","8":"tag-actualites","9":"tag-eu","10":"tag-europe","11":"tag-fr","12":"tag-france","13":"tag-ma-ville","14":"tag-news","15":"tag-paris","16":"tag-republique-francaise","17":"tag-transport-idf-oise"},"share_on_mastodon":{"url":"https:\/\/pubeurope.com\/@fr\/114759047770842344","error":""},"_links":{"self":[{"href":"https:\/\/www.europesays.com\/fr\/wp-json\/wp\/v2\/posts\/210029","targetHints":{"allow":["GET"]}}],"collection":[{"href":"https:\/\/www.europesays.com\/fr\/wp-json\/wp\/v2\/posts"}],"about":[{"href":"https:\/\/www.europesays.com\/fr\/wp-json\/wp\/v2\/types\/post"}],"author":[{"embeddable":true,"href":"https:\/\/www.europesays.com\/fr\/wp-json\/wp\/v2\/users\/2"}],"replies":[{"embeddable":true,"href":"https:\/\/www.europesays.com\/fr\/wp-json\/wp\/v2\/comments?post=210029"}],"version-history":[{"count":0,"href":"https:\/\/www.europesays.com\/fr\/wp-json\/wp\/v2\/posts\/210029\/revisions"}],"wp:featuredmedia":[{"embeddable":true,"href":"https:\/\/www.europesays.com\/fr\/wp-json\/wp\/v2\/media\/210030"}],"wp:attachment":[{"href":"https:\/\/www.europesays.com\/fr\/wp-json\/wp\/v2\/media?parent=210029"}],"wp:term":[{"taxonomy":"category","embeddable":true,"href":"https:\/\/www.europesays.com\/fr\/wp-json\/wp\/v2\/categories?post=210029"},{"taxonomy":"post_tag","embeddable":true,"href":"https:\/\/www.europesays.com\/fr\/wp-json\/wp\/v2\/tags?post=210029"}],"curies":[{"name":"wp","href":"https:\/\/api.w.org\/{rel}","templated":true}]}}