{"id":210039,"date":"2025-06-28T04:18:10","date_gmt":"2025-06-28T04:18:10","guid":{"rendered":"https:\/\/www.europesays.com\/fr\/210039\/"},"modified":"2025-06-28T04:18:10","modified_gmt":"2025-06-28T04:18:10","slug":"un-fonctionnaire-monnayait-des-regularisations-de-demandeurs-dasile","status":"publish","type":"post","link":"https:\/\/www.europesays.com\/fr\/210039\/","title":{"rendered":"un fonctionnaire monnayait des r\u00e9gularisations de demandeurs d\u2019asile"},"content":{"rendered":"<p style=\"text-align: justify;\">Imran Mulla, 39 ans, agent ex\u00e9cutif au sein du minist\u00e8re de l\u2019Int\u00e9rieur \u00e0 Manchester, a \u00e9t\u00e9 condamn\u00e9 \u00e0 quatre ans et demi de prison par la Preston Crown Court pour avoir accept\u00e9 de l\u2019argent en \u00e9change de la r\u00e9gularisation de demandeurs d\u2019asile. Selon des informations rapport\u00e9es par la BBC et le Daily Mail le 24 juin, il a reconnu sa culpabilit\u00e9 pour complot en vue d\u2019aider \u00e0 l\u2019immigration ill\u00e9gale, acc\u00e8s non autoris\u00e9 \u00e0 du mat\u00e9riel informatique, et trois chefs de corruption.<\/p>\n<p style=\"text-align: justify;\">Ce fonctionnaire, pourtant form\u00e9 \u00e0 la s\u00e9curit\u00e9 informatique, \u00e0 la protection des donn\u00e9es et \u00e0 la lutte contre la fraude, a abus\u00e9 de son acc\u00e8s aux fichiers internes pour contacter personnellement des demandeurs d\u2019asile.<\/p>\n<p><img fetchpriority=\"high\" decoding=\"async\" class=\"image-ldeCw fitImage-ejVJJ\" src=\"data:image\/svg+xml,%3Csvg%20xmlns=\" http:=\"\" alt=\"\" width=\"376\" height=\"501\" data-lazy-src=\"https:\/\/www.europesays.com\/fr\/wp-content\/uploads\/2025\/06\/99666125-14841513-image-a-2_1750758293414.jpg\"\/><\/p>\n<p class=\"wp-caption-text\">Imran Mulla, fonctionnaire du minsit\u00e8re britannique de l\u2019Int\u00e9rieur. Source : Daily Mail\/Lancashire Police<\/p>\n<p><strong>3 500 livres contre un statut l\u00e9gal<\/strong><\/p>\n<p style=\"text-align: justify;\">Parmi ses victimes figure Nural Amin Begh, un ressortissant bangladais de 23 ans dont la demande d\u2019asile avait \u00e9t\u00e9 rejet\u00e9e le 15 f\u00e9vrier 2024. D\u00e8s le lendemain, Imran Mulla a r\u00e9cup\u00e9r\u00e9 ses coordonn\u00e9es via les syst\u00e8mes du minist\u00e8re. Le 21 f\u00e9vrier, Begh lui transf\u00e9rait 1 500 livres sterling, premier versement d\u2019un total de 3 500 livres. Le 13 mars, Imran Mulla s\u2019attribuait lui-m\u00eame le dossier de Begh et lui accordait l\u2019asile, en violation flagrante des proc\u00e9dures internes.<\/p>\n<p style=\"text-align: justify;\">\u00ab Imran Mulla occupait un poste de confiance au sein de l\u2019\u00e9quipe charg\u00e9e des demandes d\u2019asile au minist\u00e8re de l\u2019Int\u00e9rieur. Il a abus\u00e9 de cette confiance pour se remplir les poches en proposant de modifier l\u2019issue des demandes d\u2019asile contre de l\u2019argent \u00bb, a d\u00e9clar\u00e9 Frances Killeen, procureur du Crown Prosecution Service North West.<\/p>\n<p><strong>\u00c9chec d\u2019une deuxi\u00e8me tentative et syst\u00e8me fragilis\u00e9<\/strong><\/p>\n<p style=\"text-align: justify;\">\u00c0 la m\u00eame p\u00e9riode, Imran Mulla a tent\u00e9 une seconde extorsion : il a contact\u00e9 un ressortissant turc sous un faux nom, lui annon\u00e7ant que sa demande risquait d\u2019\u00eatre rejet\u00e9e, mais qu\u2019il pouvait \u00ab aider \u00bb moyennant 2 000 livres sterling. L\u2019homme a imm\u00e9diatement alert\u00e9 son avocat sp\u00e9cialis\u00e9 en droit de l\u2019immigration. Imran Mulla a \u00e9t\u00e9 arr\u00eat\u00e9 le 19 mars 2024. Il a gard\u00e9 le silence lors de ses interrogatoires, mais a continu\u00e9 \u00e0 recevoir des virements de Nural Amin Begh pendant l\u2019enqu\u00eate.<\/p>\n<p style=\"text-align: justify;\">Nural Amin Begh a \u00e9t\u00e9 condamn\u00e9 \u00e0 18 mois de prison apr\u00e8s avoir plaid\u00e9 coupable le 9 juin 2025 \u00e0 deux chefs de corruption et \u00e0 une complicit\u00e9 d\u2019aide \u00e0 l\u2019immigration ill\u00e9gale. Aucune r\u00e9action officielle n\u2019a encore \u00e9t\u00e9 publi\u00e9e par le minist\u00e8re de l\u2019Int\u00e9rieur.<\/p>\n<p style=\"text-align: justify;\">Si un seul agent peut ainsi manipuler \u00e0 sa guise les d\u00e9cisions d\u2019asile, c\u2019est toute l\u2019int\u00e9grit\u00e9 du syst\u00e8me migratoire britannique qui se trouve remise en cause. Une situation qui n\u2019a rien de rassurant pour l\u2019avenir.<\/p>\n<p style=\"text-align: justify;\">Cr\u00e9dit photo : DR (photo d\u2019illustration)<br \/>[cc] Breizh-info.com, 2025, d\u00e9p\u00eaches libres de copie et de diffusion sous r\u00e9serve de mention et de lien vers la source d\u2019origine<\/p>\n","protected":false},"excerpt":{"rendered":"Imran Mulla, 39 ans, agent ex\u00e9cutif au sein du minist\u00e8re de l\u2019Int\u00e9rieur \u00e0 Manchester, a \u00e9t\u00e9 condamn\u00e9 \u00e0&hellip;\n","protected":false},"author":2,"featured_media":210040,"comment_status":"","ping_status":"","sticky":false,"template":"","format":"standard","meta":{"footnotes":""},"categories":[1588],"tags":[11,1770,19046,1777,674,12,34925,473,1853,1851,1850,1852],"class_list":{"0":"post-210039","1":"post","2":"type-post","3":"status-publish","4":"format-standard","5":"has-post-thumbnail","7":"category-royaume-uni","8":"tag-actualites","9":"tag-corruption","10":"tag-demandeurs-dasile","11":"tag-eu","12":"tag-europe","13":"tag-news","14":"tag-regularisation","15":"tag-royaume-uni","16":"tag-royaume-uni-de-grande-bretagne-et-dirlande-du-nord","17":"tag-uk","18":"tag-united-kingdom","19":"tag-united-kingdom-of-great-britain-and-northern-ireland"},"share_on_mastodon":{"url":"https:\/\/pubeurope.com\/@fr\/114759067517916321","error":""},"_links":{"self":[{"href":"https:\/\/www.europesays.com\/fr\/wp-json\/wp\/v2\/posts\/210039","targetHints":{"allow":["GET"]}}],"collection":[{"href":"https:\/\/www.europesays.com\/fr\/wp-json\/wp\/v2\/posts"}],"about":[{"href":"https:\/\/www.europesays.com\/fr\/wp-json\/wp\/v2\/types\/post"}],"author":[{"embeddable":true,"href":"https:\/\/www.europesays.com\/fr\/wp-json\/wp\/v2\/users\/2"}],"replies":[{"embeddable":true,"href":"https:\/\/www.europesays.com\/fr\/wp-json\/wp\/v2\/comments?post=210039"}],"version-history":[{"count":0,"href":"https:\/\/www.europesays.com\/fr\/wp-json\/wp\/v2\/posts\/210039\/revisions"}],"wp:featuredmedia":[{"embeddable":true,"href":"https:\/\/www.europesays.com\/fr\/wp-json\/wp\/v2\/media\/210040"}],"wp:attachment":[{"href":"https:\/\/www.europesays.com\/fr\/wp-json\/wp\/v2\/media?parent=210039"}],"wp:term":[{"taxonomy":"category","embeddable":true,"href":"https:\/\/www.europesays.com\/fr\/wp-json\/wp\/v2\/categories?post=210039"},{"taxonomy":"post_tag","embeddable":true,"href":"https:\/\/www.europesays.com\/fr\/wp-json\/wp\/v2\/tags?post=210039"}],"curies":[{"name":"wp","href":"https:\/\/api.w.org\/{rel}","templated":true}]}}