{"id":210050,"date":"2025-06-28T04:24:13","date_gmt":"2025-06-28T04:24:13","guid":{"rendered":"https:\/\/www.europesays.com\/fr\/210050\/"},"modified":"2025-06-28T04:24:13","modified_gmt":"2025-06-28T04:24:13","slug":"retour-des-temperatures-caniculaires-a-paris-et-en-ile-de-france-avant-de-nouveaux-orages","status":"publish","type":"post","link":"https:\/\/www.europesays.com\/fr\/210050\/","title":{"rendered":"retour des temp\u00e9ratures caniculaires \u00e0 Paris et en \u00cele-de-France avant de nouveaux orages"},"content":{"rendered":"<p>            Par<br \/>\n        <strong><br \/>\n            <a href=\"https:\/\/actu.fr\/auteur\/redaction-paris\" title=\"Consulter tous les articles de R\u00e9daction Paris\" rel=\"nofollow noopener\" target=\"_blank\">R\u00e9daction Paris<\/a><br \/>\n        <\/strong><\/p>\n<p>        Publi\u00e9 le<\/p>\n<p>            28 juin 2025 \u00e0 6h08        <\/p>\n<p>Un r\u00e9pit de courte dur\u00e9e. Apr\u00e8s les <a href=\"https:\/\/actu.fr\/ile-de-france\/paris_75056\/video-arbres-arraches-metro-inonde-un-orage-dantesque-s-abat-sur-paris-les-degats-deja-nombreux_62826681.html\" rel=\"nofollow noopener\" target=\"_blank\">orages dantesques<\/a> \u00e0 Paris et en \u00cele-de-France, suivis d\u2019une l\u00e9g\u00e8re baisse des temp\u00e9ratures, celles-ci vont reprendre leur progression pour s\u2019approcher des 40\u00b0C dans les prochains jours. Des temp\u00e9ratures qui risquent d\u2019\u00eatre difficilement supportables et qui pourraient \u00eatre suivies de nouveaux <a href=\"https:\/\/actu.fr\/tag\/orages\" rel=\"nofollow noopener\" target=\"_blank\">orages<\/a> selon les pr\u00e9visions de <a href=\"https:\/\/actu.fr\/tag\/meteo-france\" rel=\"nofollow noopener\" target=\"_blank\">M\u00e9t\u00e9o-France<\/a>.\u00a0<\/p>\n<p>La chaleur monte d\u2019un cran dimanche \u00e0 Paris et en \u00cele-de-France<\/p>\n<p class=\" wall-content\">Samedi, les fortes chaleurs gagnent plus au nord, jusqu\u2019au sud Bretagne, l\u2019\u00cele-de-France, le Grand-Est. Elles s\u2019accentuent autour de la M\u00e9diterran\u00e9e, o\u00f9 les temp\u00e9ratures peuvent approcher les 40 \u00b0C par endroits, en Corse et dans la vall\u00e9e du Rh\u00f4ne. Dans le Sud-Ouest, les maximales fr\u00f4lent ou atteignent les 35 \u00b0C localement.<\/p>\n<p class=\" wall-content\">A Paris, sous un soleil g\u00e9n\u00e9reux, il devrait faire 29\u00b0C en d\u00e9but d\u2019apr\u00e8s-midi et jusqu\u2019\u00e0 32\u00b0C ensuite.\u00a0<\/p>\n<p class=\" wall-content\">Dimanche, la chaleur monte encore d\u2019un cran avec des maximales et minimales encore \u00e0 la hausse. Les 35 \u00b0C sont atteints ou d\u00e9pass\u00e9s sur de nombreuses r\u00e9gions, jusqu\u2019aux Pays-de-la-Loire, l\u2019\u00cele-de-France et le Grand-Est. Les 40 \u00b0C sont encore approch\u00e9s localement sur le pourtour m\u00e9diterran\u00e9en. 33\u00b0C sont attendus \u00e0 Paris avec un ressenti de pr\u00e8s de 40\u00b0C.\u00a0<\/p>\n<p class=\" wall-content\">Lundi, il ne fera pas moins de 22\u00b0C dans la capitale et on devrait atteindre les 36\/37\u00b0C dans la journ\u00e9e. Et ce n\u2019est pas fini car le mercure pourrait atteindre les 39\u00b0C le lendemain.\u00a0<\/p>\n<p>Vid\u00e9os : en ce moment sur Actu<br \/>\n    <img   decoding=\"async\" loading=\"lazy\" src=\"https:\/\/www.europesays.com\/fr\/wp-content\/uploads\/2025\/06\/infog30-juin-2025-960x640.jpg\" alt=\"De fortes chaleurs attendues d\u00e8s ce week-end et la semaine prochaine\" width=\"960\" height=\"640\"\/><br \/>\n    De fortes chaleurs attendues d\u00e8s ce week-end et la semaine prochaine (\u00a9M\u00e9t\u00e9o-France)<\/p>\n<p class=\" wall-content\">\u00ab\u00a0Le pays est dans une situation de blocage anticyclonique, explique M\u00e9t\u00e9o-France sur son site. Un d\u00f4me de chaleur se met en place sur le pays. \u00a0Il s\u2019agit d\u2019une situation m\u00e9t\u00e9orologique classique en \u00e9t\u00e9 avec de hautes pressions sur l\u2019Europe de l\u2019Ouest, formant un obstacle au passage des perturbations orageuses. L\u2019anticyclone agit comme un \u201ccouvercle\u201d fictif sous lequel la chaleur s\u2019accumule jour apr\u00e8s jour. L\u2019air tr\u00e8s chaud et sec, emprisonn\u00e9 sous un d\u00f4me de chaleur, se maintient pendant une dur\u00e9e inhabituelle\u00a0\u00bb.\u00a0<\/p>\n<p class=\" wall-content\">A l\u2019heure actuelle, une d\u00e9gradation est annonc\u00e9e pour mercredi apr\u00e8s-midi en \u00cele-de-France avec l\u2019arriv\u00e9e de nouveaux orages alors que les temp\u00e9ratures seront toujours au-dessus des 30\u00b0C.\u00a0<\/p>\n<p class=\" wall-content\">Suivez toute l\u2019actualit\u00e9 de vos villes et m\u00e9dias favoris en vous inscrivant \u00e0 <a href=\"https:\/\/moncompte.actu.fr\" title=\"D\u00e9couvez Mon Actu\" rel=\"nofollow noopener\" data-trk=\"{&quot;cta&quot;:{&quot;action&quot;:&quot;https:\\\/\\\/moncompte.actu.fr&quot;,&quot;category&quot;:&quot;mon compte&quot;,&quot;from&quot;:&quot;article footer&quot;,&quot;name&quot;:&quot;Mon actu&quot;,&quot;type&quot;:&quot;cta&quot;}}\" target=\"_blank\">Mon Actu<\/a>.<\/p>\n","protected":false},"excerpt":{"rendered":"Par R\u00e9daction Paris Publi\u00e9 le 28 juin 2025 \u00e0 6h08 Un r\u00e9pit de courte dur\u00e9e. Apr\u00e8s les orages&hellip;\n","protected":false},"author":2,"featured_media":210051,"comment_status":"","ping_status":"","sticky":false,"template":"","format":"standard","meta":{"footnotes":""},"categories":[4],"tags":[11,6698,1011,27,2487,2357,12,4594,25],"class_list":{"0":"post-210050","1":"post","2":"type-post","3":"status-publish","4":"format-standard","5":"has-post-thumbnail","7":"category-france","8":"tag-actualites","9":"tag-canicule","10":"tag-fr","11":"tag-france","12":"tag-meteo","13":"tag-meteo-france","14":"tag-news","15":"tag-orages","16":"tag-republique-francaise"},"share_on_mastodon":{"url":"https:\/\/pubeurope.com\/@fr\/114759091122668000","error":""},"_links":{"self":[{"href":"https:\/\/www.europesays.com\/fr\/wp-json\/wp\/v2\/posts\/210050","targetHints":{"allow":["GET"]}}],"collection":[{"href":"https:\/\/www.europesays.com\/fr\/wp-json\/wp\/v2\/posts"}],"about":[{"href":"https:\/\/www.europesays.com\/fr\/wp-json\/wp\/v2\/types\/post"}],"author":[{"embeddable":true,"href":"https:\/\/www.europesays.com\/fr\/wp-json\/wp\/v2\/users\/2"}],"replies":[{"embeddable":true,"href":"https:\/\/www.europesays.com\/fr\/wp-json\/wp\/v2\/comments?post=210050"}],"version-history":[{"count":0,"href":"https:\/\/www.europesays.com\/fr\/wp-json\/wp\/v2\/posts\/210050\/revisions"}],"wp:featuredmedia":[{"embeddable":true,"href":"https:\/\/www.europesays.com\/fr\/wp-json\/wp\/v2\/media\/210051"}],"wp:attachment":[{"href":"https:\/\/www.europesays.com\/fr\/wp-json\/wp\/v2\/media?parent=210050"}],"wp:term":[{"taxonomy":"category","embeddable":true,"href":"https:\/\/www.europesays.com\/fr\/wp-json\/wp\/v2\/categories?post=210050"},{"taxonomy":"post_tag","embeddable":true,"href":"https:\/\/www.europesays.com\/fr\/wp-json\/wp\/v2\/tags?post=210050"}],"curies":[{"name":"wp","href":"https:\/\/api.w.org\/{rel}","templated":true}]}}