{"id":210054,"date":"2025-06-28T04:27:22","date_gmt":"2025-06-28T04:27:22","guid":{"rendered":"https:\/\/www.europesays.com\/fr\/210054\/"},"modified":"2025-06-28T04:27:22","modified_gmt":"2025-06-28T04:27:22","slug":"un-changement-vraiment-spectaculaire-pour-bielle-biarrey","status":"publish","type":"post","link":"https:\/\/www.europesays.com\/fr\/210054\/","title":{"rendered":"\u00ab\u00a0Un changement vraiment spectaculaire pour Bielle-Biarrey\u00a0\u00bb"},"content":{"rendered":"<p>Ugo Mola, manager de Toulouse\u00a0: \u00ab\u00a0Il marche sur l&rsquo;eau\u00a0\u00bb<\/p>\n<p>Le coach toulousain, Ugo Mola, a salu\u00e9 en conf\u00e9rence de presse l&rsquo;importance de Bielle-Biarrey pour l&rsquo;UBB\u00a0: \u00ab\u00a0J&rsquo;ai lu que Bordeaux est \u00e0 80\u00a0% de victoires quand il est sur le terrain. Quand il n&rsquo;est pas l\u00e0, \u00e7a tombe \u00e0 45 %. Il marche sur l&rsquo;eau. Il est d\u00e9tonnant et incroyable d&rsquo;efficacit\u00e9. C&rsquo;est un joueur que tout le monde aimerait avoir dans son effectif. C&rsquo;est une force de plus pour Bordeaux, qui \u00e9tait un peu amoindri sur ce poste-l\u00e0 en son absence.\u00a0\u00bb<\/p>\n","protected":false},"excerpt":{"rendered":"Ugo Mola, manager de Toulouse\u00a0: \u00ab\u00a0Il marche sur l&rsquo;eau\u00a0\u00bb Le coach toulousain, Ugo Mola, a salu\u00e9 en conf\u00e9rence&hellip;\n","protected":false},"author":2,"featured_media":210055,"comment_status":"","ping_status":"","sticky":false,"template":"","format":"standard","meta":{"footnotes":""},"categories":[1416],"tags":[1011,27,479,1468,60],"class_list":{"0":"post-210054","1":"post","2":"type-post","3":"status-publish","4":"format-standard","5":"has-post-thumbnail","7":"category-rugby","8":"tag-fr","9":"tag-france","10":"tag-rugby","11":"tag-rugby-football","12":"tag-sports"},"share_on_mastodon":{"url":"https:\/\/pubeurope.com\/@fr\/114759102886361420","error":""},"_links":{"self":[{"href":"https:\/\/www.europesays.com\/fr\/wp-json\/wp\/v2\/posts\/210054","targetHints":{"allow":["GET"]}}],"collection":[{"href":"https:\/\/www.europesays.com\/fr\/wp-json\/wp\/v2\/posts"}],"about":[{"href":"https:\/\/www.europesays.com\/fr\/wp-json\/wp\/v2\/types\/post"}],"author":[{"embeddable":true,"href":"https:\/\/www.europesays.com\/fr\/wp-json\/wp\/v2\/users\/2"}],"replies":[{"embeddable":true,"href":"https:\/\/www.europesays.com\/fr\/wp-json\/wp\/v2\/comments?post=210054"}],"version-history":[{"count":0,"href":"https:\/\/www.europesays.com\/fr\/wp-json\/wp\/v2\/posts\/210054\/revisions"}],"wp:featuredmedia":[{"embeddable":true,"href":"https:\/\/www.europesays.com\/fr\/wp-json\/wp\/v2\/media\/210055"}],"wp:attachment":[{"href":"https:\/\/www.europesays.com\/fr\/wp-json\/wp\/v2\/media?parent=210054"}],"wp:term":[{"taxonomy":"category","embeddable":true,"href":"https:\/\/www.europesays.com\/fr\/wp-json\/wp\/v2\/categories?post=210054"},{"taxonomy":"post_tag","embeddable":true,"href":"https:\/\/www.europesays.com\/fr\/wp-json\/wp\/v2\/tags?post=210054"}],"curies":[{"name":"wp","href":"https:\/\/api.w.org\/{rel}","templated":true}]}}