{"id":210060,"date":"2025-06-28T04:31:15","date_gmt":"2025-06-28T04:31:15","guid":{"rendered":"https:\/\/www.europesays.com\/fr\/210060\/"},"modified":"2025-06-28T04:31:15","modified_gmt":"2025-06-28T04:31:15","slug":"psg-professionnel-aux-mains-en-or-le-kine-cedric-dupuis-est-mort-le-figaro","status":"publish","type":"post","link":"https:\/\/www.europesays.com\/fr\/210060\/","title":{"rendered":"PSG : \u00abProfessionnel aux mains en or\u00bb, le kin\u00e9 Cedric Dupuis est mort &#8211; Le Figaro"},"content":{"rendered":"<ol>\n<li><a href=\"https:\/\/news.google.com\/rss\/articles\/CBMivgFBVV95cUxOLWhKNVdCaFRNR2gwTkNhRkdwZ21NSHJ5bjFTdk0zZERDZ2V1Nmo0RTZMendBYUJvWmhqaFk4ellleXM5RGVHZVVRMDhhLTBsS1A3Xzk0YmhuM2ZBS3hfbTZfaGZwSC1feTg3UjVwWmdSVnc2Ri1EMDBJNDVCdFNfb2lBNmwtdUk2U1NHOE83WGVyR2ZpbjZ5STUxMXV5M1NUQWdwNzhaUXI5X2RBeWtZWkJkcWdNSDhGYU96Y0R3?oc=5\" target=\"_blank\" rel=\"noopener\">PSG : \u00abProfessionnel aux mains en or\u00bb, le kin\u00e9 Cedric Dupuis est mort<\/a>&nbsp;&nbsp;Le Figaro<\/li>\n<li><a href=\"https:\/\/news.google.com\/rss\/articles\/CBMiswFBVV95cUxQWW9lako5VTRUN3B3UW55Yi1WLUtoNmtQU1JjbnFoVG13ZFJfUUtGTnBVbzk1UF8tdF81LWdfaEU5TXNQRk5Pbzl2Ry1GZjh0RnBTaFplWGs1M3R4SlhvMl9UczJQbzctOS1XdWtla0UyNmE4Ty02VlFZNzNKME1SOWhYWTVwdEdqM1V2eXZNbjFSZy1YUGZyTm03UFdHZmFfWTJpVE5YS3NjMHFUbFpkcEtwZw?oc=5\" target=\"_blank\" rel=\"noopener\">Le PSG en deuil apr\u00e8s la mort de l&rsquo;un de ses kin\u00e9sith\u00e9rapeutes<\/a>&nbsp;&nbsp;L&rsquo;\u00c9quipe<\/li>\n<li><a href=\"https:\/\/news.google.com\/rss\/articles\/CBMiqgFBVV95cUxOMTVhTExxSTFvVmJKakd5MEFPckJkS2ZUVjlVUEFsMFpJTnhiNzZZOFdZSXNuUHhYZ0lxMHJFcWEtQS1rYWdlXzZmYVgyS3VPbW1taHVxVDVHSVNYY1J0TzlxYWtfb0hMZEgxVW5YX2t5QlFGUmtnS01kTmRGbVFfc0RONXNpekdTNVY4eUcyZDkydjBfcW01SjhMYk1SbHZJN2FBdU1mWWpGUdIBqAFBVV95cUxPRzczZGVZckt5TjVRelhxbExnZGs1WkJCRGNOdlFpNy1JcDdwWDJfVjVqNkd1TTk1TXhXaTY2cnBsMnUzLWZ0ZFd2V3FwQ0NfM3R2VlN3T2k4NWMzdG9ReE1LUWo3cWlRYkRkZlBmeHB0YVBSUk5RU3g5blhoMmNSVGE0ZjNncUQxTks3bGJqaWJwM1VZRFBXODc2ZDVraTNCVDVRUUI0TTY?oc=5\" target=\"_blank\" rel=\"noopener\">Le PSG touch\u00e9 par un deuil<\/a>&nbsp;&nbsp;Orange Actualit\u00e9s | Sports<\/li>\n<li><a href=\"https:\/\/news.google.com\/rss\/articles\/CBMi2wFBVV95cUxPNXRWOU05THhXTnNKcE5Rcjd3TUNFdDJ0UHpNQmZleHNoVFZ0UHpPQjNPSk5DVlFLQjFSV1p0TWg3eHZmOG1jY1VFUHBzNkhVNi1yb1Via3hvU0o3cWxITFloTWwta3VfYVlXWF9JeHM2MFVlWFlFREI3Z0o0Szc5N05nbGJVYUF0VTZVZUJQUTdVVUYxLUtTbENINGk3ZnZJOExSUTlvd2ZQTV9jVl9PWWZDRlRnMXE3RFN0LWc0LURXcWwzQkc2cGZrQTkzX0RlQjFoek1RbThsUVE?oc=5\" target=\"_blank\" rel=\"noopener\">Le PSG endeuill\u00e9 par la mort d&rsquo;un salari\u00e9 historique du club<\/a>&nbsp;&nbsp;RMC Sport<\/li>\n<li><a href=\"https:\/\/news.google.com\/rss\/articles\/CBMifEFVX3lxTE1RZEE3SlFzWTIxNXhuUHhaUG8zV1Mwc2wyQWJJMkVpLUc0clVzVGpISkh0Mzh4dmtna1IyMXkyN1RuRFY4X0dqN3JrQVhJTHVGM213ajVrSU9wcnE1Z2c0TVhwWlBMRFl4bmdJak1Qemw3OVVhOTRBXzRpZWg?oc=5\" target=\"_blank\" rel=\"noopener\">Le PSG annonce un drame !<\/a>&nbsp;&nbsp;Le10Sport<\/li>\n<\/ol>\n","protected":false},"excerpt":{"rendered":"PSG : \u00abProfessionnel aux mains en or\u00bb, le kin\u00e9 Cedric Dupuis est mort&nbsp;&nbsp;Le Figaro Le PSG en deuil&hellip;\n","protected":false},"author":2,"featured_media":210061,"comment_status":"","ping_status":"","sticky":false,"template":"","format":"standard","meta":{"footnotes":""},"categories":[1412],"tags":[525,1981,814,1451,2257,63,1452,1453,1454,1455,1011,27,3309,66,1307,955,1176,978,93,1980,60],"class_list":{"0":"post-210060","1":"post","2":"type-post","3":"status-publish","4":"format-standard","5":"has-post-thumbnail","7":"category-f1","8":"tag-calendrier","9":"tag-classement","10":"tag-direct","11":"tag-f1","12":"tag-foot","13":"tag-football","14":"tag-formula-1","15":"tag-formula1","16":"tag-formule-1","17":"tag-formule1","18":"tag-fr","19":"tag-france","20":"tag-l1","21":"tag-ligue-1","22":"tag-lille","23":"tag-match","24":"tag-olympique-de-marseille","25":"tag-olympique-lyonnais","26":"tag-psg","27":"tag-resultats","28":"tag-sports"},"share_on_mastodon":{"url":"https:\/\/pubeurope.com\/@fr\/114759118605326814","error":""},"_links":{"self":[{"href":"https:\/\/www.europesays.com\/fr\/wp-json\/wp\/v2\/posts\/210060","targetHints":{"allow":["GET"]}}],"collection":[{"href":"https:\/\/www.europesays.com\/fr\/wp-json\/wp\/v2\/posts"}],"about":[{"href":"https:\/\/www.europesays.com\/fr\/wp-json\/wp\/v2\/types\/post"}],"author":[{"embeddable":true,"href":"https:\/\/www.europesays.com\/fr\/wp-json\/wp\/v2\/users\/2"}],"replies":[{"embeddable":true,"href":"https:\/\/www.europesays.com\/fr\/wp-json\/wp\/v2\/comments?post=210060"}],"version-history":[{"count":0,"href":"https:\/\/www.europesays.com\/fr\/wp-json\/wp\/v2\/posts\/210060\/revisions"}],"wp:featuredmedia":[{"embeddable":true,"href":"https:\/\/www.europesays.com\/fr\/wp-json\/wp\/v2\/media\/210061"}],"wp:attachment":[{"href":"https:\/\/www.europesays.com\/fr\/wp-json\/wp\/v2\/media?parent=210060"}],"wp:term":[{"taxonomy":"category","embeddable":true,"href":"https:\/\/www.europesays.com\/fr\/wp-json\/wp\/v2\/categories?post=210060"},{"taxonomy":"post_tag","embeddable":true,"href":"https:\/\/www.europesays.com\/fr\/wp-json\/wp\/v2\/tags?post=210060"}],"curies":[{"name":"wp","href":"https:\/\/api.w.org\/{rel}","templated":true}]}}